{"id":369940,"date":"2025-09-06T06:01:14","date_gmt":"2025-09-06T06:01:14","guid":{"rendered":"https:\/\/www.europesays.com\/fr\/369940\/"},"modified":"2025-09-06T06:01:14","modified_gmt":"2025-09-06T06:01:14","slug":"un-nouveau-parking-a-ouvert-a-cote-de-la-gare-a-nice","status":"publish","type":"post","link":"https:\/\/www.europesays.com\/fr\/369940\/","title":{"rendered":"Un nouveau parking a ouvert \u00e0 c\u00f4t\u00e9 de la gare \u00e0 Nice"},"content":{"rendered":"<p>L\u2019\u00eelot Forez a \u00e9t\u00e9 transform\u00e9 en parking: depuis le 1er septembre 83 nouvelles places de stationnement sont d\u00e9sormais disponibles, \u00e0 proximit\u00e9 imm\u00e9diate de la gare de Saint-Laurent-du-Var, dans le cadre des travaux pr\u00e9paratoires \u00e0 l\u2019arriv\u00e9e de la ligne 4 de tramway, <a href=\"https:\/\/www.nicematin.com\/transports\/les-travaux-de-la-ligne-4-de-tramway-entre-nice-et-cagnes-vont-enfin-demarrer-la-livraison-totale-est-prevue-pour-fin-2030-961108\" rel=\"nofollow noopener\" target=\"_blank\">qui doit pointer ici le bout de son nez en 2028.<\/a><\/p>\n<p>Mais ce parking n\u2019est que provisoire. \u00ab\u00a0C\u2019est un premier pas vers le futur parc relais du tramway T4 (285 places, ouverture pr\u00e9vue en 2028), r\u00e9alis\u00e9 et financ\u00e9 par la M\u00e9tropole Nice C\u00f4te d\u2019Azur, dans le cadre du projet du tramway\u00a0\u00bb, pr\u00e9cise la Municipalit\u00e9 de Saint-Laurent. Ce sera le futur p\u00f4le multimodal compl\u00e9mentaire au r\u00e9seau de bus et de TER.<\/p>\n<p>\u00ab\u00a0Bonne nouvelle pour les usagers du train et nos riverains [&#8230;] pour soulager le stationnement autour de la gare\u00a0\u00bb, a \u00e9crit sur X le maire de Saint-Laurent, Joseph Segura.<\/p>\n<p>Un quartier transform\u00e9<\/p>\n<p>Le prix? \u00ab\u00a0Tarif jaune (moyenne dur\u00e9e) du lundi au vendredi, de 8h30\u00e0 12h et de 14h \u00e0 18h30, pr\u00e9cise la commune. Gratuit en dehors de ces horaires. Avec des abonnements sp\u00e9cifiques disponibles pour les usagers SNCF et les habitants du quartier.\u00a0\u00bb<\/p>\n<p>Ce quartier de Saint-Laurent a \u00e9t\u00e9 transform\u00e9 depuis <a href=\"https:\/\/www.nicematin.com\/urbanisme\/le-quartier-de-la-gare-de-saint-laurent-du-var-poursuit-sa-mue-une-verrue-presque-a-terre-980533\" rel=\"nofollow noopener\" target=\"_blank\">la destruction de l\u2019\u00eelot Forez<\/a> en avril 2025; la suppression de la <a href=\"https:\/\/www.nicematin.com\/vie-locale\/les-usagers-ne-comprennent-pas-l-utilite-de-retirer-de-la-passerelle-pietonne-au-profit-de-feux-tricolores-a-saint-laurent-du-var-990455\" rel=\"nofollow noopener\" target=\"_blank\">passerelle qui enjambait la route du bord de mer<\/a> \u2013 remplac\u00e9e par un passage clout\u00e9 et des feux de signalisation \u2013 et <a href=\"https:\/\/www.nicematin.com\/vie-locale\/radar-le-passage-a-50-km-h-sur-la-route-du-bord-de-mer-entre-nice-et-cagnes-sur-mer-seme-la-la-colere-les-institutions-calment-le-jeu--999165\" rel=\"nofollow noopener\" target=\"_blank\">la r\u00e9duction de la limitation de vitesse de 70km\/h \u00e0 50km\/h<\/a>. Mais la question de la dangerosit\u00e9 de cette route du bord de mer se pose plus que jamais, <a href=\"https:\/\/www.nicematin.com\/faits-divers\/a-saint-laurent-du-var-l-accident-qui-a-failli-couter-la-vie-a-une-quadragenaire-route-du-bord-de-mer-aurait-il-pu-etre-evite--1000578\" rel=\"nofollow noopener\" target=\"_blank\">puisqu\u2019une femme de 37 ans a \u00e9t\u00e9 percut\u00e9e par un automobiliste jeudi 28 ao\u00fbt, alors qu\u2019elle traversait sur un passage pi\u00e9ton.<\/a> Elle s\u2019en est miraculeusement sortie, malgr\u00e9 de multiples fractures.<\/p>\n<blockquote class=\"twitter-tweet\">\n<p lang=\"fr\" dir=\"ltr\">Bonne nouvelle pour les usagers du train et nos riverains \ud83d\udc4f :<\/p>\n<p>\ud83d\udccd 83 nouvelles places de stationnement sont d\u00e9sormais disponibles \u00e0 proximit\u00e9 imm\u00e9diate de la gare.<\/p>\n<p>\u2795 83 places pour soulager le stationnement autour de la gare. <a href=\"https:\/\/t.co\/sN6ts595Po\" rel=\"nofollow\">pic.twitter.com\/sN6ts595Po<\/a><\/p>\n<p>\u2014 Joseph SEGURA (@JosephSeguraSLV) <a href=\"https:\/\/twitter.com\/JosephSeguraSLV\/status\/1963214126055915728?ref_src=twsrc%5Etfw\" rel=\"nofollow noopener\" target=\"_blank\">September 3, 2025<\/a><\/p><\/blockquote>\n<p>Par Romain B\u00e9al \/ rbeal@nicematin.fr<\/p>\n<p>                                                                                                                                        <script async src=\"https:\/\/platform.twitter.com\/widgets.js\" charset=\"utf-8\"><\/script><\/p>\n","protected":false},"excerpt":{"rendered":"L\u2019\u00eelot Forez a \u00e9t\u00e9 transform\u00e9 en parking: depuis le 1er septembre 83 nouvelles places de stationnement sont d\u00e9sormais&hellip;\n","protected":false},"author":2,"featured_media":369941,"comment_status":"","ping_status":"","sticky":false,"template":"","format":"standard","meta":{"footnotes":""},"categories":[2819],"tags":[1111,11,1777,674,1011,27,12,2401,882,25,800],"class_list":{"0":"post-369940","1":"post","2":"type-post","3":"status-publish","4":"format-standard","5":"has-post-thumbnail","7":"category-nice","8":"tag-actu","9":"tag-actualites","10":"tag-eu","11":"tag-europe","12":"tag-fr","13":"tag-france","14":"tag-news","15":"tag-nice","16":"tag-provence-alpes-cote-dazur","17":"tag-republique-francaise","18":"tag-transports"},"share_on_mastodon":{"url":"https:\/\/pubeurope.com\/@fr\/115155834314302664","error":""},"_links":{"self":[{"href":"https:\/\/www.europesays.com\/fr\/wp-json\/wp\/v2\/posts\/369940","targetHints":{"allow":["GET"]}}],"collection":[{"href":"https:\/\/www.europesays.com\/fr\/wp-json\/wp\/v2\/posts"}],"about":[{"href":"https:\/\/www.europesays.com\/fr\/wp-json\/wp\/v2\/types\/post"}],"author":[{"embeddable":true,"href":"https:\/\/www.europesays.com\/fr\/wp-json\/wp\/v2\/users\/2"}],"replies":[{"embeddable":true,"href":"https:\/\/www.europesays.com\/fr\/wp-json\/wp\/v2\/comments?post=369940"}],"version-history":[{"count":0,"href":"https:\/\/www.europesays.com\/fr\/wp-json\/wp\/v2\/posts\/369940\/revisions"}],"wp:featuredmedia":[{"embeddable":true,"href":"https:\/\/www.europesays.com\/fr\/wp-json\/wp\/v2\/media\/369941"}],"wp:attachment":[{"href":"https:\/\/www.europesays.com\/fr\/wp-json\/wp\/v2\/media?parent=369940"}],"wp:term":[{"taxonomy":"category","embeddable":true,"href":"https:\/\/www.europesays.com\/fr\/wp-json\/wp\/v2\/categories?post=369940"},{"taxonomy":"post_tag","embeddable":true,"href":"https:\/\/www.europesays.com\/fr\/wp-json\/wp\/v2\/tags?post=369940"}],"curies":[{"name":"wp","href":"https:\/\/api.w.org\/{rel}","templated":true}]}}