{"id":369950,"date":"2025-09-06T06:06:24","date_gmt":"2025-09-06T06:06:24","guid":{"rendered":"https:\/\/www.europesays.com\/fr\/369950\/"},"modified":"2025-09-06T06:06:24","modified_gmt":"2025-09-06T06:06:24","slug":"qui-pour-concurrencer-les-mastodontes-toulouse-et-bordeaux-begles-cette-saison","status":"publish","type":"post","link":"https:\/\/www.europesays.com\/fr\/369950\/","title":{"rendered":"qui pour concurrencer les mastodontes Toulouse et Bordeaux-B\u00e8gles cette saison\u00a0?"},"content":{"rendered":"<p>                          <img loading=\"lazy\" decoding=\"async\" src=\"https:\/\/www.europesays.com\/fr\/wp-content\/uploads\/2025\/09\/6c49932_upload-1-nh4y3zcu8z37-000-647298u.jpg\" alt=\"Jack Willis, du Stade toulousain, lors de la finale du Top 14\u00a0face \u00e0 l\u2019Union Bordeaux-B\u00e8gles, le 28\u00a0juin 2025,\u00a0au Stade de France, \u00e0 Saint-Denis (Seine-Saint-Denis).\"   width=\"664\" height=\"443\"\/>    Jack Willis, du Stade toulousain, lors de la finale du Top 14\u00a0face \u00e0 l\u2019Union Bordeaux-B\u00e8gles, le 28\u00a0juin 2025,\u00a0au Stade de France, \u00e0 Saint-Denis (Seine-Saint-Denis).  MARTIN BUREAU \/ AFP                          <\/p>\n<p class=\"article__paragraph  \">Qui parviendra \u00e0 s\u2019immiscer dans le duel au sommet du rugby fran\u00e7ais\u00a0? Depuis trois ans, le Top 14 se cristallise autour de l\u2019opposition entre un champion exp\u00e9riment\u00e9, le Stade toulousain, et un pr\u00e9tendant ambitieux, l\u2019Union Bordeaux-B\u00e8gles (UBB). Fortes d\u2019un effectif riche, d\u2019une grande stabilit\u00e9 au niveau de l\u2019encadrement et d\u2019une identit\u00e9 de jeu solide, ces deux \u00e9quipes \u2013 respectivement championne de France et championne d\u2019Europe \u2013 sont \u00e0 nouveau les favorites du championnat de France, dont la saison 2025-2026\u00a0commence, samedi 6\u00a0septembre. \u00ab\u00a0Toulouse a un temps d\u2019avance sur les autres\u00a0\u00bb, a d\u00e9clar\u00e9, lundi 1er\u00a0septembre, le talonneur de La\u00a0Rochelle, Quentin Lespiaucq, lors d\u2019un point de rentr\u00e9e de la Ligue nationale de rugby, \u00e0 Paris.<\/p>\n<p>                                            Lire aussi |  Article r\u00e9serv\u00e9 \u00e0 nos abonn\u00e9s  <a href=\"https:\/\/www.lemonde.fr\/sport\/article\/2025\/06\/28\/yann-roubert-president-de-la-ligue-nationale-de-rugby-le-top-14-est-toujours-aussi-passionnant-il-n-y-a-jamais-eu-autant-de-publics-dans-les-stades_6616288_3242.html\" class=\"js-article-read-also catcher--favoris__link\" data-premium=\"1\" id=\"article-title-3429141\" rel=\"nofollow noopener\" target=\"_blank\">Yann Roubert, pr\u00e9sident de la Ligue nationale de rugby\u00a0: \u00ab\u00a0Le Top 14 est toujours aussi passionnant, il n\u2019y a jamais eu autant de public dans les stades\u00a0\u00bb<\/a>    <\/p>\n<p>   Lire plus tard  <\/p>\n<p class=\"article__paragraph  \">Derri\u00e8re ce duo, la hi\u00e9rarchie reste mouvante. Dans un championnat relev\u00e9 \u2013 et g\u00e9n\u00e9ralement consid\u00e9r\u00e9 comme le meilleur de la plan\u00e8te \u2013, plusieurs clubs fourbissent leurs armes, avec l\u2019ambition de se caler dans leur sillage. A commencer par La\u00a0Rochelle et Toulon, deux bastions du Top 14\u00a0ayant \u00e0 c\u0153ur de retrouver les premi\u00e8res places du classement.<\/p>\n<p class=\"article__paragraph  \">Le Stade rochelais est mont\u00e9 en puissance ces derni\u00e8res ann\u00e9es, remportant deux titres de champion d\u2019Europe cons\u00e9cutifs, en\u00a02022\u00a0et 2023. La saison pass\u00e9e, cependant, a r\u00e9v\u00e9l\u00e9 les limites des co\u00e9quipiers de Gr\u00e9gory Alldritt, notamment un jeu parfois trop ax\u00e9 sur la puissance du pack et un manque de vari\u00e9t\u00e9 dans l\u2019animation offensive.<\/p>\n<p class=\"article__paragraph  \">Apr\u00e8s que les Maritimes ont \u00e9chou\u00e9 \u00e0 se qualifier pour les phases finales du championnat, ils se sont renforc\u00e9s \u00e0 l\u2019intersaison. Les arriv\u00e9es du demi de m\u00eal\u00e9e Nolann Le Garrec (du Racing 92) et de l\u2019ailier g\u00e9orgien Davit Niniashvili (de Lyon) visent \u00e0 acc\u00e9l\u00e9rer le tempo et \u00e0 apporter davantage de rythme en attaque. Il appartient d\u00e9sormais aux hommes de Ronan O\u2019Gara de conjuguer densit\u00e9 physique et impr\u00e9visibilit\u00e9 pour s\u2019installer de nouveau dans le haut du tableau.<\/p>\n<p>                                       Lire aussi |  Article r\u00e9serv\u00e9 \u00e0 nos abonn\u00e9s  <a href=\"https:\/\/www.lemonde.fr\/sport\/article\/2025\/06\/28\/stade-toulousain-union-bordeaux-begles-une-finale-du-top-14-au-gout-de-revanche_6616259_3242.html\" class=\"js-article-read-also catcher--favoris__link\" data-premium=\"1\" id=\"article-title-3429078\" rel=\"nofollow noopener\" target=\"_blank\">Toulouse &#8211; Bordeaux-B\u00e8gles\u00a0: une finale au go\u00fbt de revanche, pour la supr\u00e9matie sur le rugby fran\u00e7ais<\/a>    <\/p>\n<p>   Lire plus tard  <\/p>\n<p>                          <strong>\u00ab\u00a0Un projet ne se construit pas en six mois\u00a0\u00bb<\/strong>                    <\/p>\n<p class=\"article__paragraph  \">Sur un autre littoral, le Rugby Club toulonnais (RCT) poursuit sa reconstruction, conservant le souvenir des ann\u00e9es dor\u00e9es \u2013 de 2013\u00a0\u00e0 2015 \u2013, lorsqu\u2019il fut triple champion d\u2019Europe. L\u2019\u00e9t\u00e9 y a \u00e9t\u00e9 marqu\u00e9 par de nombreux mouvements, avec 11 d\u00e9parts et sept arriv\u00e9es, dont celles de l\u2019international anglais Zach Mercer ou du prodige fran\u00e7ais Patrick Tuifua, venu du Super Rugby n\u00e9o-z\u00e9landais. \u00ab\u00a0Chaque ann\u00e9e, tout est remis \u00e0 z\u00e9ro, insiste le directeur du rugby du club varois, Pierre Mignoni. Notre exp\u00e9rience grandit, notre niveau \u00e9volue. Mais il faut repartir et poursuivre ce travail.\u00a0\u00bb A ses yeux, il n\u2019existe qu\u2019une fa\u00e7on de combler l\u2019\u00e9cart avec Toulouse et Bordeaux\u00a0: \u00ab\u00a0Tu ne les d\u00e9passes qu\u2019en les battant dans les matchs-cl\u00e9s. Pour l\u2019instant, ce n\u2019est pas encore notre cas.\u00a0\u00bb<\/p>\n<p>                                       Lire aussi |  Article r\u00e9serv\u00e9 \u00e0 nos abonn\u00e9s  <a href=\"https:\/\/www.lemonde.fr\/culture\/article\/2025\/06\/29\/l-odyssee-du-top-14-sur-canal-comment-le-rugby-francais-a-gagne-ses-galons-mediatiques_6616403_3246.html\" class=\"js-article-read-also catcher--favoris__link\" data-premium=\"1\" id=\"article-title-3428781\" rel=\"nofollow noopener\" target=\"_blank\">\u00ab\u00a0L\u2019Odyss\u00e9e du Top 14\u00a0\u00bb sur Canal+\u00a0: comment le rugby fran\u00e7ais a gagn\u00e9 ses galons m\u00e9diatiques<\/a>    <\/p>\n<p>   Lire plus tard  <\/p>\n<p class=\"article__paragraph  \">S\u2019appuyant sur des v\u00e9t\u00e9rans \u2013 comme l\u2019ex-All Black Ma\u2019a Nonu, 43\u00a0ans, et<a href=\"https:\/\/www.lemonde.fr\/sport\/article\/2025\/02\/25\/ma-a-nonu-a-toulon-le-retour-improbable-en-top-14-d-un-double-champion-du-monde-de-42-ans_6563661_3242.html\" rel=\"nofollow noopener\" target=\"_blank\"> de retour dans la rade depuis l\u2019hiver<\/a> \u2013 et de jeunes audacieux, le RCT entend continuer \u00e0 se renforcer. \u00ab\u00a0J\u2019ai choisi Toulon parce que c\u2019est un club avec des bases solides et une vraie ferveur. Honn\u00eatement, il ne manque pas grand-chose pour franchir un cap\u00a0\u00bb, assure le demi d\u2019ouverture Mateo Garcia, qui a d\u00e9barqu\u00e9 cet \u00e9t\u00e9 de Bordeaux.<\/p>\n<p class=\"article__paragraph  \">Au-del\u00e0 de ce quatuor de favoris, de nombreuses \u00e9quipes visent le top 6 (synonyme de phases finales), \u00e0 l\u2019instar de Montpellier, sacr\u00e9 champion de France en\u00a02022\u00a0et \u00e0 la peine depuis lors. En\u00a02024, le club h\u00e9raultais a altern\u00e9 coups d\u2019\u00e9clat et d\u00e9ceptions, ne parvenant pas \u00e0 se qualifier pour les phases finales. Cela n\u2019emp\u00eache pas le MHR de croire \u00e0 une nouvelle \u00e8re. \u00ab\u00a0Si je compare avec le d\u00e9but de la saison derni\u00e8re, c\u2019est le jour et la nuit. En mati\u00e8re de pr\u00e9paration et de planification, on est nettement plus pr\u00eats\u00a0\u00bb, affirme son entra\u00eeneur, Joan Caudullo.<\/p>\n<p class=\"article__paragraph  \">Cette volont\u00e9 de stabilit\u00e9 transpara\u00eet aussi dans la prolongation du grand espoir Lenni Nouchi, courtis\u00e9, entre autres, par Toulon. \u00ab\u00a0L\u2019histoire n\u2019\u00e9tait pas finie. C\u2019est le club qui m\u2019a form\u00e9 et j\u2019ai envie de d\u00e9couvrir les phases finales avec lui, explique le troisi\u00e8me-ligne. Je ne suis pas celui qui quitte le navire quand il tangue.\u00a0\u00bb De quoi r\u00e9jouir son entra\u00eeneur. \u00ab\u00a0Un projet ne se construit pas en six mois. Il faut au minimum trois ans. Ce qui nous s\u00e9pare encore de Bordeaux et Toulouse, c\u2019est la stabilit\u00e9 qu\u2019ils ont su construire\u00a0\u00bb, rel\u00e8ve Joan Caudullo.<\/p>\n<p class=\"article__paragraph  \">Tandis que la nouvelle saison du championnat de France s\u2019annonce ind\u00e9cise, l\u2019UBB et Toulouse aspirent \u00e0 se retrouver, pour la troisi\u00e8me fois d\u2019affil\u00e9e, en finale du Top 14, en juin\u00a02026. Mais, cette fois, les Girondins comptent enfin soulever le Bouclier de Brennus.<\/p>\n<p class=\"article__author-container\"> <a class=\"article__author-link\" href=\"https:\/\/www.lemonde.fr\/signataires\/malo-comor\/\" rel=\"nofollow noopener\" target=\"_blank\"> Malo Comor<\/a>  <\/p>\n<p>                  <a href=\"https:\/\/www.lemonde.fr\/syndication\/\" class=\"reuse__content\" title=\"R\u00e9utiliser ce contenu\" target=\"_blank\" rel=\"nofollow noopener\">R\u00e9utiliser ce contenu<\/a>      <\/p>\n","protected":false},"excerpt":{"rendered":"Jack Willis, du Stade toulousain, lors de la finale du Top 14\u00a0face \u00e0 l\u2019Union Bordeaux-B\u00e8gles, le 28\u00a0juin 2025,\u00a0au&hellip;\n","protected":false},"author":2,"featured_media":369951,"comment_status":"","ping_status":"","sticky":false,"template":"","format":"standard","meta":{"footnotes":""},"categories":[2817],"tags":[1111,11,1997,1777,674,1011,27,12,2219,25],"class_list":{"0":"post-369950","1":"post","2":"type-post","3":"status-publish","4":"format-standard","5":"has-post-thumbnail","7":"category-bordeaux","8":"tag-actu","9":"tag-actualites","10":"tag-bordeaux","11":"tag-eu","12":"tag-europe","13":"tag-fr","14":"tag-france","15":"tag-news","16":"tag-nouvelle-aquitaine","17":"tag-republique-francaise"},"share_on_mastodon":{"url":"https:\/\/pubeurope.com\/@fr\/115155853943487378","error":""},"_links":{"self":[{"href":"https:\/\/www.europesays.com\/fr\/wp-json\/wp\/v2\/posts\/369950","targetHints":{"allow":["GET"]}}],"collection":[{"href":"https:\/\/www.europesays.com\/fr\/wp-json\/wp\/v2\/posts"}],"about":[{"href":"https:\/\/www.europesays.com\/fr\/wp-json\/wp\/v2\/types\/post"}],"author":[{"embeddable":true,"href":"https:\/\/www.europesays.com\/fr\/wp-json\/wp\/v2\/users\/2"}],"replies":[{"embeddable":true,"href":"https:\/\/www.europesays.com\/fr\/wp-json\/wp\/v2\/comments?post=369950"}],"version-history":[{"count":0,"href":"https:\/\/www.europesays.com\/fr\/wp-json\/wp\/v2\/posts\/369950\/revisions"}],"wp:featuredmedia":[{"embeddable":true,"href":"https:\/\/www.europesays.com\/fr\/wp-json\/wp\/v2\/media\/369951"}],"wp:attachment":[{"href":"https:\/\/www.europesays.com\/fr\/wp-json\/wp\/v2\/media?parent=369950"}],"wp:term":[{"taxonomy":"category","embeddable":true,"href":"https:\/\/www.europesays.com\/fr\/wp-json\/wp\/v2\/categories?post=369950"},{"taxonomy":"post_tag","embeddable":true,"href":"https:\/\/www.europesays.com\/fr\/wp-json\/wp\/v2\/tags?post=369950"}],"curies":[{"name":"wp","href":"https:\/\/api.w.org\/{rel}","templated":true}]}}