{"id":369958,"date":"2025-09-06T06:11:10","date_gmt":"2025-09-06T06:11:10","guid":{"rendered":"https:\/\/www.europesays.com\/fr\/369958\/"},"modified":"2025-09-06T06:11:10","modified_gmt":"2025-09-06T06:11:10","slug":"les-femmes-a-lhonneur-au-pied-du-mucem","status":"publish","type":"post","link":"https:\/\/www.europesays.com\/fr\/369958\/","title":{"rendered":"les femmes \u00e0 l&rsquo;honneur au pied du Mucem"},"content":{"rendered":"<p class=\"rev-margin-0 rev-text-xs-normal\">Nich\u00e9s entre la Major, le Mucem et la Grande Bleue, les jeux du 100% f\u00e9minin de Provence font l&rsquo;unanimit\u00e9 aupr\u00e8s des joueuses.<\/p>\n<p class=\"rev-margin-0 rev-text-xs-bold\">\/ PHOTO Nicolas VALLAURI<\/p>\n<p>\u00ab\u00a0La femme est l&rsquo;avenir de l&rsquo;homme.\u00a0\u00bb Pr\u00e9sent \u00e0 <a href=\"https:\/\/www.laprovence.com\/article\/sports\/354612827651714\/petanque-le-100-feminin-de-provence-entre-fidelite-solidarite-et-partage\" target=\"_blank\" rel=\"nofollow noopener\">la conf\u00e9rence de presse<\/a> de pr\u00e9sentation de l&rsquo;\u00e9v\u00e9nement, <a href=\"https:\/\/www.laprovence.com\/article\/sports\/799981352714414\/boules-je-netais-pas-predestine-pour-ce-poste-explique-patrick-fara-nouveau-president-du-comite-13\" target=\"_blank\" rel=\"nofollow noopener\">Patrick Fara, pr\u00e9sident du Comit\u00e9 bouliste des Bouches-du-Rh\u00f4ne<\/a>, citait son presque homonyme Jean Ferrat pour vanter les qualit\u00e9s de la pratique bouliste au f\u00e9minin. Mais, concr\u00e8tement, que repr\u00e9sente-t-elle\u00a0? \u00ab\u00a0Environ 20% de nos licenci\u00e9s sont des licenci\u00e9es, confie le Directeur administratif et financier de la F\u00e9d\u00e9ration fran\u00e7aise de p\u00e9tanque et de jeu proven\u00e7al, Xavier Grande. Sur 310\u00a0000 licenci\u00e9s, environ 60\u00a0000 sont donc des femmes. La pratique f\u00e9minine est d&rsquo;ailleurs l&rsquo;une des priorit\u00e9s de la F\u00e9d\u00e9ration.\u00a0\u00bb<\/p>\n<p>La r\u00e9gion plut\u00f4t bien lotie<\/p>\n<p>Revenue et d\u00e9passant m\u00eame le niveau de ses effectifs d&rsquo;avant la crise sanitaire li\u00e9e au Covid, la FFPJP a compris que sa plus grande marge de progression en termes d&rsquo;effectifs se situe surtout chez les femmes et chez les jeunes. Paradoxalement, les concours qui leurs sont r\u00e9serv\u00e9s ne sont pas l\u00e9gion. Et m\u00eame si la tendance commence \u00e0 s&rsquo;inverser, il faudra encore de longues ann\u00e9es pour que les concours f\u00e9minins puissent rivaliser avec leurs homologues masculins.<\/p>\n<p>Pour preuve, les Nationaux d\u00e9di\u00e9s aux femmes sont class\u00e9s entre le niveau Top 300 et le Top 1000. Pour les hommes, ils vont du Top 300 au Top 4000, en fonction de leur dotation. Le 100% f\u00e9minin de Provence fait partie du haut du panier, en \u00e9tant labellis\u00e9 Top 1000 depuis son lancement l&rsquo;ann\u00e9e derni\u00e8re. Au total, seuls 7 Nationaux sont class\u00e9s Top 1000 en France. La r\u00e9gion est d&rsquo;ailleurs plut\u00f4t bien lotie. Outre le 100% f\u00e9minin de Provence, <a href=\"https:\/\/www.laprovence.com\/article\/sports\/354612827651714\/petanque-le-100-feminin-de-provence-entre-fidelite-solidarite-et-partage\" target=\"_blank\" rel=\"nofollow noopener\">la Boule Aixoise<\/a> organisera son National f\u00e9minin au mois d&rsquo;octobre qui sera \u00e9galement class\u00e9 Top 1\u00a0000.<a href=\"https:\/\/www.laprovence.com\/article\/sports\/50448931717911\/petanque-mondial-la-marseillaise-revenues-de-loin-cindy-peyrot-sandrine-poinsot-et-maelle-bertrand-remportent-le-concours-feminin\" target=\"_blank\" rel=\"nofollow noopener\"> Le Mondial La Marseillaise f\u00e9minin<\/a> est quant \u00e0 lui Top 500.<\/p>\n<p>Cerise sur le g\u00e2teau, ce week-end \u00e0 Marseille, deux concours d\u00e9partementaux, l&rsquo;un ce samedi apr\u00e8s-midi et l&rsquo;autre dimanche, compl\u00e9teront le programme pour les \u00e9quipes \u00e9limin\u00e9es pr\u00e9matur\u00e9ment de l&rsquo;\u00e9preuve principale. Les joueuses auront donc trois occasions de s&rsquo;exprimer boules en main durant le week-end.<\/p>\n<p>Esplanade du Mucem. Ce samedi &#8211; 9h30 : lancement du National triplettes (8\u00a0000\u00a0\u20ac+\u00a03TV), jusqu&rsquo;aux 8es de finale inclus. 10h-19h\u00a0: animations le Point Rose. 14h30\u00a0: d\u00e9partemental triplettes 1 (300\u20ac+\u00a0FDP, 12\u20ac par \u00e9quipe).&#13;<br \/>\nDimanche &#8211; 9h : d\u00e9partemental triplettes 2 (700\u20ac+\u00a0FDP, 12\u20ac par \u00e9quipe). 9h30\u00a0: quarts puis demi-finales du National. 15h\u00a0: finale du National.<\/p>\n","protected":false},"excerpt":{"rendered":"Nich\u00e9s entre la Major, le Mucem et la Grande Bleue, les jeux du 100% f\u00e9minin de Provence font&hellip;\n","protected":false},"author":2,"featured_media":369959,"comment_status":"","ping_status":"","sticky":false,"template":"","format":"standard","meta":{"footnotes":""},"categories":[2814],"tags":[17,1111,11,1777,674,4651,1011,27,3871,151,884,6864,12,6426,6342,882,25,60],"class_list":{"0":"post-369958","1":"post","2":"type-post","3":"status-publish","4":"format-standard","5":"has-post-thumbnail","7":"category-marseille","8":"tag-17","9":"tag-actu","10":"tag-actualites","11":"tag-eu","12":"tag-europe","13":"tag-femmes","14":"tag-fr","15":"tag-france","16":"tag-lhonneur","17":"tag-les","18":"tag-marseille","19":"tag-mucem","20":"tag-news","21":"tag-petanque","22":"tag-pied","23":"tag-provence-alpes-cote-dazur","24":"tag-republique-francaise","25":"tag-sports"},"share_on_mastodon":{"url":"https:\/\/pubeurope.com\/@fr\/115155873725178132","error":""},"_links":{"self":[{"href":"https:\/\/www.europesays.com\/fr\/wp-json\/wp\/v2\/posts\/369958","targetHints":{"allow":["GET"]}}],"collection":[{"href":"https:\/\/www.europesays.com\/fr\/wp-json\/wp\/v2\/posts"}],"about":[{"href":"https:\/\/www.europesays.com\/fr\/wp-json\/wp\/v2\/types\/post"}],"author":[{"embeddable":true,"href":"https:\/\/www.europesays.com\/fr\/wp-json\/wp\/v2\/users\/2"}],"replies":[{"embeddable":true,"href":"https:\/\/www.europesays.com\/fr\/wp-json\/wp\/v2\/comments?post=369958"}],"version-history":[{"count":0,"href":"https:\/\/www.europesays.com\/fr\/wp-json\/wp\/v2\/posts\/369958\/revisions"}],"wp:featuredmedia":[{"embeddable":true,"href":"https:\/\/www.europesays.com\/fr\/wp-json\/wp\/v2\/media\/369959"}],"wp:attachment":[{"href":"https:\/\/www.europesays.com\/fr\/wp-json\/wp\/v2\/media?parent=369958"}],"wp:term":[{"taxonomy":"category","embeddable":true,"href":"https:\/\/www.europesays.com\/fr\/wp-json\/wp\/v2\/categories?post=369958"},{"taxonomy":"post_tag","embeddable":true,"href":"https:\/\/www.europesays.com\/fr\/wp-json\/wp\/v2\/tags?post=369958"}],"curies":[{"name":"wp","href":"https:\/\/api.w.org\/{rel}","templated":true}]}}