{"id":36996,"date":"2025-04-19T17:21:18","date_gmt":"2025-04-19T17:21:18","guid":{"rendered":"https:\/\/www.europesays.com\/fr\/36996\/"},"modified":"2025-04-19T17:21:18","modified_gmt":"2025-04-19T17:21:18","slug":"emmanuel-macron-invite-les-chercheurs-dans-le-collimateur-de-donald-trump-a-choisir-la-france-liberation","status":"publish","type":"post","link":"https:\/\/www.europesays.com\/fr\/36996\/","title":{"rendered":"Emmanuel Macron invite les chercheurs dans le collimateur de Donald Trump \u00e0 \u00abchoisir la France\u00bb \u2013 Lib\u00e9ration"},"content":{"rendered":"<p class=\"sc-cPiKLX AiZTS text-element\">Emmanuel Macron a invit\u00e9 vendredi les chercheurs \u00abdu monde entier\u00bb \u00e0 \u00abchoisir la France\u00bb et l\u2019Europe, dans une tentative d\u2019attirer le secteur de la recherche am\u00e9ricain menac\u00e9 par <a href=\"https:\/\/www.liberation.fr\/international\/amerique\/frappee-au-portefeuille-luniversite-columbia-accepte-les-reformes-voulues-par-trump-20250322_BFOP3HPHARC3NKVP6HOWXUIKA4\/\" target=\"_blank\" rel=\"nofollow noopener\">la politique de Donald Trump<\/a>. \u00abIci en France, la recherche est une priorit\u00e9, l\u2019innovation une culture, la science un horizon sans limite\u00bb, a assur\u00e9 le pr\u00e9sident fran\u00e7ais sur le r\u00e9seau X. <\/p>\n<p class=\"sc-cPiKLX AiZTS text-element\">L\u2019effort financier pour accueillir des chercheurs am\u00e9ricains \u00abdoit se faire au niveau europ\u00e9en\u00bb, a compl\u00e9t\u00e9 samedi sur France Info le ministre fran\u00e7ais de la Recherche Philippe Baptiste, avant une \u00abr\u00e9union de la communaut\u00e9 europ\u00e9enne de la recherche\u00bb pr\u00e9vue le 5\u00a0mai \u00e0 Paris. La France est \u00abtr\u00e8s en pointe sur le sujet\u00bb de l\u2019accueil de chercheurs dont le travail est menac\u00e9 aux \u00c9tats-Unis \u00e0 cause de la politique de l\u2019administration Trump, a insist\u00e9 Philippe Baptiste. Il n\u2019en a pas pr\u00e9cis\u00e9 le co\u00fbt, mais a estim\u00e9 que \u00abfaire venir un chercheur de tr\u00e8s bon niveau avec sa petite \u00e9quipe autour de lui [\u2026], c\u2019est \u00e0 peu pr\u00e8s un million d\u2019euros sur trois\u00a0ans\u00bb.<\/p>\n<p class=\"sc-cPiKLX AiZTS text-element\">Jeudi, le gouvernement a lanc\u00e9 une plateforme baptis\u00e9e <a href=\"https:\/\/france2030.agencerecherche.fr\/ChooseFranceForScience-2025\/accueil.php?\" target=\"_blank\" rel=\"nofollow noopener\">\u00abChoose France for Science\u00bb<\/a>, pr\u00e9sent\u00e9e comme \u00abune premi\u00e8re \u00e9tape pour pr\u00e9parer l\u2019accueil des chercheurs internationaux\u00bb. Depuis le retour de Donald Trump \u00e0 la Maison Blanche en janvier, chercheurs et universit\u00e9s sont <a href=\"https:\/\/www.liberation.fr\/international\/amerique\/etats-unis-pourquoi-donald-trump-veut-supprimer-le-departement-de-leducation-20250320_VUSSPHOFDFHSVGI5RCTQVSSEKU\/\" target=\"_blank\" rel=\"nofollow noopener\">dans le collimateur<\/a> de son gouvernement et ont peur pour leur avenir, entre libert\u00e9s acad\u00e9miques et de recherche min\u00e9es, financements sabr\u00e9s. De plus en plus de chercheurs ou d\u2019aspirants chercheurs r\u00e9fl\u00e9chissent donc \u00e0 quitter le pays, consid\u00e9r\u00e9 jusqu\u2019ici comme le paradis de la recherche dans nombre de domaines.<\/p>\n<p class=\"sc-cPiKLX AiZTS text-element\">En France, le ministre charg\u00e9 de l\u2019Enseignement sup\u00e9rieur et de la Recherche, <a href=\"https:\/\/www.liberation.fr\/societe\/education\/un-ministre-de-lenseignement-superieur-passe-par-totalenergies-preuve-de-son-influence-dans-tous-les-champs-de-la-societe-20241225_E7XM6OVVCFFSVGNLJUXV5DSJN4\/\" target=\"_blank\" rel=\"nofollow noopener\">Philippe Baptiste<\/a>, avait demand\u00e9 d\u00e8s d\u00e9but mars aux universit\u00e9s de phosphorer \u00e0 des moyens de les accueillir. \u00abAlors que le contexte international cr\u00e9e aujourd\u2019hui les conditions d\u2019une vague de mobilit\u00e9 sans pr\u00e9c\u00e9dent parmi les chercheurs \u00e0 travers le monde, la France entend se positionner comme un lieu d\u2019accueil pour ceux qui souhaiteraient poursuivre leurs travaux en Europe, en s\u2019appuyant sur l\u2019\u00e9cosyst\u00e8me et les infrastructures de recherche de notre pays\u00bb, a ainsi affirm\u00e9 jeudi dans un communiqu\u00e9 Philippe Baptiste, avec la ministre de l\u2019Education, <a href=\"https:\/\/www.liberation.fr\/societe\/education\/carriere-professionnelle-les-eleves-doivent-se-preparer-tres-jeunes-presque-depuis-la-maternelle-affirme-elisabeth-borne-20250408_TNJMOZT72RC6BH3WSTUPFNA2OI\/\" target=\"_blank\" rel=\"nofollow noopener\">Elisabeth Borne<\/a>, et le secr\u00e9taire g\u00e9n\u00e9ral pour l\u2019investissement, <a href=\"https:\/\/www.liberation.fr\/politique\/bruno-bonnell-investi-de-la-mission-de-depenser-54-milliards-deuros-pour-linnovation-20221009_534L4RSNBJDY3AA2RT3WOEUWCE\/\" target=\"_blank\" rel=\"nofollow noopener\">Bruno Bonnell<\/a>.<\/p>\n<p class=\"sc-cPiKLX AiZTS text-element\">La plateforme qu\u2019ils mettent en ligne vise \u00e0 recenser les \u00abprojets d\u2019accueil de chercheurs internationaux pr\u00eats \u00e0 venir s\u2019installer en Europe\u00bb mont\u00e9s par les universit\u00e9s, \u00e9coles et organismes de recherche. Les th\u00e9matiques de recherche doivent porter notamment autour de la sant\u00e9, du climat et de la biodiversit\u00e9, du num\u00e9rique et de l\u2019intelligence artificielle, de l\u2019espace ou encore de l\u2019agriculture. \u00abChaque projet d\u2019accueil financ\u00e9 par les institutions avec, le cas \u00e9ch\u00e9ant les collectivit\u00e9s territoriales et le secteur priv\u00e9, pourra donner lieu \u00e0 un compl\u00e9ment de financement par l\u2019Etat via France 2030 pouvant atteindre jusqu\u2019\u00e0 50\u00a0% du montant total du projet\u00bb, ajoute le gouvernement.<\/p>\n<p class=\"sc-cPiKLX AiZTS text-element\">L\u2019universit\u00e9 d\u2019Aix-Marseille (AMU), qui avait lanc\u00e9 d\u00e8s d\u00e9but mars un appel aux chercheurs am\u00e9ricains, avait annonc\u00e9 jeudi avoir \u00abre\u00e7u 298 candidatures dont 242 \u00e9ligibles, en cours d\u2019analyse\u00bb, et que les premiers chercheurs arriveront d\u00e9but juin. AMU a initi\u00e9 le programme <a href=\"https:\/\/www.univ-amu.fr\/en\/public\/actualites\/safe-place-science-aix-marseille-universite-ready-welcome-american-scientists\" target=\"_blank\" rel=\"nofollow noopener\">\u00abSafe Place for Science\u00bb<\/a> avec pour projet d\u2019allouer une enveloppe de 600\u00a0000\u00a0\u00e0 800\u00a0000\u00a0euros par chercheur sur trois\u00a0ans.<\/p>\n<p class=\"sc-cPiKLX AiZTS text-element\">En parall\u00e8le, une proposition de loi ambitionnant de cr\u00e9er un statut sp\u00e9cifique de \u00abr\u00e9fugi\u00e9 scientifique\u00bb pour permettre d\u2019attirer en France des chercheurs am\u00e9ricains menac\u00e9s par l\u2019administration Trump a \u00e9t\u00e9 d\u00e9pos\u00e9e lundi par l\u2019ancien pr\u00e9sident fran\u00e7ais Fran\u00e7ois Hollande, redevenu d\u00e9put\u00e9.<\/p>\n<p class=\"sc-cPiKLX AiZTS text-element\"><b>Mise \u00e0 jour <\/b>samedi 19 avril avec ajout des propos de Philippe Baptiste sur France Info<\/p>\n","protected":false},"excerpt":{"rendered":"Emmanuel Macron a invit\u00e9 vendredi les chercheurs \u00abdu monde entier\u00bb \u00e0 \u00abchoisir la France\u00bb et l\u2019Europe, dans une&hellip;\n","protected":false},"author":2,"featured_media":36997,"comment_status":"","ping_status":"","sticky":false,"template":"","format":"standard","meta":{"footnotes":""},"categories":[4],"tags":[11,75,1073,1011,27,12,25,5768],"class_list":{"0":"post-36996","1":"post","2":"type-post","3":"status-publish","4":"format-standard","5":"has-post-thumbnail","7":"category-france","8":"tag-actualites","9":"tag-donald-trump","10":"tag-emmanuel-macron","11":"tag-fr","12":"tag-france","13":"tag-news","14":"tag-republique-francaise","15":"tag-universite"},"share_on_mastodon":{"url":"https:\/\/pubeurope.com\/@fr\/114365784590090519","error":""},"_links":{"self":[{"href":"https:\/\/www.europesays.com\/fr\/wp-json\/wp\/v2\/posts\/36996","targetHints":{"allow":["GET"]}}],"collection":[{"href":"https:\/\/www.europesays.com\/fr\/wp-json\/wp\/v2\/posts"}],"about":[{"href":"https:\/\/www.europesays.com\/fr\/wp-json\/wp\/v2\/types\/post"}],"author":[{"embeddable":true,"href":"https:\/\/www.europesays.com\/fr\/wp-json\/wp\/v2\/users\/2"}],"replies":[{"embeddable":true,"href":"https:\/\/www.europesays.com\/fr\/wp-json\/wp\/v2\/comments?post=36996"}],"version-history":[{"count":0,"href":"https:\/\/www.europesays.com\/fr\/wp-json\/wp\/v2\/posts\/36996\/revisions"}],"wp:featuredmedia":[{"embeddable":true,"href":"https:\/\/www.europesays.com\/fr\/wp-json\/wp\/v2\/media\/36997"}],"wp:attachment":[{"href":"https:\/\/www.europesays.com\/fr\/wp-json\/wp\/v2\/media?parent=36996"}],"wp:term":[{"taxonomy":"category","embeddable":true,"href":"https:\/\/www.europesays.com\/fr\/wp-json\/wp\/v2\/categories?post=36996"},{"taxonomy":"post_tag","embeddable":true,"href":"https:\/\/www.europesays.com\/fr\/wp-json\/wp\/v2\/tags?post=36996"}],"curies":[{"name":"wp","href":"https:\/\/api.w.org\/{rel}","templated":true}]}}