{"id":369960,"date":"2025-09-06T06:12:10","date_gmt":"2025-09-06T06:12:10","guid":{"rendered":"https:\/\/www.europesays.com\/fr\/369960\/"},"modified":"2025-09-06T06:12:10","modified_gmt":"2025-09-06T06:12:10","slug":"litineraire-sanglant-dabdelkader-dhibi-lassaillant-au-couteau-de-marseille","status":"publish","type":"post","link":"https:\/\/www.europesays.com\/fr\/369960\/","title":{"rendered":"L\u2019itin\u00e9raire sanglant d\u2019Abdelkader Dhibi, l\u2019assaillant au couteau de Marseille"},"content":{"rendered":"<p>Barbe qui lui mange le visage, haut de surv\u00eatement noir et blanc sur un pantalon gris, deux longs couteaux dans les mains, l&rsquo;homme marche \u00e0 reculons en prof\u00e9rant, \u00e0 plusieurs reprises, \u00ab\u00a0Allah akbar\u00a0\u00bb tandis que quatre policiers en civil le mettent en joue, tout en le sommant de l\u00e2cher ses armes. Il refuse d&rsquo;obtemp\u00e9rer, continue de reculer, de vocif\u00e9rer alors que les policiers se rapprochent de lui. Devant la terrasse d&rsquo;un fast-food turc sur le cours Belsunce, dans le 1er arrondissement de <a class=\"Link\" href=\"https:\/\/www.lepoint.fr\/tags\/marseille\" data-gtm=\"click:capsule\" data-capsule=\"Lien\" rel=\"nofollow noopener\" target=\"_blank\">Marseille<\/a>, il est encore plus excit\u00e9 lorsqu&rsquo;un policier le foudroie d&rsquo;une d\u00e9charge de taser avant que ses coll\u00e8gues ne le terrassent de cinq balles.<\/p>\n<p>Ainsi s&rsquo;ach\u00e8ve, ce mardi 2\u00a0septembre, sur ce trottoir d&rsquo;un quartier de Marseille, l&rsquo;itin\u00e9raire erratique, violent et chaotique d&rsquo;Abdelkader Dhibi, ressort&#8230;<\/p>\n<p>Toute l\u2019actualit\u00e9 \u00e0 1\u20ac le premier mois<\/p>\n<p><a href=\"https:\/\/abo.lepoint.fr\/?provenance=21EDI020098\" class=\"btn\" title=\"S&#039;abonner\" data-gtm=\"click:abo|display:abo\" data-campaign=\"paywall_maison\" rel=\"nofollow noopener\" target=\"_blank\">S&rsquo;abonner<\/a><\/p>\n<p>ou<\/p>\n<p>Le point du soir<\/p>\n<p class=\"period\">Tous les soirs \u00e0 partir de 18h<\/p>\n<p>Recevez l\u2019information analys\u00e9e et d\u00e9crypt\u00e9e par la r\u00e9daction du Point.<\/p>\n<p>Merci !<br \/>Votre inscription a bien \u00e9t\u00e9 prise en compte avec l&rsquo;adresse email :<\/p>\n<p>Pour d\u00e9couvrir toutes nos autres newsletters, rendez-vous ici : <a href=\"https:\/\/moncompte.lepoint.fr\/\" title=\"\" rel=\"nofollow noopener\" target=\"_blank\">MonCompte<\/a><\/p>\n<p>En vous inscrivant, vous acceptez les <a href=\"https:\/\/www.lepoint.fr\/html\/cgu\/\" title=\"Conditions g\u00e9n\u00e9rales d&#039;utilisation\" rel=\"nofollow noopener\" target=\"_blank\">conditions g\u00e9n\u00e9rales d\u2019utilisations<\/a> et notre <a href=\"https:\/\/www.lepoint.fr\/html\/politique-de-protection-donnees-personnelles\/\" title=\"Politique de confidentialit\u00e9\" rel=\"nofollow noopener\" target=\"_blank\">politique de confidentialit\u00e9<\/a>.<\/p>\n","protected":false},"excerpt":{"rendered":"Barbe qui lui mange le visage, haut de surv\u00eatement noir et blanc sur un pantalon gris, deux longs&hellip;\n","protected":false},"author":2,"featured_media":369961,"comment_status":"","ping_status":"","sticky":false,"template":"","format":"standard","meta":{"footnotes":""},"categories":[2814],"tags":[1111,11,1777,674,1011,27,884,12,882,25,2028],"class_list":{"0":"post-369960","1":"post","2":"type-post","3":"status-publish","4":"format-standard","5":"has-post-thumbnail","7":"category-marseille","8":"tag-actu","9":"tag-actualites","10":"tag-eu","11":"tag-europe","12":"tag-fr","13":"tag-france","14":"tag-marseille","15":"tag-news","16":"tag-provence-alpes-cote-dazur","17":"tag-republique-francaise","18":"tag-tunisie"},"share_on_mastodon":{"url":"https:\/\/pubeurope.com\/@fr\/115155877511826696","error":""},"_links":{"self":[{"href":"https:\/\/www.europesays.com\/fr\/wp-json\/wp\/v2\/posts\/369960","targetHints":{"allow":["GET"]}}],"collection":[{"href":"https:\/\/www.europesays.com\/fr\/wp-json\/wp\/v2\/posts"}],"about":[{"href":"https:\/\/www.europesays.com\/fr\/wp-json\/wp\/v2\/types\/post"}],"author":[{"embeddable":true,"href":"https:\/\/www.europesays.com\/fr\/wp-json\/wp\/v2\/users\/2"}],"replies":[{"embeddable":true,"href":"https:\/\/www.europesays.com\/fr\/wp-json\/wp\/v2\/comments?post=369960"}],"version-history":[{"count":0,"href":"https:\/\/www.europesays.com\/fr\/wp-json\/wp\/v2\/posts\/369960\/revisions"}],"wp:featuredmedia":[{"embeddable":true,"href":"https:\/\/www.europesays.com\/fr\/wp-json\/wp\/v2\/media\/369961"}],"wp:attachment":[{"href":"https:\/\/www.europesays.com\/fr\/wp-json\/wp\/v2\/media?parent=369960"}],"wp:term":[{"taxonomy":"category","embeddable":true,"href":"https:\/\/www.europesays.com\/fr\/wp-json\/wp\/v2\/categories?post=369960"},{"taxonomy":"post_tag","embeddable":true,"href":"https:\/\/www.europesays.com\/fr\/wp-json\/wp\/v2\/tags?post=369960"}],"curies":[{"name":"wp","href":"https:\/\/api.w.org\/{rel}","templated":true}]}}