{"id":369962,"date":"2025-09-06T06:13:10","date_gmt":"2025-09-06T06:13:10","guid":{"rendered":"https:\/\/www.europesays.com\/fr\/369962\/"},"modified":"2025-09-06T06:13:10","modified_gmt":"2025-09-06T06:13:10","slug":"apres-le-suicide-dune-directrice-decole-un-rassemblement-ce-samedi-a-lyon","status":"publish","type":"post","link":"https:\/\/www.europesays.com\/fr\/369962\/","title":{"rendered":"apr\u00e8s le suicide d\u2019une directrice d\u2019\u00e9cole, un rassemblement ce samedi \u00e0 Lyon"},"content":{"rendered":"<p>Elle \u00e9tait victime de tags, insultes et menaces homophobes, harcel\u00e9e par un corbeau depuis 2023. Caroline Grandjean, directrice d\u2019\u00e9cole dans le Cantal, s\u2019est suicid\u00e9e le jour de la rentr\u00e9e scolaire, lundi 1er \u00a0septembre.<\/p>\n<p>Pour rendre hommage \u00e0 l\u2019enseignante d\u00e9c\u00e9d\u00e9e, plusieurs organisations (Sud Education, FSU-SNUIPP, FSU, CGT \u00e9duc\u2019action, CNT, le Centre LGBTI +\u00a0Lyon, SOS homophobie et Lesbiennes contre le patriarcat) appellent \u00e0 un rassemblement ce samedi 6\u00a0septembre, \u00e0 17 heures, place de la Com\u00e9die \u00e0 Lyon. \u00ab\u00a0La lesbophobie tue et les pouvoirs publics ferment les yeux\u00a0\u00bb d\u00e9noncent-elles.<\/p>\n<p>  Une demande d\u2019enqu\u00eate administrative<\/p>\n<p>Ce mercredi, au JT de France 2, l\u2019\u00e9pouse de Caroline Grandjean <a href=\"https:\/\/www.franceinfo.fr\/societe\/homophobie\/document-francetv-je-ne-veux-pas-qu-elle-soit-partie-pour-rien-l-epouse-de-caroline-la-directrice-d-ecole-qui-a-mis-fin-a-ses-jours-apres-un-harcelement-homophobe-temoigne_7471075.html\" target=\"_blank\" rel=\"nofollow noopener\"> a vis\u00e9 l\u2019Education nationale<\/a> \u00a0: \u00ab\u00a0La hi\u00e9rarchie n\u2019a pas compris [sa] souffrance.\u00a0\u00bb<\/p>\n<p>La ministre <a href=\"https:\/\/www.leprogres.fr\/p\/elisabeth-borne\" target=\"_blank\" rel=\"nofollow noopener\">Elisabeth Borne<\/a> a demand\u00e9 une enqu\u00eate administrative.<\/p>\n<p>\u00c0 noter aussi, ce samedi, le Collectif 69 de soutien au peuple palestinien appelle \u00e0 une manifestation, \u00e0 15 heures, place Bellecour.<\/p>\n","protected":false},"excerpt":{"rendered":"Elle \u00e9tait victime de tags, insultes et menaces homophobes, harcel\u00e9e par un corbeau depuis 2023. Caroline Grandjean, directrice&hellip;\n","protected":false},"author":2,"featured_media":369963,"comment_status":"","ping_status":"","sticky":false,"template":"","format":"standard","meta":{"footnotes":""},"categories":[1889],"tags":[1111,11,2430,2757,1057,1777,674,107,1011,27,2428,2756,12,25,2429],"class_list":{"0":"post-369962","1":"post","2":"type-post","3":"status-publish","4":"format-standard","5":"has-post-thumbnail","7":"category-lyon","8":"tag-actu","9":"tag-actualites","10":"tag-auvergne-rhone-alpes","11":"tag-edition-lyon-villeurbanne","12":"tag-education","13":"tag-eu","14":"tag-europe","15":"tag-fil-info","16":"tag-fr","17":"tag-france","18":"tag-lyon","19":"tag-lyon-bassin","20":"tag-news","21":"tag-republique-francaise","22":"tag-rhone"},"share_on_mastodon":{"url":"https:\/\/pubeurope.com\/@fr\/115155881530619186","error":""},"_links":{"self":[{"href":"https:\/\/www.europesays.com\/fr\/wp-json\/wp\/v2\/posts\/369962","targetHints":{"allow":["GET"]}}],"collection":[{"href":"https:\/\/www.europesays.com\/fr\/wp-json\/wp\/v2\/posts"}],"about":[{"href":"https:\/\/www.europesays.com\/fr\/wp-json\/wp\/v2\/types\/post"}],"author":[{"embeddable":true,"href":"https:\/\/www.europesays.com\/fr\/wp-json\/wp\/v2\/users\/2"}],"replies":[{"embeddable":true,"href":"https:\/\/www.europesays.com\/fr\/wp-json\/wp\/v2\/comments?post=369962"}],"version-history":[{"count":0,"href":"https:\/\/www.europesays.com\/fr\/wp-json\/wp\/v2\/posts\/369962\/revisions"}],"wp:featuredmedia":[{"embeddable":true,"href":"https:\/\/www.europesays.com\/fr\/wp-json\/wp\/v2\/media\/369963"}],"wp:attachment":[{"href":"https:\/\/www.europesays.com\/fr\/wp-json\/wp\/v2\/media?parent=369962"}],"wp:term":[{"taxonomy":"category","embeddable":true,"href":"https:\/\/www.europesays.com\/fr\/wp-json\/wp\/v2\/categories?post=369962"},{"taxonomy":"post_tag","embeddable":true,"href":"https:\/\/www.europesays.com\/fr\/wp-json\/wp\/v2\/tags?post=369962"}],"curies":[{"name":"wp","href":"https:\/\/api.w.org\/{rel}","templated":true}]}}