{"id":369964,"date":"2025-09-06T06:14:13","date_gmt":"2025-09-06T06:14:13","guid":{"rendered":"https:\/\/www.europesays.com\/fr\/369964\/"},"modified":"2025-09-06T06:14:13","modified_gmt":"2025-09-06T06:14:13","slug":"lyon-les-depots-sauvages-pourrissent-la-vie-des-habitants-de-ce-secteur-la-ville-reagit","status":"publish","type":"post","link":"https:\/\/www.europesays.com\/fr\/369964\/","title":{"rendered":"Lyon. Les d\u00e9p\u00f4ts sauvages pourrissent la vie des habitants de ce secteur : la Ville r\u00e9agit"},"content":{"rendered":"<p>            Par<br \/>\n        <strong><br \/>\n            <a href=\"https:\/\/actu.fr\/auteur\/anthony-soudani\" title=\"Consulter tous les articles de Anthony Soudani\" rel=\"nofollow noopener\" target=\"_blank\">Anthony Soudani<\/a><br \/>\n        <\/strong><\/p>\n<p>        Publi\u00e9 le<\/p>\n<p>            6 sept. 2025 \u00e0 7h22        <\/p>\n<p>Les d\u00e9p\u00f4ts sauvages sont r\u00e9guliers \u00e0 <a href=\"https:\/\/actu.fr\/auvergne-rhone-alpes\/lyon_69123\" rel=\"nofollow noopener\" target=\"_blank\">Lyon<\/a>. Dans le 8\u1d49 arrondissement, cette pratique de laisser ses d\u00e9chets sur le trottoir a \u00e9norm\u00e9ment agac\u00e9 le maire, <a href=\"https:\/\/actu.fr\/auvergne-rhone-alpes\/lyon_69123\/lyon-cet-arrondissement-de-plus-en-plus-sale-des-personnes-sans-gene-le-maire-voit-rouge_61583158.html\" rel=\"nofollow noopener\" target=\"_blank\">Olivier Berzane, qui a d\u00e9cid\u00e9 de s\u00e9vir<\/a> et de prendre le probl\u00e8me \u00e0 bras-le-corps. D\u00e9sormais, <strong>c\u2019est dans le 3\u1d49 arrondissement que la situation se d\u00e9grade<\/strong>.\u00a0<br \/>Lors des deux pr\u00e9c\u00e9dentes semaines, notre r\u00e9daction a rep\u00e9r\u00e9 de multiples d\u00e9p\u00f4ts sauvages. Barbecue, frigo ou matelas jet\u00e9s sur le trottoir, caddies et cartons balanc\u00e9s dans la rue, v\u00eatements et chaussures d\u00e9pos\u00e9s devant des conteneurs en verre\u2026<\/p>\n<p class=\" wall-content\">\u00c0 <a href=\"https:\/\/actu.fr\/tag\/guillotiere\" rel=\"nofollow noopener\" target=\"_blank\">Guilloti\u00e8re<\/a>, Villette, <a href=\"https:\/\/actu.fr\/tag\/lyon-part-dieu\" rel=\"nofollow noopener\" target=\"_blank\">Part-Dieu<\/a> ou encore \u00e0 Montchat, certaines rues peuvent parfois rester dans de sales \u00e9tats plusieurs jours, images \u00e0 l\u2019appui.\u00a0<\/p>\n<p>    <a href=\"https:\/\/www.facebook.com\/plugins\/post.php?href=https%3A%2F%2Fwww.facebook.com%2Fpermalink.php%3Fstory_fbid%3Dpfbid026xWarNcGBUcrdAXhyyhDqM1LRc3uiNiPpgFpiNpvRT6ZH1wGpRhcMrRFawTs4S9Vl%26id%3D100069415900125&amp;show_text=true&amp;width=350\" title=\"Ouvrie le lien\" rel=\"nofollow noopener\" target=\"_blank\">Cliquez ici pour visualiser le contenu<\/a><\/p>\n<p class=\" wall-content\">C\u2019est le cas par exemple de la rue Saint-Victorien, o\u00f9 des d\u00e9p\u00f4ts sauvages sont rest\u00e9s trois \u00e0 quatre jours de suite avant d\u2019\u00eatre finalement retir\u00e9s par la M\u00e9tropole de Lyon.\u00a0<\/p>\n<p>\u00ab\u00a0La M\u00e9tropole de Lyon fait d\u2019\u00e9normes efforts\u00a0\u00bb<\/p>\n<p class=\" wall-content\">\u00ab\u00a0La M\u00e9tropole de Lyon fait d\u2019\u00e9normes efforts, notamment dans certains quartiers o\u00f9 le passage est plus intense et r\u00e9gulier que dans d\u2019autres, par exemple autour de la gare Part-Dieu ou de la place Gabriel-P\u00e9ri\u00a0\u00bb, assure Marion Sessiecq, maire \u00e9cologiste du 3\u1d49 arrondissement, interrog\u00e9e par actu Lyon.<\/p>\n<p>    <img   decoding=\"async\" loading=\"lazy\" src=\"https:\/\/www.europesays.com\/fr\/wp-content\/uploads\/2025\/09\/caddie-lyon-3-960x640.jpg\" alt=\"Un caddie avec des cartons laiss\u00e9 juste devant la mairie du 3e arrondissement de Lyon.\" width=\"960\" height=\"640\"\/><br \/>\n    Un caddie avec des cartons laiss\u00e9 devant la mairie du 3\u1d49 arrondissement de Lyon. (\u00a9A.S. \/ actu Lyon)<\/p>\n<p>Votre r\u00e9gion, votre actu !<\/p>\n<p>Recevez chaque jour les infos qui comptent pour vous.<\/p>\n<p>\t<a href=\"https:\/\/actu.fr\/newsletter\" class=\"ac-btn ac-btn--corner ac-btn--medium ac-btn--blue800\" rel=\"nofollow noopener\" target=\"_blank\">S&rsquo;incrire<\/a><\/p>\n<p class=\" wall-content\">\u00ab\u00a0Le nettoiement est tr\u00e8s important. La plateforme de signalement Toodego fonctionne tr\u00e8s bien. La M\u00e9tropole met en place des d\u00e9chetteries mobiles. Il est m\u00eame d\u00e9sormais possible d\u2019appeler pour que les services m\u00e9tropolitains viennent <a href=\"https:\/\/actu.fr\/auvergne-rhone-alpes\/lyon_69123\/lyon-cette-nouvelle-solution-de-la-metropole-veut-rendre-les-rues-plus-propres_62783044.html\" rel=\"nofollow noopener\" target=\"_blank\">enlever gratuitement<\/a> chez vous des encombrants\u00a0\u00bb, ajoute l\u2019\u00e9lue locale. \u00ab\u00a0Cette solution n\u2019est pas encore assez connue, mais elle existe de plus en plus.\u00a0\u00bb<\/p>\n<p>De lourdes amendes pour les d\u00e9p\u00f4ts sauvages<\/p>\n<p>\u2013 Pour le d\u00e9p\u00f4t de petits d\u00e9chets : de 135 \u00e0 750 euros pour les particuliers et de 675 \u00e0 3 750 euros pour les personnes morales,<br \/>\u2013 Pour le d\u00e9p\u00f4t de d\u00e9chets au moyen d\u2019un v\u00e9hicule : de 1 500 \u00e0 3 000 euros et de 7 500 \u00e0 15 000 euros en cas de r\u00e9cidive,<br \/>\u2013 Pour le d\u00e9p\u00f4t de d\u00e9chets relevant d\u2019une mise en d\u00e9chetterie ou abandonn\u00e9s par une entreprise ou \u00e0 caract\u00e8re dangereux pour l\u2019environnement : deux ann\u00e9es de prison et 75 000 euros d\u2019amende pour les particuliers, et 375 000 euros pour les personnes morales.<\/p>\n<p>Un gros souci d\u2019odeur l\u2019\u00e9t\u00e9 dernier<\/p>\n<p class=\" wall-content\">Marion Sessiecq pointe \u00e9galement du doigt certains commer\u00e7ants qui ne jouent pas le jeu, eux-m\u00eames responsables des d\u00e9p\u00f4ts sauvages. \u00ab\u00a0Maintenant, il y a des <strong>amendes tr\u00e8s lourdes<\/strong> qui peuvent d\u00e9passer 1 000 euros. Je pense que \u00e7a a bien calm\u00e9 les ardeurs de certains parce que, l\u2019\u00e9t\u00e9 dernier, il y avait eu un gros souci d\u2019odeurs.\u00a0\u00bb<\/p>\n<p>    <img   decoding=\"async\" loading=\"lazy\" src=\"https:\/\/www.europesays.com\/fr\/wp-content\/uploads\/2025\/09\/marion-sessiecq-maire-lyon-3-960x640.jpg\" alt=\"Marion Sessiecq, maire \u00e9cologiste du 3e arrondissement de Lyon.\" width=\"960\" height=\"640\"\/><br \/>\n    Marion Sessiecq, maire \u00e9cologiste du 3\u1d49 arrondissement de Lyon. (\u00a9Anthony Soudani \/ actu Lyon)<\/p>\n<p class=\" wall-content\">L\u2019\u00e9lue \u00e9cologiste rappelle par ailleurs qu\u2019il y a une v\u00e9ritable notion de <strong>civisme<\/strong> derri\u00e8re cet enjeu. \u00ab\u00a0Je vous avoue que je suis assez limit\u00e9e pour aller derri\u00e8re chaque personne et leur dire : \u2018Vous voyez bien que vous pourrissez la vie de tout le monde\u2026\u2019 Pour l\u2019heure, je pense que la majorit\u00e9 fait quand m\u00eame attention et respecte les r\u00e8gles.\u00a0\u00bb<\/p>\n<p class=\" wall-content\">Personnalisez votre actualit\u00e9 en ajoutant vos villes et m\u00e9dias en favori avec <a href=\"https:\/\/moncompte.actu.fr\" title=\"D\u00e9couvez Mon Actu\" rel=\"nofollow noopener\" data-trk=\"{&quot;cta&quot;:{&quot;action&quot;:&quot;https:\\\/\\\/moncompte.actu.fr&quot;,&quot;category&quot;:&quot;mon compte&quot;,&quot;from&quot;:&quot;article footer&quot;,&quot;name&quot;:&quot;Mon actu&quot;,&quot;type&quot;:&quot;cta&quot;}}\" target=\"_blank\">Mon Actu<\/a>.<\/p>\n","protected":false},"excerpt":{"rendered":"Par Anthony Soudani Publi\u00e9 le 6 sept. 2025 \u00e0 7h22 Les d\u00e9p\u00f4ts sauvages sont r\u00e9guliers \u00e0 Lyon. Dans&hellip;\n","protected":false},"author":2,"featured_media":369965,"comment_status":"","ping_status":"","sticky":false,"template":"","format":"standard","meta":{"footnotes":""},"categories":[1889],"tags":[1111,11,2430,3008,1777,674,1011,27,23173,2428,6178,12,25,104],"class_list":{"0":"post-369964","1":"post","2":"type-post","3":"status-publish","4":"format-standard","5":"has-post-thumbnail","7":"category-lyon","8":"tag-actu","9":"tag-actualites","10":"tag-auvergne-rhone-alpes","11":"tag-dechets","12":"tag-eu","13":"tag-europe","14":"tag-fr","15":"tag-france","16":"tag-guillotiere","17":"tag-lyon","18":"tag-lyon-part-dieu","19":"tag-news","20":"tag-republique-francaise","21":"tag-societe"},"share_on_mastodon":{"url":"https:\/\/pubeurope.com\/@fr\/115155885411160504","error":""},"_links":{"self":[{"href":"https:\/\/www.europesays.com\/fr\/wp-json\/wp\/v2\/posts\/369964","targetHints":{"allow":["GET"]}}],"collection":[{"href":"https:\/\/www.europesays.com\/fr\/wp-json\/wp\/v2\/posts"}],"about":[{"href":"https:\/\/www.europesays.com\/fr\/wp-json\/wp\/v2\/types\/post"}],"author":[{"embeddable":true,"href":"https:\/\/www.europesays.com\/fr\/wp-json\/wp\/v2\/users\/2"}],"replies":[{"embeddable":true,"href":"https:\/\/www.europesays.com\/fr\/wp-json\/wp\/v2\/comments?post=369964"}],"version-history":[{"count":0,"href":"https:\/\/www.europesays.com\/fr\/wp-json\/wp\/v2\/posts\/369964\/revisions"}],"wp:featuredmedia":[{"embeddable":true,"href":"https:\/\/www.europesays.com\/fr\/wp-json\/wp\/v2\/media\/369965"}],"wp:attachment":[{"href":"https:\/\/www.europesays.com\/fr\/wp-json\/wp\/v2\/media?parent=369964"}],"wp:term":[{"taxonomy":"category","embeddable":true,"href":"https:\/\/www.europesays.com\/fr\/wp-json\/wp\/v2\/categories?post=369964"},{"taxonomy":"post_tag","embeddable":true,"href":"https:\/\/www.europesays.com\/fr\/wp-json\/wp\/v2\/tags?post=369964"}],"curies":[{"name":"wp","href":"https:\/\/api.w.org\/{rel}","templated":true}]}}