{"id":369966,"date":"2025-09-06T06:16:11","date_gmt":"2025-09-06T06:16:11","guid":{"rendered":"https:\/\/www.europesays.com\/fr\/369966\/"},"modified":"2025-09-06T06:16:11","modified_gmt":"2025-09-06T06:16:11","slug":"bruitparif-lance-une-enquete-grandeur-nature-pour-evaluer-la-gene-sonore-reelle-des-aeroports","status":"publish","type":"post","link":"https:\/\/www.europesays.com\/fr\/369966\/","title":{"rendered":"Bruitparif lance une enqu\u00eate grandeur nature pour \u00e9valuer la g\u00eane sonore r\u00e9elle des a\u00e9roports"},"content":{"rendered":"<p>            Par<br \/>\n        <strong><br \/>\n            <a href=\"https:\/\/actu.fr\/auteur\/ines-cussac-actu-fr\" title=\"Consulter tous les articles de In\u00e8s Cussac\" target=\"_blank\" rel=\"noopener\">In\u00e8s Cussac<\/a><br \/>\n        <\/strong><\/p>\n<p>        Publi\u00e9 le<\/p>\n<p>            6 sept. 2025 \u00e0 7h14        <\/p>\n<p>Si le transport routier reste le ma\u00eetre de la pollution sonore en \u00cele-de-France, le transport a\u00e9rien le seconde avec brio. D\u2019apr\u00e8s les \u00e9tudes men\u00e9es par <a href=\"https:\/\/www.bruitparif.fr\/les-expositions-au-bruit-du-trafic-aerien\/#:~:text=M%C3%AAme%20autour%20de%20l&#039;a%C3%A9roport,du%20couvre%2Dfeu%20%C3%A0%2023h30.\" target=\"_blank\" rel=\"noopener\">Bruitparis<\/a>, <strong>plus de 2\u00a0millions de Franciliens<\/strong>, soit 17,7\u2009% de la population, seraient expos\u00e9s \u00e0 des nuisances sonores a\u00e9roportuaires exc\u00e9dant la recommandation de l\u2019OMS. Afin d\u2019\u00e9tayer ses analyses et \u00e9valuer pr\u00e9cis\u00e9ment la g\u00eane r\u00e9elle du trafic a\u00e9rien, <strong>l\u2019observatoire du bruit va mener une enqu\u00eate<\/strong> approfondie avec le soutien de l\u2019Agence nationale de s\u00e9curit\u00e9 sanitaire de l\u2019alimentation, de l\u2019environnement et du travail (Anses), selon une information du <a href=\"https:\/\/www.leparisien.fr\/yvelines-78\/autour-des-aeroports-parisiens-les-nuisances-sonores-au-coeur-dune-enquete-regionale-de-bruitparif-03-09-2025-BGT35FGVABEQPAIF57UUVBEOWY.php\" target=\"_blank\" rel=\"noopener\">Parisien<\/a>.<\/p>\n<p>Recouper les donn\u00e9es et le ressenti<\/p>\n<p class=\" wall-content\">Trois groupes <strong>d\u2019une trentaine de volontaires<\/strong> vont \u00eatre charg\u00e9s de travailler dans les secteurs de <a href=\"https:\/\/actu.fr\/tag\/aeroport-roissy-charles-de-gaulle\" target=\"_blank\" rel=\"noopener\">Roissy-Charles-de-Gaulle<\/a> (Seine-Saint-Denis) et d\u2019<a href=\"https:\/\/actu.fr\/tag\/aeroport-dorly\" target=\"_blank\" rel=\"noopener\">Orly<\/a> (Val-de-Marne) ainsi qu\u2019\u00e0 Toussus-le-Noble (Yvelines), o\u00f9 est implant\u00e9 l\u2019a\u00e9rodrome de Paris-Saclay-Versailles.<\/p>\n<p class=\" wall-content\">Les participants devront recouper les donn\u00e9es enregistr\u00e9es par les stations de Bruitparif <strong>avec le ressenti des volontaires<\/strong>. En plus d\u2019un questionnaire \u00e0 remplir, ils devront porter un dosim\u00e8tre, permettant de mesurer la dose radioactive, et tenir un livre de bord \u00e0 compl\u00e9ter trois fois par jour. Enfin, Le Parisien pr\u00e9cise aussi qu\u2019ils devront noter \u00e0 chaque instant la g\u00eane ressentie au moment du survol d\u2019un avion.<\/p>\n<p>La lente r\u00e9duction des nuisances sonores<\/p>\n<p class=\" wall-content\">Fin juillet, le groupe ADP avait annonc\u00e9 la mise en place d\u2019une mesure \u00ab\u2009historique\u2009\u00bb visant \u00e0 r\u00e9duire les nuisances sonores \u00e0 l\u2019a\u00e9roport d\u2019Orly. Celle-ci doit interdire progressivement d\u2019ici 2029 les avions les plus bruyants entre 22h et 6h. Un arr\u00eat\u00e9 publi\u00e9 le 9\u00a0juillet au <a href=\"https:\/\/www.legifrance.gouv.fr\/download\/pdf?id=9CQhByYd7iW_Q3mI1viQQ1Isrsa00QFujiQScSI_fAU=\" target=\"_blank\" rel=\"noopener\">Journal officiel<\/a> pr\u00e9voit cependant d\u2019autoriser tous les autres avions \u00e0 \u00e9voluer \u00e0 l\u2019a\u00e9roport d\u2019Orly jusqu\u2019\u00e0 23h30, comme le pr\u00e9voyaient d\u00e9j\u00e0 <strong>les horaires de couvre-feu en vigueur depuis 1968<\/strong>.<\/p>\n<p class=\" wall-content\">Plus de 250 \u00e9lus locaux et associations de riverains demandaient pourtant depuis plusieurs ann\u00e9es l\u2019arr\u00eat total de tous les vols \u00e0 23h. Avec eux, le pr\u00e9sident du S\u00e9nat <a href=\"https:\/\/actu.fr\/tag\/gerard-larcher\" target=\"_blank\" rel=\"noopener\">G\u00e9rard Larcher<\/a>, l\u2019Agence r\u00e9gionale de sant\u00e9 (ARS), la R\u00e9gion et la M\u00e9tropole du Grand Paris ou encore l\u2019Acad\u00e9mie de m\u00e9decine. Selon cette derni\u00e8re, faire cesser les vols d\u00e8s 23h est <strong>la solution la plus \u00ab\u2009efficiente\u2009\u00bb<\/strong> pour pr\u00e9server la sant\u00e9 publique.<\/p>\n<p class=\" wall-content\">Pour rappel, dans la zone de l\u2019a\u00e9roport d\u2019Orly, 736\u2009000\u00a0personnes sont concern\u00e9es par les nuisances sonores a\u00e9roportuaires exc\u00e9dant le seuil de l\u2019OMS et 274\u2009000 le seraient \u00e9galement pour la valeur recommand\u00e9e la nuit. Pr\u00e8s de Roissy, ces valeurs s\u2019\u00e9tablissent respectivement \u00e0 1,37\u00a0million et 805\u2009000\u00a0personnes durant la p\u00e9riode nocturne.<\/p>\n<p class=\" wall-content\">Personnalisez votre actualit\u00e9 en ajoutant vos villes et m\u00e9dias en favori avec <a href=\"https:\/\/moncompte.actu.fr\" title=\"D\u00e9couvez Mon Actu\" rel=\"nofollow noopener\" data-trk=\"{&quot;cta&quot;:{&quot;action&quot;:&quot;https:\\\/\\\/moncompte.actu.fr&quot;,&quot;category&quot;:&quot;mon compte&quot;,&quot;from&quot;:&quot;article footer&quot;,&quot;name&quot;:&quot;Mon actu&quot;,&quot;type&quot;:&quot;cta&quot;}}\" target=\"_blank\">Mon Actu<\/a>.<\/p>\n","protected":false},"excerpt":{"rendered":"Par In\u00e8s Cussac Publi\u00e9 le 6 sept. 2025 \u00e0 7h14 Si le transport routier reste le ma\u00eetre de&hellip;\n","protected":false},"author":2,"featured_media":369967,"comment_status":"","ping_status":"","sticky":false,"template":"","format":"standard","meta":{"footnotes":""},"categories":[1592],"tags":[1111,11,659,10045,1777,674,1011,27,662,12,626,25,104],"class_list":{"0":"post-369966","1":"post","2":"type-post","3":"status-publish","4":"format-standard","5":"has-post-thumbnail","7":"category-ile-de-france","8":"tag-actu","9":"tag-actualites","10":"tag-aeroport-dorly","11":"tag-aeroport-roissy-charles-de-gaulle","12":"tag-eu","13":"tag-europe","14":"tag-fr","15":"tag-france","16":"tag-ile-de-france","17":"tag-news","18":"tag-paris","19":"tag-republique-francaise","20":"tag-societe"},"share_on_mastodon":{"url":"https:\/\/pubeurope.com\/@fr\/115155893518685596","error":""},"_links":{"self":[{"href":"https:\/\/www.europesays.com\/fr\/wp-json\/wp\/v2\/posts\/369966","targetHints":{"allow":["GET"]}}],"collection":[{"href":"https:\/\/www.europesays.com\/fr\/wp-json\/wp\/v2\/posts"}],"about":[{"href":"https:\/\/www.europesays.com\/fr\/wp-json\/wp\/v2\/types\/post"}],"author":[{"embeddable":true,"href":"https:\/\/www.europesays.com\/fr\/wp-json\/wp\/v2\/users\/2"}],"replies":[{"embeddable":true,"href":"https:\/\/www.europesays.com\/fr\/wp-json\/wp\/v2\/comments?post=369966"}],"version-history":[{"count":0,"href":"https:\/\/www.europesays.com\/fr\/wp-json\/wp\/v2\/posts\/369966\/revisions"}],"wp:featuredmedia":[{"embeddable":true,"href":"https:\/\/www.europesays.com\/fr\/wp-json\/wp\/v2\/media\/369967"}],"wp:attachment":[{"href":"https:\/\/www.europesays.com\/fr\/wp-json\/wp\/v2\/media?parent=369966"}],"wp:term":[{"taxonomy":"category","embeddable":true,"href":"https:\/\/www.europesays.com\/fr\/wp-json\/wp\/v2\/categories?post=369966"},{"taxonomy":"post_tag","embeddable":true,"href":"https:\/\/www.europesays.com\/fr\/wp-json\/wp\/v2\/tags?post=369966"}],"curies":[{"name":"wp","href":"https:\/\/api.w.org\/{rel}","templated":true}]}}