{"id":369970,"date":"2025-09-06T06:18:11","date_gmt":"2025-09-06T06:18:11","guid":{"rendered":"https:\/\/www.europesays.com\/fr\/369970\/"},"modified":"2025-09-06T06:18:11","modified_gmt":"2025-09-06T06:18:11","slug":"le-parquet-de-paris-dement-tout-vice-de-procedure-dans-la-remise-en-liberte-dun-de-ses-complices-presumes","status":"publish","type":"post","link":"https:\/\/www.europesays.com\/fr\/369970\/","title":{"rendered":"le parquet de Paris d\u00e9ment tout vice de proc\u00e9dure dans la remise en libert\u00e9 d&rsquo;un de ses complices pr\u00e9sum\u00e9s"},"content":{"rendered":"<p class=\"mb-4 text-lg md:leading-8 break-words\">Le parquet de Paris a indiqu\u00e9 ce samdi 6 septembre dans un communiqu\u00e9 que la remise en libert\u00e9 d&rsquo;un homme soup\u00e7onn\u00e9 d&rsquo;avoir aid\u00e9 le narcotrafiquant <a href=\"https:\/\/fr.news.yahoo.com\/lun-coorganisateurs-pr%C3%A9sum%C3%A9s-fuite-mohamed-183935327.html\" data-ylk=\"slk:Mohamed Amra;elm:context_link;itc:0;sec:content-canvas;outcm:mb_qualified_link;_E:mb_qualified_link;ct:story;\" class=\"link  yahoo-link\" target=\"_blank\" rel=\"noopener\">Mohamed Amra<\/a> \u00e0 s&rsquo;enfuir de la France vers la Roumanie n\u2019\u00e9tait \u00ab\u00a0aucunement li\u00e9e \u00e0 un vice de proc\u00e9dure\u00a0\u00bb.<\/p>\n<p class=\"mb-4 text-lg md:leading-8 break-words\">\u00ab\u00a0L\u2019int\u00e9ress\u00e9 est mis en examen des chefs de participation \u00e0 une association de malfaiteurs en vue de la pr\u00e9paration d&rsquo;un d\u00e9lit puni de cinq ans d&#8217;emprisonnement et soustraction habituelle de criminel \u00e0 l\u2019arrestation ou aux recherches, soit deux d\u00e9lits punis d\u2019une peine de cinq ans d&#8217;emprisonnement\u00a0\u00bb, rappelle le parquet.<\/p>\n<p>Toujours sous contr\u00f4le judiciaire<\/p>\n<p class=\"mb-4 text-lg md:leading-8 break-words\">Toujours selon le parquet de Paris, les ant\u00e9c\u00e9dents judiciaires de l&rsquo;int\u00e9ress\u00e9 ne permettaient pas de prolonger la mise en d\u00e9tention provisoire. \u00ab\u00a0D\u00e8s lors, cette mesure a pris fin \u00e0 l\u2019issue du d\u00e9lai l\u00e9gal de 4 mois pr\u00e9vu au premier alin\u00e9a de l\u2019article 145-1 du code de proc\u00e9dure p\u00e9nale\u00a0\u00bb, indique-t-il.<\/p>\n<p class=\"mb-4 text-lg md:leading-8 break-words\">Selon les informations de BFMTV, si le suspect est libre, il reste sous contr\u00f4le judiciaire avec par exemple, une obligation de rester en \u00cele-de-France ou encore de pointer trois fois par semaine au commissariat.<\/p>\n<p class=\"mb-4 text-lg md:leading-8 break-words\">L&rsquo;un des coorganisateurs pr\u00e9sum\u00e9s de la fuite du narcotrafiquant <b><a href=\"https:\/\/fr.news.yahoo.com\/disolement-promenade-groupe-quelles-conditions-072711118.html\" data-ylk=\"slk:Mohamed Amra;elm:context_link;itc:0;sec:content-canvas;outcm:mb_qualified_link;_E:mb_qualified_link;ct:story;\" class=\"link  yahoo-link\" target=\"_blank\" rel=\"noopener\">Mohamed Amra<\/a><\/b> de la France vers la Roumanie a \u00e9t\u00e9 en remis en libert\u00e9 sous contr\u00f4le judiciaire vendredi 5 septembre. Au moins 42 personnes sont mises en examen dans ce dossier, dont 29 en d\u00e9tention provisoire.<\/p>\n<p class=\"mb-4 text-lg md:leading-8 break-words\"><a href=\"https:\/\/www.bfmtv.com\/police-justice\/affaire-mohamed-amra-le-parquet-de-paris-dement-tout-vice-de-procedure-dans-la-remise-en-liberte-d-un-des-complices-presumes-du-narcotrafiquant_AN-202509060074.html#xtor=AL-68\" rel=\"nofollow noopener\" target=\"_blank\" data-ylk=\"slk:Article original publi\u00e9 sur BFMTV.com;elm:context_link;itc:0;sec:content-canvas\" class=\"link \">Article original publi\u00e9 sur BFMTV.com<\/a><\/p>\n","protected":false},"excerpt":{"rendered":"Le parquet de Paris a indiqu\u00e9 ce samdi 6 septembre dans un communiqu\u00e9 que la remise en libert\u00e9&hellip;\n","protected":false},"author":2,"featured_media":369971,"comment_status":"","ping_status":"","sticky":false,"template":"","format":"standard","meta":{"footnotes":""},"categories":[1888],"tags":[1111,1928,11,1927,5815,50424,20389,5816,1777,674,1011,27,805,12,1926,626,1925,25,20066],"class_list":{"0":"post-369970","1":"post","2":"type-post","3":"status-publish","4":"format-standard","5":"has-post-thumbnail","7":"category-paris","8":"tag-actu","9":"tag-actu-paris","10":"tag-actualites","11":"tag-actualites-paris","12":"tag-association-de-malfaiteurs","13":"tag-code-de-procedure-penale","14":"tag-controle-judiciaire","15":"tag-detention-provisoire","16":"tag-eu","17":"tag-europe","18":"tag-fr","19":"tag-france","20":"tag-mohamed-amra","21":"tag-news","22":"tag-news-paris","23":"tag-paris","24":"tag-paris-news","25":"tag-republique-francaise","26":"tag-vice-de-procedure"},"share_on_mastodon":{"url":"https:\/\/pubeurope.com\/@fr\/115155901120264847","error":""},"_links":{"self":[{"href":"https:\/\/www.europesays.com\/fr\/wp-json\/wp\/v2\/posts\/369970","targetHints":{"allow":["GET"]}}],"collection":[{"href":"https:\/\/www.europesays.com\/fr\/wp-json\/wp\/v2\/posts"}],"about":[{"href":"https:\/\/www.europesays.com\/fr\/wp-json\/wp\/v2\/types\/post"}],"author":[{"embeddable":true,"href":"https:\/\/www.europesays.com\/fr\/wp-json\/wp\/v2\/users\/2"}],"replies":[{"embeddable":true,"href":"https:\/\/www.europesays.com\/fr\/wp-json\/wp\/v2\/comments?post=369970"}],"version-history":[{"count":0,"href":"https:\/\/www.europesays.com\/fr\/wp-json\/wp\/v2\/posts\/369970\/revisions"}],"wp:featuredmedia":[{"embeddable":true,"href":"https:\/\/www.europesays.com\/fr\/wp-json\/wp\/v2\/media\/369971"}],"wp:attachment":[{"href":"https:\/\/www.europesays.com\/fr\/wp-json\/wp\/v2\/media?parent=369970"}],"wp:term":[{"taxonomy":"category","embeddable":true,"href":"https:\/\/www.europesays.com\/fr\/wp-json\/wp\/v2\/categories?post=369970"},{"taxonomy":"post_tag","embeddable":true,"href":"https:\/\/www.europesays.com\/fr\/wp-json\/wp\/v2\/tags?post=369970"}],"curies":[{"name":"wp","href":"https:\/\/api.w.org\/{rel}","templated":true}]}}