{"id":369974,"date":"2025-09-06T06:20:11","date_gmt":"2025-09-06T06:20:11","guid":{"rendered":"https:\/\/www.europesays.com\/fr\/369974\/"},"modified":"2025-09-06T06:20:11","modified_gmt":"2025-09-06T06:20:11","slug":"cette-contrainte-inattendue-pour-le-choix","status":"publish","type":"post","link":"https:\/\/www.europesays.com\/fr\/369974\/","title":{"rendered":"cette contrainte inattendue pour le choix"},"content":{"rendered":"<p>            Par<br \/>\n        <strong><br \/>\n            <a href=\"https:\/\/actu.fr\/auteur\/thomas-martin\" title=\"Consulter tous les articles de Thomas Martin\" target=\"_blank\" rel=\"noopener\">Thomas Martin<\/a><br \/>\n        <\/strong><\/p>\n<p>        Publi\u00e9 le<\/p>\n<p>            6 sept. 2025 \u00e0 8h09        <\/p>\n<p>R\u00e9parer une injustice. La <a href=\"https:\/\/actu.fr\/tag\/mairie-de-paris\" target=\"_blank\" rel=\"noopener\">mairie de Paris<\/a> souhaite parer la <a href=\"https:\/\/actu.fr\/tag\/tour-eiffel\" target=\"_blank\" rel=\"noopener\">tour Eiffel<\/a> d\u2019une frise de 72 noms de femmes scientifiques, aux c\u00f4t\u00e9s des <a href=\"https:\/\/actu.fr\/ile-de-france\/paris_75056\/quels-sont-les-noms-inscrits-sur-la-tour-eiffel-a-paris-et-comment-ont-ils-ete-choisis_47747467.html\" target=\"_blank\" rel=\"noopener\">72 noms de savants<\/a>, uniquement masculins, que Gustave Eiffel avait fait inscrire sur la Dame de fer il y a plus de 130 ans. \u00ab\u00a0L\u2019ambition est de rendre visible la contribution historique des femmes aux sciences et technologies\u00a0\u00bb sur le monument embl\u00e9matique de la capitale, propri\u00e9t\u00e9 de la municipalit\u00e9, explique la commission d\u2019experts charg\u00e9e de d\u00e9finir une feuille de route pour ce projet, qui a rendu vendredi ses conclusions \u00e0 la maire socialiste Anne Hidalgo.<\/p>\n<p>Des noms effac\u00e9s pendant des ann\u00e9es<\/p>\n<p class=\" wall-content\">Cet hommage rem\u00e9dierait \u00e0 \u00ab\u00a0l\u2019effet Matilda\u00a0\u00bb, \u00e0 savoir la minimisation syst\u00e9matique de l\u2019apport des femmes \u00e0 la recherche scientifique, d\u00e9taille cette commission pr\u00e9sid\u00e9e par l\u2019astrophysicienne Isabelle Vauglin, vice-pr\u00e9sidente de l\u2019association Femmes &amp; Sciences, et le pr\u00e9sident de la soci\u00e9t\u00e9 d\u2019exploitation de la tour Eiffel (Sete) Jean-Fran\u00e7ois Martins. \u00a0<\/p>\n<p class=\" wall-content\">Lors de l\u2019\u00e9dification du monument en 1889, l\u2019ing\u00e9nieur Gustave Eiffel avait fait inscrire, sur la grande frise du premier \u00e9tage, le nom de 72 des plus grands savants fran\u00e7ais ayant marqu\u00e9 l\u2019histoire depuis la R\u00e9volution.<\/p>\n<p class=\" wall-content\">Ces noms, alors peints en lettres d\u2019or de 60 centim\u00e8tres de haut, ont disparu pendant plusieurs d\u00e9cennies au cours d\u2019une campagne de peinture, pour \u00eatre \u00e0 nouveaux inscrits en relief en 1989.<\/p>\n<p class=\" wall-content\">Parmi eux : les chimistes Lavoisier et Chaptal, l\u2019industriel Schneider, les astronomes Arago et Laplace, le physicien Amp\u00e8re, le naturaliste Cuvier, l\u2019inventeur de la photographie Daguerre\u2026 et aucun nom f\u00e9minin, alors qu\u2019\u00e0 l\u2019\u00e9poque les travaux de femmes scientifiques, comme ceux de la math\u00e9maticienne Sophie Germain, \u00e9taient d\u00e9j\u00e0 reconnus, soulignent les experts.<\/p>\n<p>Comment seront choisis les noms des femmes savantes ?\u00a0<\/p>\n<p class=\" wall-content\">Une liste de noms sera propos\u00e9e avant la fin de l\u2019ann\u00e9e 2025 \u00e0 l\u2019\u00e9dile socialiste, qui validera la liste d\u00e9finitive. La commission veut limiter le choix aux \u00ab\u00a0femmes expertes \u00e9m\u00e9rites ayant v\u00e9cu entre 1789 et nos jours\u00a0\u00bb, aujourd\u2019hui d\u00e9c\u00e9d\u00e9es et principalement de nationalit\u00e9 fran\u00e7aise.<\/p>\n<p class=\" wall-content\">Pour respecter la parit\u00e9, elle propose d\u2019installer les 72 noms de femmes en surplomb de la frise existante des 72 hommes, sur le pourtour ext\u00e9rieur du premier \u00e9tage, dans le respect des choix esth\u00e9tiques de Gustave Eiffel.\u00a0<\/p>\n<p>Votre r\u00e9gion, votre actu !<\/p>\n<p>Recevez chaque jour les infos qui comptent pour vous.<\/p>\n<p>\t<a href=\"https:\/\/actu.fr\/newsletter\" class=\"ac-btn ac-btn--corner ac-btn--medium ac-btn--blue800\" target=\"_blank\" rel=\"noopener\">S&rsquo;incrire<\/a><\/p>\n<p class=\" wall-content\">Une contrainte s\u2019imposera d\u2019elle-m\u00eame : la longueur des noms. On sait peu de choses sur la mani\u00e8re dont ceux des hommes ont \u00e9t\u00e9 choisis. On sait en revanche que certains ont \u00e9t\u00e9 refus\u00e9s pour cause de nom trop long. Compte tenu de la place disponible, chacun ne pouvait en effet comporter plus de douze lettres (Lechatellier), en omettant les pr\u00e9noms.\u00a0\u00a0Charles et Henri Sainte-Claire Deville, Jean-Baptiste Boussingault, Henri Milne-Edwards et Jean Louis Armand de Quatrefages de Br\u00e9au ont ainsi \u00e9chapp\u00e9 \u00e0 la post\u00e9rit\u00e9.<\/p>\n<p class=\" wall-content\"><strong>Avec AFP<\/strong><\/p>\n<p class=\" wall-content\">Personnalisez votre actualit\u00e9 en ajoutant vos villes et m\u00e9dias en favori avec <a href=\"https:\/\/moncompte.actu.fr\" title=\"D\u00e9couvez Mon Actu\" rel=\"nofollow noopener\" data-trk=\"{&quot;cta&quot;:{&quot;action&quot;:&quot;https:\\\/\\\/moncompte.actu.fr&quot;,&quot;category&quot;:&quot;mon compte&quot;,&quot;from&quot;:&quot;article footer&quot;,&quot;name&quot;:&quot;Mon actu&quot;,&quot;type&quot;:&quot;cta&quot;}}\" target=\"_blank\">Mon Actu<\/a>.<\/p>\n","protected":false},"excerpt":{"rendered":"Par Thomas Martin Publi\u00e9 le 6 sept. 2025 \u00e0 8h09 R\u00e9parer une injustice. La mairie de Paris souhaite&hellip;\n","protected":false},"author":2,"featured_media":369975,"comment_status":"","ping_status":"","sticky":false,"template":"","format":"standard","meta":{"footnotes":""},"categories":[1888],"tags":[11,2618,1777,674,1011,27,2381,12,626,25,104,7184],"class_list":{"0":"post-369974","1":"post","2":"type-post","3":"status-publish","4":"format-standard","5":"has-post-thumbnail","7":"category-paris","8":"tag-actualites","9":"tag-anne-hidalgo","10":"tag-eu","11":"tag-europe","12":"tag-fr","13":"tag-france","14":"tag-mairie-de-paris","15":"tag-news","16":"tag-paris","17":"tag-republique-francaise","18":"tag-societe","19":"tag-tour-eiffel"},"share_on_mastodon":{"url":"https:\/\/pubeurope.com\/@fr\/115155909078173346","error":""},"_links":{"self":[{"href":"https:\/\/www.europesays.com\/fr\/wp-json\/wp\/v2\/posts\/369974","targetHints":{"allow":["GET"]}}],"collection":[{"href":"https:\/\/www.europesays.com\/fr\/wp-json\/wp\/v2\/posts"}],"about":[{"href":"https:\/\/www.europesays.com\/fr\/wp-json\/wp\/v2\/types\/post"}],"author":[{"embeddable":true,"href":"https:\/\/www.europesays.com\/fr\/wp-json\/wp\/v2\/users\/2"}],"replies":[{"embeddable":true,"href":"https:\/\/www.europesays.com\/fr\/wp-json\/wp\/v2\/comments?post=369974"}],"version-history":[{"count":0,"href":"https:\/\/www.europesays.com\/fr\/wp-json\/wp\/v2\/posts\/369974\/revisions"}],"wp:featuredmedia":[{"embeddable":true,"href":"https:\/\/www.europesays.com\/fr\/wp-json\/wp\/v2\/media\/369975"}],"wp:attachment":[{"href":"https:\/\/www.europesays.com\/fr\/wp-json\/wp\/v2\/media?parent=369974"}],"wp:term":[{"taxonomy":"category","embeddable":true,"href":"https:\/\/www.europesays.com\/fr\/wp-json\/wp\/v2\/categories?post=369974"},{"taxonomy":"post_tag","embeddable":true,"href":"https:\/\/www.europesays.com\/fr\/wp-json\/wp\/v2\/tags?post=369974"}],"curies":[{"name":"wp","href":"https:\/\/api.w.org\/{rel}","templated":true}]}}