{"id":369978,"date":"2025-09-06T06:22:11","date_gmt":"2025-09-06T06:22:11","guid":{"rendered":"https:\/\/www.europesays.com\/fr\/369978\/"},"modified":"2025-09-06T06:22:11","modified_gmt":"2025-09-06T06:22:11","slug":"dans-la-guerre-en-ukraine-le-plus-isole-diplomatiquement-cest-donald-trump-analyse-ce-chercheur","status":"publish","type":"post","link":"https:\/\/www.europesays.com\/fr\/369978\/","title":{"rendered":"\u201cDans la guerre en Ukraine, le plus isol\u00e9 diplomatiquement c\u2019est Donald Trump\u201d, analyse ce chercheur"},"content":{"rendered":"<p>C\u2019est la priorit\u00e9 de l\u2019Union europ\u00e9enne en cette rentr\u00e9e\u00a0: la guerre en Ukraine. Emmanuel Macron a r\u00e9uni jeudi la coalition des volontaires, une trentaine de pays notamment europ\u00e9ens, qui continuent \u00e0 soutenir l\u2019Ukraine depuis le d\u00e9sengagement am\u00e9ricain. 26 pays se sont engag\u00e9s \u00e0 apporter des forces pour garantir la s\u00e9curit\u00e9 de l\u2019Ukraine en cas de cessez-le-feu, \u00ab\u00a0sur terre, en mer ou dans les airs\u00a0\u00bb. Mais ces garanties de s\u00e9curit\u00e9 et cette pr\u00e9sence future de forces europ\u00e9ennes pour une paix \u00e0 venir, ne permettent pas de faire avancer les n\u00e9gociations entre la Russie et l\u2019Ukraine pour stopper le conflit, sujet sur lequel Donald Trump \u00e9choue depuis des mois.\u202f<\/p>\n<p>\u00ab\u00a0Donald Trump n\u2019obtient rien de Vladimir Poutine\u00a0\u00bb<\/p>\n<p>\u00ab\u00a0Dans cette guerre en Ukraine, le plus isol\u00e9 diplomatiquement, c\u2019est Donald Trump\u00a0\u00bb, estime Sylvain Kahn, chercheur historien sp\u00e9cialiste de l\u2019Europe, membre du Centre d\u2019Histoire de Sciences Po. \u00ab\u00a0On l\u2019a vu tout au long de l\u2019\u00e9t\u00e9, \u00e0 chaque fois que Donald Trump pense pouvoir dire quelque chose \u00e0 Vladimir Poutine, il ne se passe rien.\u00a0\u00bb Au mois d\u2019ao\u00fbt dernier, le pr\u00e9sident am\u00e9ricain avait re\u00e7u en grande pompe en Alaska son homologue russe pour un sommet sur la paix. Un \u00e9v\u00e9nement sold\u00e9 sans grandes avanc\u00e9es concr\u00e8tes. \u00ab\u00a0Donald Trump n\u2019obtient rien. Toutes les id\u00e9es qu\u2019il essaye de communiquer \u00e0 Vladimir Poutine ne sont pas retenues. Et pendant ce temps, l\u2019ensemble des alli\u00e9s de l\u2019Ukraine s\u2019organisent, que ce soient les Europ\u00e9ens, mais aussi les Canadiens, les Australiens, les Japonais, le Royaume-Uni\u2026 Certes les Am\u00e9ricains ont l\u00e2ch\u00e9 les Europ\u00e9ens en Ukraine mais l\u2019ensemble des alli\u00e9s de l\u2019Ukraine continue \u00e0 soutenir ce pays et \u00e0 sanctionner la Russie.\u00a0\u00bb<\/p>\n<p><b>\u00ab\u00a0Au contraire, Vladimir Poutine en profite pour intensifier les frappes russes sur l\u2019Ukraine\u00a0\u00bb<\/b><\/p>\n<p>Christophe Pr\u00e9ault, le directeur du site d\u2019information Toute l\u2019Europe est tout aussi critique sur la strat\u00e9gie de Donald Trump pour obtenir la paix \u00ab\u00a0Le pr\u00e9sident am\u00e9ricain a multipli\u00e9 les r\u00e9unions cet \u00e9t\u00e9 mais \u00e7a n\u2019a rien donn\u00e9. Au contraire, Vladimir Poutine a m\u00eame intensifi\u00e9 les frappes russes en Ukraine et a endommag\u00e9 les b\u00e2timents diplomatiques de la d\u00e9l\u00e9gation europ\u00e9enne dans le pays. On voit bien que l\u2019action dite des \u00c9tats-Unis aupr\u00e8s de la Russie pour essayer d\u2019obtenir un cessez-le-feu n\u2019avance pas et au contraire, la strat\u00e9gie de Poutine, c\u2019est profitons-en, avan\u00e7ons et je donne des le\u00e7ons aussi \u00e0 ceux qui voudraient un petit peu me dire ce que je dois faire.\u00a0\u00bb<\/p>\n<p><b>\u00ab\u00a0L\u2019Union europ\u00e9enne peut faire beaucoup mieux dans son soutien militaire actuel \u00e0 l\u2019Ukraine\u00a0\u00bb<\/b><\/p>\n<p>Sans les Am\u00e9ricains, l\u2019Union europ\u00e9enne pourrait-elle aller plus loin dans son soutien \u00e0 l\u2019Ukraine\u00a0? La r\u00e9ponse est oui, pour le chercheur Sylvain Kahn. \u00ab\u00a0Les Europ\u00e9ens peuvent faire beaucoup mieux dans ce soutien militaire mais pour \u00e7a il faut le vouloir et il faut organiser des d\u00e9bats dans les Parlements nationaux des 27 Etats-membres. Ce qui est remarquable, c\u2019est que toutes les enqu\u00eates d\u2019opinion depuis le mois de f\u00e9vrier\u00a02022 montrent qu\u2019il y a une constance dans les opinions publiques pour continuer \u00e0 soutenir la politique de soutien \u00e0 l\u2019Ukraine et la politique de sanctions \u00e0 la Russie. Il faut qu\u2019on fasse beaucoup mieux car pour l\u2019instant, ce soutien \u00e0 l\u2019Ukraine permet aux Ukrainiens de contenir l\u2019agression et l\u2019invasion russe au prix de dizaines et maintenant de centaines de milliers de morts, mais ne permet pas de gagner aux Ukrainiens de gagner la guerre.\u00a0\u00bb<\/p>\n","protected":false},"excerpt":{"rendered":"C\u2019est la priorit\u00e9 de l\u2019Union europ\u00e9enne en cette rentr\u00e9e\u00a0: la guerre en Ukraine. Emmanuel Macron a r\u00e9uni jeudi&hellip;\n","protected":false},"author":2,"featured_media":369979,"comment_status":"","ping_status":"","sticky":false,"template":"","format":"standard","meta":{"footnotes":""},"categories":[1590],"tags":[11,1777,674,12,220],"class_list":{"0":"post-369978","1":"post","2":"type-post","3":"status-publish","4":"format-standard","5":"has-post-thumbnail","7":"category-ukraine","8":"tag-actualites","9":"tag-eu","10":"tag-europe","11":"tag-news","12":"tag-ukraine"},"share_on_mastodon":{"url":"https:\/\/pubeurope.com\/@fr\/115155916800804412","error":""},"_links":{"self":[{"href":"https:\/\/www.europesays.com\/fr\/wp-json\/wp\/v2\/posts\/369978","targetHints":{"allow":["GET"]}}],"collection":[{"href":"https:\/\/www.europesays.com\/fr\/wp-json\/wp\/v2\/posts"}],"about":[{"href":"https:\/\/www.europesays.com\/fr\/wp-json\/wp\/v2\/types\/post"}],"author":[{"embeddable":true,"href":"https:\/\/www.europesays.com\/fr\/wp-json\/wp\/v2\/users\/2"}],"replies":[{"embeddable":true,"href":"https:\/\/www.europesays.com\/fr\/wp-json\/wp\/v2\/comments?post=369978"}],"version-history":[{"count":0,"href":"https:\/\/www.europesays.com\/fr\/wp-json\/wp\/v2\/posts\/369978\/revisions"}],"wp:featuredmedia":[{"embeddable":true,"href":"https:\/\/www.europesays.com\/fr\/wp-json\/wp\/v2\/media\/369979"}],"wp:attachment":[{"href":"https:\/\/www.europesays.com\/fr\/wp-json\/wp\/v2\/media?parent=369978"}],"wp:term":[{"taxonomy":"category","embeddable":true,"href":"https:\/\/www.europesays.com\/fr\/wp-json\/wp\/v2\/categories?post=369978"},{"taxonomy":"post_tag","embeddable":true,"href":"https:\/\/www.europesays.com\/fr\/wp-json\/wp\/v2\/tags?post=369978"}],"curies":[{"name":"wp","href":"https:\/\/api.w.org\/{rel}","templated":true}]}}