{"id":369981,"date":"2025-09-06T06:24:26","date_gmt":"2025-09-06T06:24:26","guid":{"rendered":"https:\/\/www.europesays.com\/fr\/369981\/"},"modified":"2025-09-06T06:24:26","modified_gmt":"2025-09-06T06:24:26","slug":"a-birmingham-nigel-farage-se-pose-en-futur-premier-ministre-du-royaume-uni","status":"publish","type":"post","link":"https:\/\/www.europesays.com\/fr\/369981\/","title":{"rendered":"\u00e0 Birmingham, Nigel Farage se pose en futur premier ministre du Royaume-Uni"},"content":{"rendered":"<p><strong>REPORTAGE<\/strong> &#8211; Capitalisant sur le rejet montant de l\u2019opinion contre une immigration jug\u00e9e incontr\u00f4l\u00e9e, Reform UK est largement en t\u00eate dans les sondages et pointe sa \u00ab\u00a0professionnalisation\u00a0\u00bb.<\/p>\n<p class=\"fig-paragraph\">Les temps de l\u2019agitation sont derri\u00e8re lui, l\u2019heure de l\u2019exercice du pouvoir va bient\u00f4t sonner. En ce d\u00e9but septembre o\u00f9 se tient la conf\u00e9rence annuelle de son parti,\u00a0<a href=\"http:\/\/www.lefigaro.fr\/international\/au-royaume-uni-nigel-farage-promet-un-plan-pour-expulser-600-000-migrants-20250827\" data-fig-type=\"Article\" data-gtm-custom-categorie=\"navigation\" data-gtm-custom-action=\"crossclick\" data-gtm-custom-label=\"Contextuel\" data-gtm-event=\"customEventSPE\" data-fig-domain=\"LEFIGARO\" target=\"_blank\" rel=\"noopener\">Nigel Farage<\/a>\u00a0veut s\u2019en persuader, il sera le prochain locataire de Downing Street. Les sondages ne peuvent que nourrir cette supr\u00eame ambition.\u00a0<a href=\"http:\/\/www.lefigaro.fr\/vox\/monde\/royaume-uni-pourquoi-le-parti-de-nigel-farage-se-dechire-t-il-sur-l-interdiction-de-la-burka-20250611\" data-fig-type=\"Article\" data-gtm-custom-categorie=\"navigation\" data-gtm-custom-action=\"crossclick\" data-gtm-custom-label=\"Contextuel\" data-gtm-event=\"customEventSPE\" data-fig-domain=\"LEFIGARO\" target=\"_blank\" rel=\"noopener\">Son parti anti-immigration Reform UK<\/a>\u00a0\u00e9tant d\u00e9sormais largement en t\u00eate (31\u00a0% des intentions de vote, soit 11\u00a0points devant le\u00a0<a href=\"http:\/\/www.lefigaro.fr\/international\/royaume-uni-jeremy-corbyn-l-ancien-chef-du-labour-lance-un-nouveau-parti-20250724\" data-fig-type=\"NewsFlash\" data-gtm-custom-categorie=\"navigation\" data-gtm-custom-action=\"crossclick\" data-gtm-custom-label=\"Contextuel\" data-gtm-event=\"customEventSPE\" data-fig-domain=\"LEFIGARO\" target=\"_blank\" rel=\"noopener\">Labour<\/a>\u00a0qui est \u00e0 20\u00a0% quand les conservateurs sont \u00e0 17\u00a0%). Longtemps, on n\u2019a pas pris au s\u00e9rieux l\u2019excentrique M.\u00a0Farage. Ce n\u2019est plus le cas.<\/p>\n<p class=\"fig-paragraph\">\u00ab\u00a0Nous sommes le parti en pleine ascension\u00a0\u00bb, a lanc\u00e9 Nigel Farage dans une immense salle enthousiaste. Intitul\u00e9 \u00ab\u00a0The Next Step\u00a0\u00bb (l\u2019\u00e9tape suivante), le congr\u00e8s de Birmingham doit clamer haut et fort que Reform UK est d\u00e9sormais pr\u00eat \u00e0 prendre le pouvoir, lors des \u00e9lections de 2029. Soucieux d\u2019asseoir sa cr\u00e9dibilit\u00e9, Nigel Farage a ainsi fortement insist\u00e9 sur la \u00ab\u00a0professionnalisation\u00a0\u00bb d\u2019un parti qui atteint\u2026<\/p>\n<p class=\"fig-premium-paywall__infos\">\n        Cet article est r\u00e9serv\u00e9 aux abonn\u00e9s.        Il vous reste 88% \u00e0 d\u00e9couvrir.\n    <\/p>\n<p>                <img  data- alt=\"Le Figaro\" class=\"fig-img--complete fig-img\"\/><\/p>\n<p class=\"fig-premium-paywall__title\">Vente Flash<\/p>\n<p class=\"fig-premium-paywall__subtitle\">4,99\u20ac par mois pendant 12 mois. Sans engagement<\/p>\n<p class=\"fig-premium-paywall__connect\">\n                D\u00e9j\u00e0 abonn\u00e9\u00a0?                <a class=\"fig-premium-paywall__connect-link\" href=\"https:\/\/connect.lefigaro.fr\/login?client=horizon_web&amp;type=main&amp;redirect_uri=https%3A%2F%2Fwww.lefigaro.fr%2Finternational%2Fla-derniere-chance-de-remettre-ce-pays-sur-les-rails-a-birmingham-nigel-farage-se-pose-en-futur-premier-ministre-20250905\" data-js-gtm=\"{&quot;customCategorie&quot;: &quot;conversion&quot;, &quot;customAction&quot;: &quot;before_Landing_Connexion_paywall_auto&quot;, &quot;customLabel&quot;: &quot;bGVmaWdhcm8uZnJfXzFmMDhhNmYyLTc2MTgtNjU2YS1iM2ZkLWE1YjRlZjJhYWM5MF9fQXJ0aWNsZQ==_\u00abLa derni\u00e8re chance de remettre ce pays sur les rails\u00bb\u00a0: \u00e0 Birmingham, Nigel Farage se pose en futur premier ministre du Royaume-Uni_420&quot;, &quot;customIDSPE&quot;: &quot;bGVmaWdhcm8uZnJfXzFmMDhhNmYyLTc2MTgtNjU2YS1iM2ZkLWE1YjRlZjJhYWM5MF9fQXJ0aWNsZQ==&quot;, &quot;event&quot;: &quot;customEventSPE&quot;}\" target=\"_blank\" rel=\"noopener\"><br \/>\n                    Connectez-vous<br \/>\n                <\/a>\n            <\/p>\n","protected":false},"excerpt":{"rendered":"REPORTAGE &#8211; Capitalisant sur le rejet montant de l\u2019opinion contre une immigration jug\u00e9e incontr\u00f4l\u00e9e, Reform UK est largement&hellip;\n","protected":false},"author":2,"featured_media":369982,"comment_status":"","ping_status":"","sticky":false,"template":"","format":"standard","meta":{"footnotes":""},"categories":[1588],"tags":[11,1777,674,1061,12,10669,473,1853,1851,1850,1852],"class_list":{"0":"post-369981","1":"post","2":"type-post","3":"status-publish","4":"format-standard","5":"has-post-thumbnail","7":"category-royaume-uni","8":"tag-actualites","9":"tag-eu","10":"tag-europe","11":"tag-immigration","12":"tag-news","13":"tag-nigel-farage","14":"tag-royaume-uni","15":"tag-royaume-uni-de-grande-bretagne-et-dirlande-du-nord","16":"tag-uk","17":"tag-united-kingdom","18":"tag-united-kingdom-of-great-britain-and-northern-ireland"},"share_on_mastodon":{"url":"https:\/\/pubeurope.com\/@fr\/115155924904816605","error":""},"_links":{"self":[{"href":"https:\/\/www.europesays.com\/fr\/wp-json\/wp\/v2\/posts\/369981","targetHints":{"allow":["GET"]}}],"collection":[{"href":"https:\/\/www.europesays.com\/fr\/wp-json\/wp\/v2\/posts"}],"about":[{"href":"https:\/\/www.europesays.com\/fr\/wp-json\/wp\/v2\/types\/post"}],"author":[{"embeddable":true,"href":"https:\/\/www.europesays.com\/fr\/wp-json\/wp\/v2\/users\/2"}],"replies":[{"embeddable":true,"href":"https:\/\/www.europesays.com\/fr\/wp-json\/wp\/v2\/comments?post=369981"}],"version-history":[{"count":0,"href":"https:\/\/www.europesays.com\/fr\/wp-json\/wp\/v2\/posts\/369981\/revisions"}],"wp:featuredmedia":[{"embeddable":true,"href":"https:\/\/www.europesays.com\/fr\/wp-json\/wp\/v2\/media\/369982"}],"wp:attachment":[{"href":"https:\/\/www.europesays.com\/fr\/wp-json\/wp\/v2\/media?parent=369981"}],"wp:term":[{"taxonomy":"category","embeddable":true,"href":"https:\/\/www.europesays.com\/fr\/wp-json\/wp\/v2\/categories?post=369981"},{"taxonomy":"post_tag","embeddable":true,"href":"https:\/\/www.europesays.com\/fr\/wp-json\/wp\/v2\/tags?post=369981"}],"curies":[{"name":"wp","href":"https:\/\/api.w.org\/{rel}","templated":true}]}}