{"id":369992,"date":"2025-09-06T06:30:12","date_gmt":"2025-09-06T06:30:12","guid":{"rendered":"https:\/\/www.europesays.com\/fr\/369992\/"},"modified":"2025-09-06T06:30:12","modified_gmt":"2025-09-06T06:30:12","slug":"maghnes-akliouche-en-france-sans-trembler","status":"publish","type":"post","link":"https:\/\/www.europesays.com\/fr\/369992\/","title":{"rendered":"Maghnes Akliouche, en France sans trembler"},"content":{"rendered":"<p>Maghnes Akliouche est le sixi\u00e8me olympique \u00e0 renforcer l\u2019effectif des Bleus. Une \u00e9volution logique pour un joueur dont la progression est aussi lin\u00e9aire qu\u2019irr\u00e9sistible.<\/p>\n<p>Apr\u00e8s Manu Kon\u00e9, Michael Olise, D\u00e9sir\u00e9 Dou\u00e9, Rayan Cherki et Lo\u00efc Bad\u00e9 (et sans tenir compte des Lacazette, Truffert et Lukeba qui ont connu les A avant Paris 2024), Maghnes Akliouche est le sixi\u00e8me m\u00e9daill\u00e9 d\u2019argent olympique \u00e0 rejoindre l\u2019\u00e9quipe de France de <a href=\"https:\/\/www.chroniquesbleues.fr\/Didier-Deschamps-42\" title=\"D\u00e9finition\u00a0: N\u00e9 le 15 octobre 1968 \u00e0 Bayonne (703e joueur de la chronologie de\u00a0(\u2026)\" rel=\"nofollow noopener\" target=\"_blank\">Didier Deschamps<\/a>. Le jeune milieu de terrain mon\u00e9gasque de vingt-trois ans (il est n\u00e9 le 25 f\u00e9vrier 2002) a connu sa premi\u00e8re s\u00e9lection \u00e0 Wroclaw. Son entr\u00e9e en jeu dans les toutes derni\u00e8res secondes du match Ukraine-France (0-2), en fait le 947e joueur de l\u2019histoire de l\u2019\u00e9quipe de France.<\/p>\n<p><a id=\"rnFvOCxBQCh4Qt5yIRj9EQ\" class=\"gie-single\" href=\"http:\/\/www.gettyimages.com\/detail\/2233217303\" target=\"_blank\" style=\"color:#a7a7a7;text-decoration:none;font-weight:normal !important;border:none;display:inline-block;\" rel=\"nofollow noopener\">Embed from Getty Images<\/a><\/p>\n<p>Made in Monaco<\/p>\n<p>Maghnes Akliouche est un pur produit du centre de formation de l\u2019AS Monaco. Bien que n\u00e9 en r\u00e9gion parisienne, \u00e0 Tremblay-en-France (Seine-Saint-Denis), il rejoint le club de la Principaut\u00e9 \u00e0 l\u2019\u00e2ge de seize ans apr\u00e8s avoir fait ses classes \u00e0 l\u2019US Torcy. Apr\u00e8s \u00eatre apparu en Ligue 1 d\u00e8s l\u2019\u00e2ge de dix-neuf ans, en octobre 2021, il signe son premier contrat pro quatre mois plus tard.<\/p>\n<p>Le gamin positionn\u00e9 comme milieu offensif droit (ou \u00ab\u00a0ailier\u00a0\u00bb pour les boomers) s\u2019affirme peu \u00e0 peu au sein de l\u2019effectif mon\u00e9gasque. Il inscrit notamment un doubl\u00e9 face \u00e0 l\u2019Olympique Marseille en septembre 2023, accompagn\u00e9 d\u2019une passe d\u00e9cisive. C\u2019est d\u2019ailleurs dans la derni\u00e8re passe plus que dans le but que le jeune gaucher se montre brillant.<\/p>\n<p>Le rempla\u00e7ant olympique<\/p>\n<p>Ces performances int\u00e9ressent <a href=\"https:\/\/www.chroniquesbleues.fr\/Thierry-Henry\" title=\"D\u00e9finition\u00a0: Thierry Henry est n\u00e9 le 17 ao\u00fbt 1977 aux Ulis. Il d\u00e9bute sa carri\u00e8re\u00a0(\u2026)\" rel=\"nofollow noopener\" target=\"_blank\">Thierry Henry<\/a>, s\u00e9lectionneur de l\u2019\u00e9quipe de France espoirs et accessoirement ancien joueur issu du centre de formation de l\u2019AS Monaco. Maghnes Akliouche, d\u00e9j\u00e0 s\u00e9lectionn\u00e9 en sept occasions chez les U20, dispute douze rencontres avec l\u2019\u00e9quipe espoirs. Il est notamment de l\u2019aventure olympique des Jeux de 2024. Bien que rarement titulaire, il obtient du temps de jeu au fur et \u00e0 mesure du tournoi et inscrit en finale le but du 2-3, qui lance les Tricolores vers une \u00e9galisation inesp\u00e9r\u00e9e.<\/p>\n<p>Maghnes Akliouche poursuit son apprentissage du haut niveau en d\u00e9couvrant notamment la Ligue des Champions avec l\u2019AS Monaco. <a href=\"https:\/\/www.chroniquesbleues.fr\/Didier-Deschamps-42\" title=\"D\u00e9finition\u00a0: N\u00e9 le 15 octobre 1968 \u00e0 Bayonne (703e joueur de la chronologie de\u00a0(\u2026)\" rel=\"nofollow noopener\" target=\"_blank\">Didier Deschamps<\/a> garde bien entendu un \u0153il sur le ph\u00e9nom\u00e8ne. Son nom est \u00e9voqu\u00e9 en juin 2024 pour la finale \u00e0 quatre de la Ligue des nations en <a href=\"https:\/\/www.chroniquesbleues.fr\/Allemagne-11\" title=\"D\u00e9finition\u00a0: En tant que s\u00e9lection nationale et adversaire des Bleus, l&#039;Allemagne a\u00a0(\u2026)\" rel=\"nofollow noopener\" target=\"_blank\">Allemagne<\/a>. C\u2019est finalement au d\u00e9but de la saison 2025\/2026 que <a href=\"https:\/\/www.chroniquesbleues.fr\/Didier-Deschamps-42\" title=\"D\u00e9finition\u00a0: N\u00e9 le 15 octobre 1968 \u00e0 Bayonne (703e joueur de la chronologie de\u00a0(\u2026)\" rel=\"nofollow noopener\" target=\"_blank\">Didier Deschamps<\/a> le couche sur sa liste.<\/p>\n<p>N\u00e9 de parents alg\u00e9riens, le joueur de l\u2019ASM reste susceptible d\u2019\u00eatre convoqu\u00e9 par la s\u00e9lection de son pays d\u2019origine, m\u00eame s\u2019il a port\u00e9 le maillot bleu lors de l\u2019\u00e9pop\u00e9e olympique. Il affiche toutefois sa pr\u00e9f\u00e9rence pour l\u2019\u00e9quipe du pays o\u00f9 il est n\u00e9. Les quelques secondes que lui accorde <a href=\"https:\/\/www.chroniquesbleues.fr\/Didier-Deschamps-42\" title=\"D\u00e9finition\u00a0: N\u00e9 le 15 octobre 1968 \u00e0 Bayonne (703e joueur de la chronologie de\u00a0(\u2026)\" rel=\"nofollow noopener\" target=\"_blank\">Didier Deschamps<\/a> le 5 septembre 2025 \u00e0 Wroclaw, en remplacement de Michael Olise contre l\u2019Ukraine, en font d\u00e9sormais un Bleu.<\/p>\n<p>Huit matchs olympiques en attendant les A<\/p>\n<tr class=\"row_first\">Sel.MatchDateLieuAdversaireScoreTpsJeuNotes<\/tr>\n<tr class=\"row_odd odd\">\n<td headers=\"id4d1b_c0\">O<\/td>\n<td headers=\"id4d1b_c1\">Amical<\/td>\n<td headers=\"id4d1b_c2\">11\/07\/2024<\/td>\n<td headers=\"id4d1b_c3\">Toulon<\/td>\n<td headers=\"id4d1b_c4\">R\u00e9p.dominicaine olympique<\/td>\n<td headers=\"id4d1b_c5\">7-0<\/td>\n<td headers=\"id4d1b_c6\">&gt; 28<\/td>\n<td headers=\"id4d1b_c7\"\/><\/tr>\n<tr class=\"row_even even\">\n<td headers=\"id4d1b_c0\">O<\/td>\n<td headers=\"id4d1b_c1\">Amical<\/td>\n<td headers=\"id4d1b_c2\">17\/07\/2024<\/td>\n<td headers=\"id4d1b_c3\">Toulon<\/td>\n<td headers=\"id4d1b_c4\">Japon olympique<\/td>\n<td headers=\"id4d1b_c5\">1-1<\/td>\n<td headers=\"id4d1b_c6\">&gt; 45<\/td>\n<td headers=\"id4d1b_c7\"\/><\/tr>\n<tr class=\"row_odd odd\">\n<td headers=\"id4d1b_c0\">O<\/td>\n<td headers=\"id4d1b_c1\">JO 2024<\/td>\n<td headers=\"id4d1b_c2\">24\/07\/2024<\/td>\n<td headers=\"id4d1b_c3\">Marseille<\/td>\n<td headers=\"id4d1b_c4\">\u00c9tats-Unis olympique<\/td>\n<td headers=\"id4d1b_c5\">3-0<\/td>\n<td headers=\"id4d1b_c6\">&gt; 19<\/td>\n<td headers=\"id4d1b_c7\"\/><\/tr>\n<tr class=\"row_even even\">\n<td headers=\"id4d1b_c0\">O<\/td>\n<td headers=\"id4d1b_c1\">JO 2024<\/td>\n<td headers=\"id4d1b_c2\">27\/07\/2024<\/td>\n<td headers=\"id4d1b_c3\">Nice<\/td>\n<td headers=\"id4d1b_c4\">Guin\u00e9e olympique<\/td>\n<td headers=\"id4d1b_c5\">1-0<\/td>\n<td headers=\"id4d1b_c6\">58 &gt;<\/td>\n<td headers=\"id4d1b_c7\"\/><\/tr>\n<tr class=\"row_odd odd\">\n<td headers=\"id4d1b_c0\">O<\/td>\n<td headers=\"id4d1b_c1\">JO 2024<\/td>\n<td headers=\"id4d1b_c2\">30\/07\/2024<\/td>\n<td headers=\"id4d1b_c3\">Marseille<\/td>\n<td headers=\"id4d1b_c4\">Nouvelle-Z\u00e9lande olympique<\/td>\n<td headers=\"id4d1b_c5\">3-0<\/td>\n<td headers=\"id4d1b_c6\">&gt; 25<\/td>\n<td headers=\"id4d1b_c7\"\/><\/tr>\n<tr class=\"row_even even\">\n<td headers=\"id4d1b_c0\">O<\/td>\n<td headers=\"id4d1b_c1\">JO 2024<\/td>\n<td headers=\"id4d1b_c2\">02\/08\/2024<\/td>\n<td headers=\"id4d1b_c3\">Bordeaux<\/td>\n<td headers=\"id4d1b_c4\"><a href=\"https:\/\/www.chroniquesbleues.fr\/Argentine-10\" title=\"D\u00e9finition\u00a0: C&#039;est chronologiquement le deuxi\u00e8me adversaire de l&#039;\u00e9quipe de\u00a0(\u2026)\" rel=\"nofollow noopener\" target=\"_blank\">Argentine<\/a> olympique<\/td>\n<td headers=\"id4d1b_c5\">1-0<\/td>\n<td headers=\"id4d1b_c6\">&gt; 11<\/td>\n<td headers=\"id4d1b_c7\"\/><\/tr>\n<tr class=\"row_odd odd\">\n<td headers=\"id4d1b_c0\">O<\/td>\n<td headers=\"id4d1b_c1\">JO 2024<\/td>\n<td headers=\"id4d1b_c2\">05\/08\/2024<\/td>\n<td headers=\"id4d1b_c3\">Lyon<\/td>\n<td headers=\"id4d1b_c4\">\u00c9gypte olympique<\/td>\n<td headers=\"id4d1b_c5\">3-1<\/td>\n<td headers=\"id4d1b_c6\">118 &gt;<\/td>\n<td headers=\"id4d1b_c7\"\/><\/tr>\n<tr class=\"row_even even\">\n<td headers=\"id4d1b_c0\">O<\/td>\n<td headers=\"id4d1b_c1\">JO 2024<\/td>\n<td headers=\"id4d1b_c2\">09\/08\/2024<\/td>\n<td headers=\"id4d1b_c3\">Paris (Parc)<\/td>\n<td headers=\"id4d1b_c4\"><a href=\"https:\/\/www.chroniquesbleues.fr\/Espagne-19\" title=\"D\u00e9finition\u00a0: L&#039;Espagne est le cinqui\u00e8me adversaire le plus souvent rencontr\u00e9 par\u00a0(\u2026)\" rel=\"nofollow noopener\" target=\"_blank\">Espagne<\/a> olympique<\/td>\n<td headers=\"id4d1b_c5\">3-5<\/td>\n<td headers=\"id4d1b_c6\">&gt; 68<\/td>\n<td headers=\"id4d1b_c7\">1 but<\/td>\n<\/tr>\n<tr class=\"row_odd odd\">\n<td headers=\"id4d1b_c0\">1<\/td>\n<td headers=\"id4d1b_c1\">qCM 2026<\/td>\n<td headers=\"id4d1b_c2\">05\/09\/2025<\/td>\n<td headers=\"id4d1b_c3\">Wroclaw<\/td>\n<td headers=\"id4d1b_c4\">Ukraine<\/td>\n<td headers=\"id4d1b_c5\">2-0<\/td>\n<td headers=\"id4d1b_c6\">&gt; 1<\/td>\n<td headers=\"id4d1b_c7\"\/><\/tr>\n<p>pour finir&#8230;<\/p>\n<p>La r\u00e9daction de cet article a n\u00e9cessit\u00e9 la consultation des sites <a href=\"http:\/\/selectiona.free.fr\/\" class=\"spip_out\" rel=\"external nofollow noopener\" target=\"_blank\">selectiona.free.fr<\/a>, So Foot, Transfermarkt, L\u2019\u00c9quipe, FFF, Wikip\u00e9dia, <a href=\"https:\/\/racingstub.com\" class=\"spip_out\" rel=\"external nofollow noopener\" target=\"_blank\">Racing Stub<\/a>&#8230;<\/p>\n","protected":false},"excerpt":{"rendered":"Maghnes Akliouche est le sixi\u00e8me olympique \u00e0 renforcer l\u2019effectif des Bleus. Une \u00e9volution logique pour un joueur dont&hellip;\n","protected":false},"author":2,"featured_media":369993,"comment_status":"","ping_status":"","sticky":false,"template":"","format":"standard","meta":{"footnotes":""},"categories":[4],"tags":[11,1011,27,12,25],"class_list":{"0":"post-369992","1":"post","2":"type-post","3":"status-publish","4":"format-standard","5":"has-post-thumbnail","7":"category-france","8":"tag-actualites","9":"tag-fr","10":"tag-france","11":"tag-news","12":"tag-republique-francaise"},"share_on_mastodon":{"url":"https:\/\/pubeurope.com\/@fr\/115155948395894489","error":""},"_links":{"self":[{"href":"https:\/\/www.europesays.com\/fr\/wp-json\/wp\/v2\/posts\/369992","targetHints":{"allow":["GET"]}}],"collection":[{"href":"https:\/\/www.europesays.com\/fr\/wp-json\/wp\/v2\/posts"}],"about":[{"href":"https:\/\/www.europesays.com\/fr\/wp-json\/wp\/v2\/types\/post"}],"author":[{"embeddable":true,"href":"https:\/\/www.europesays.com\/fr\/wp-json\/wp\/v2\/users\/2"}],"replies":[{"embeddable":true,"href":"https:\/\/www.europesays.com\/fr\/wp-json\/wp\/v2\/comments?post=369992"}],"version-history":[{"count":0,"href":"https:\/\/www.europesays.com\/fr\/wp-json\/wp\/v2\/posts\/369992\/revisions"}],"wp:featuredmedia":[{"embeddable":true,"href":"https:\/\/www.europesays.com\/fr\/wp-json\/wp\/v2\/media\/369993"}],"wp:attachment":[{"href":"https:\/\/www.europesays.com\/fr\/wp-json\/wp\/v2\/media?parent=369992"}],"wp:term":[{"taxonomy":"category","embeddable":true,"href":"https:\/\/www.europesays.com\/fr\/wp-json\/wp\/v2\/categories?post=369992"},{"taxonomy":"post_tag","embeddable":true,"href":"https:\/\/www.europesays.com\/fr\/wp-json\/wp\/v2\/tags?post=369992"}],"curies":[{"name":"wp","href":"https:\/\/api.w.org\/{rel}","templated":true}]}}