{"id":370000,"date":"2025-09-06T06:36:15","date_gmt":"2025-09-06T06:36:15","guid":{"rendered":"https:\/\/www.europesays.com\/fr\/370000\/"},"modified":"2025-09-06T06:36:15","modified_gmt":"2025-09-06T06:36:15","slug":"motogp-mauvaise-entame-et-grosse-colere-pour-quartararo-non-qualifie-a-cause-de-zarco","status":"publish","type":"post","link":"https:\/\/www.europesays.com\/fr\/370000\/","title":{"rendered":"MotoGP Mauvaise entame et grosse col\u00e8re pour Quartararo, non qualifi\u00e9 \u00e0 cause&#8230;de Zarco !?"},"content":{"rendered":"<p>Selon Yamaha et plus particuli\u00e8rement, Massimo Meregalli, sans les drapeaux jaunes de fin de s\u00e9ance d\u2019Essais, au GP de Catalogne de MotoGP, Fabio Quartararo se serait qualifi\u00e9. En clair, si Johann Zarco n\u2019\u00e9tait pas tomb\u00e9, peut-\u00eatre que son compatriote serait actuellement en Q2. Quoiqu\u2019il en soit, la moto japonaise n\u2019est, une nouvelle fois, pas au niveau attendu.<\/p>\n<p>MotoGP : les temp\u00e9ratures matinales vont aider Yamaha en qualification<\/p>\n<p>Toutefois, les qualifications ayant lieu dans la matin\u00e9e \u00e0 savoir, avec des temp\u00e9ratures plus fra\u00eeches, les chances de voir Fabio Quartararo se hisser en Q2 sont bien r\u00e9elles. D\u2019autant qu\u2019au final, au gr\u00e9 de l\u2019avanc\u00e9e de la journ\u00e9e, son \u00e9quipe a tout de m\u00eame trouv\u00e9 les solutions pour progresser.<\/p>\n<p>\u201cNous avons rencontr\u00e9 plus de difficult\u00e9s que pr\u00e9vu en EL1\u201c, confirmait Meregalli vendredi soir, apr\u00e8s les Essais, en Catalogne. Si l\u2019adh\u00e9rence est g\u00e9n\u00e9ralement faible ici \u00e0 Montmel\u00f3, nos performances lors des s\u00e9ances matinales sont g\u00e9n\u00e9ralement plus stables. Comme pr\u00e9vu, l\u2019adh\u00e9rence s\u2019est d\u00e9grad\u00e9e avec la hausse des temp\u00e9ratures l\u2019apr\u00e8s-midi. N\u00e9anmoins, l\u2019\u00e9quipe a bien r\u00e9agi et nous avons r\u00e9ussi \u00e0 r\u00e9duire significativement l\u2019\u00e9cart lors du chrono. Malheureusement, des drapeaux jaunes en fin de s\u00e9ance ont emp\u00each\u00e9 les deux pilotes, notamment Fabio, d\u2019effectuer un dernier tour lanc\u00e9. Je suis convaincu qu\u2019il aurait pu pr\u00e9tendre au top 10 sans ce contretemps, mais ces al\u00e9as font partie du MotoGP. La Q1 s\u2019annonce tr\u00e8s disput\u00e9e demain, nous concentrerons donc nos efforts ce soir et demain matin pour \u00eatre parfaitement pr\u00e9par\u00e9s pour les qualifications.\u201d, concluait le dirigeant italien de l\u2019\u00e9quipe Yamaha.<\/p>\n<blockquote class=\"twitter-tweet\">\n<p dir=\"ltr\" lang=\"in\">\ud83d\udcf0 Monster Energy Yamaha MotoGP End Catalan GP Friday in P11 &amp; P16<\/p>\n<p>\ud83d\udd17 <a href=\"https:\/\/t.co\/BdXDuJZbiP\">https:\/\/t.co\/BdXDuJZbiP<\/a><a href=\"https:\/\/twitter.com\/hashtag\/MonsterYamaha?src=hash&amp;ref_src=twsrc%5Etfw\" target=\"_blank\" rel=\"noopener\">#MonsterYamaha<\/a> | <a href=\"https:\/\/twitter.com\/hashtag\/YamahaMotoGP?src=hash&amp;ref_src=twsrc%5Etfw\" target=\"_blank\" rel=\"noopener\">#YamahaMotoGP<\/a> | <a href=\"https:\/\/twitter.com\/hashtag\/YamahaFactoryRacing?src=hash&amp;ref_src=twsrc%5Etfw\" target=\"_blank\" rel=\"noopener\">#YamahaFactoryRacing<\/a> | <a href=\"https:\/\/twitter.com\/hashtag\/MotoGP?src=hash&amp;ref_src=twsrc%5Etfw\" target=\"_blank\" rel=\"noopener\">#MotoGP<\/a> | <a href=\"https:\/\/twitter.com\/hashtag\/CatalanGP?src=hash&amp;ref_src=twsrc%5Etfw\" target=\"_blank\" rel=\"noopener\">#CatalanGP<\/a> <a href=\"https:\/\/t.co\/8Kg2O0dLgW\">pic.twitter.com\/8Kg2O0dLgW<\/a><\/p>\n<p>\u2014 Monster Energy Yamaha MotoGP (@YamahaMotoGP) <a href=\"https:\/\/twitter.com\/YamahaMotoGP\/status\/1964020916070830258?ref_src=twsrc%5Etfw\" target=\"_blank\" rel=\"noopener\">September 5, 2025<\/a><\/p>\n<\/blockquote>\n<p>\u00ab Clairement, la s\u00e9ance de ce matin n\u2019a pas \u00e9t\u00e9 bonne\u201d, tranchait pour sa part Fabio Quartararo. Cet apr\u00e8s-midi, c\u2019\u00e9tait un peu mieux. Malheureusement, dans les deux derniers tours, j\u2019ai eu deux drapeaux jaunes dans le secteur 1, et je n\u2019ai pas pu faire un deuxi\u00e8me tour rapide. Ce n\u2019est jamais facile, mais je pense que nous aurions eu de bonnes chances d\u2019acc\u00e9der \u00e0 la Q2 sans cela. C\u2019est dommage. Notre rythme n\u2019est pas tr\u00e8s bon, car notre adh\u00e9rence est toujours faible ici. Nous essayons d\u2019apprendre. Avant la premi\u00e8re contre-attaque, je pensais que la Q2 \u00e9tait hors de port\u00e9e, mais je me sentais bien apr\u00e8s. Je pense que demain, nous avons encore une chance d\u2019acc\u00e9der \u00e0 la Q2. \u00bb, ajoute le pilote tricolore, pr\u00eat \u00e0 se cracher dans les mains pour faire partie de la derni\u00e8re phase qualificative, \u00e0 Barcelone.<\/p>\n<p>\u00ab L\u2019adh\u00e9rence \u00e9tait vraiment faible pour nous, ce qui a compliqu\u00e9 la journ\u00e9e\u201c, rappelait Alex Rins, lui aussi t\u00e9moin des probl\u00e8mes d\u2019adh\u00e9rence de Yamaha. C\u2019est une adh\u00e9rence faible pour tout le monde, mais nous semblons avoir plus de difficult\u00e9s que les autres. Ce n\u2019est pas facile, mais je suis fier de moi : j\u2019ai donn\u00e9 le meilleur de moi-m\u00eame et je reste tr\u00e8s motiv\u00e9. Nous allons certainement discuter de notre performance d\u2019aujourd\u2019hui et essayer de trouver une am\u00e9lioration. \u00bb, commentait enfin l\u2019int\u00e9ress\u00e9.<\/p>\n<p>Article publi\u00e9 le 06\/09\/2025 \u00e0 6h34<\/p>\n<p>                                                            <script async src=\"https:\/\/platform.twitter.com\/widgets.js\" charset=\"utf-8\"><\/script><\/p>\n","protected":false},"excerpt":{"rendered":"Selon Yamaha et plus particuli\u00e8rement, Massimo Meregalli, sans les drapeaux jaunes de fin de s\u00e9ance d\u2019Essais, au GP&hellip;\n","protected":false},"author":2,"featured_media":370001,"comment_status":"","ping_status":"","sticky":false,"template":"","format":"standard","meta":{"footnotes":""},"categories":[1413],"tags":[1680,1011,27,1457,1456,1458,60],"class_list":{"0":"post-370000","1":"post","2":"type-post","3":"status-publish","4":"format-standard","5":"has-post-thumbnail","7":"category-moto","8":"tag-fabio-quartararo","9":"tag-fr","10":"tag-france","11":"tag-moto","12":"tag-motocycle","13":"tag-motogp","14":"tag-sports"},"share_on_mastodon":{"url":"https:\/\/pubeurope.com\/@fr\/115155971890994907","error":""},"_links":{"self":[{"href":"https:\/\/www.europesays.com\/fr\/wp-json\/wp\/v2\/posts\/370000","targetHints":{"allow":["GET"]}}],"collection":[{"href":"https:\/\/www.europesays.com\/fr\/wp-json\/wp\/v2\/posts"}],"about":[{"href":"https:\/\/www.europesays.com\/fr\/wp-json\/wp\/v2\/types\/post"}],"author":[{"embeddable":true,"href":"https:\/\/www.europesays.com\/fr\/wp-json\/wp\/v2\/users\/2"}],"replies":[{"embeddable":true,"href":"https:\/\/www.europesays.com\/fr\/wp-json\/wp\/v2\/comments?post=370000"}],"version-history":[{"count":0,"href":"https:\/\/www.europesays.com\/fr\/wp-json\/wp\/v2\/posts\/370000\/revisions"}],"wp:featuredmedia":[{"embeddable":true,"href":"https:\/\/www.europesays.com\/fr\/wp-json\/wp\/v2\/media\/370001"}],"wp:attachment":[{"href":"https:\/\/www.europesays.com\/fr\/wp-json\/wp\/v2\/media?parent=370000"}],"wp:term":[{"taxonomy":"category","embeddable":true,"href":"https:\/\/www.europesays.com\/fr\/wp-json\/wp\/v2\/categories?post=370000"},{"taxonomy":"post_tag","embeddable":true,"href":"https:\/\/www.europesays.com\/fr\/wp-json\/wp\/v2\/tags?post=370000"}],"curies":[{"name":"wp","href":"https:\/\/api.w.org\/{rel}","templated":true}]}}