{"id":370006,"date":"2025-09-06T06:39:10","date_gmt":"2025-09-06T06:39:10","guid":{"rendered":"https:\/\/www.europesays.com\/fr\/370006\/"},"modified":"2025-09-06T06:39:10","modified_gmt":"2025-09-06T06:39:10","slug":"desire-doue-quitte-le-stade-en-boitant-video-actualite","status":"publish","type":"post","link":"https:\/\/www.europesays.com\/fr\/370006\/","title":{"rendered":"D\u00e9sir\u00e9 Dou\u00e9 quitte le stade en boitant (vid\u00e9o) &#8211; Actualite"},"content":{"rendered":"<p>Le coup dur se confirme pour D\u00e9sir\u00e9 Dou\u00e9. Apr\u00e8s sa sortie \u00e0 la mi-temps lors du match de l\u2019\u00c9quipe de France contre l\u2019Ukraine, o\u00f9 il a ressenti une douleur au mollet droit, le joueur a \u00e9t\u00e9 aper\u00e7u en train de boiter en zone mixte, devant les cam\u00e9ras de RTL. Une communication officielle des Bleus ou du PSG est attendue dans les prochaines heures pour pr\u00e9ciser l\u2019\u00e9tat de sant\u00e9 de l\u2019attaquant parisien et les cons\u00e9quences \u00e9ventuelles pour le club.<\/p>\n<p style=\"text-align: center;\"><strong>D\u00e9sir\u00e9 Dou\u00e9 quitte le stade en boitant&#8230;<\/strong><\/p>\n","protected":false},"excerpt":{"rendered":"Le coup dur se confirme pour D\u00e9sir\u00e9 Dou\u00e9. Apr\u00e8s sa sortie \u00e0 la mi-temps lors du match de&hellip;\n","protected":false},"author":2,"featured_media":370007,"comment_status":"","ping_status":"","sticky":false,"template":"","format":"standard","meta":{"footnotes":""},"categories":[1410],"tags":[50426,50425,1643,63,1011,27,8248,471,19080,50427,60,2858,133],"class_list":{"0":"post-370006","1":"post","2":"type-post","3":"status-publish","4":"format-standard","5":"has-post-thumbnail","7":"category-football","8":"tag-boitant","9":"tag-desire","10":"tag-doue","11":"tag-football","12":"tag-fr","13":"tag-france","14":"tag-inquietude","15":"tag-pour","16":"tag-quitte","17":"tag-reelle","18":"tag-sports","19":"tag-stade","20":"tag-video"},"share_on_mastodon":{"url":"https:\/\/pubeurope.com\/@fr\/115155983805963523","error":""},"_links":{"self":[{"href":"https:\/\/www.europesays.com\/fr\/wp-json\/wp\/v2\/posts\/370006","targetHints":{"allow":["GET"]}}],"collection":[{"href":"https:\/\/www.europesays.com\/fr\/wp-json\/wp\/v2\/posts"}],"about":[{"href":"https:\/\/www.europesays.com\/fr\/wp-json\/wp\/v2\/types\/post"}],"author":[{"embeddable":true,"href":"https:\/\/www.europesays.com\/fr\/wp-json\/wp\/v2\/users\/2"}],"replies":[{"embeddable":true,"href":"https:\/\/www.europesays.com\/fr\/wp-json\/wp\/v2\/comments?post=370006"}],"version-history":[{"count":0,"href":"https:\/\/www.europesays.com\/fr\/wp-json\/wp\/v2\/posts\/370006\/revisions"}],"wp:featuredmedia":[{"embeddable":true,"href":"https:\/\/www.europesays.com\/fr\/wp-json\/wp\/v2\/media\/370007"}],"wp:attachment":[{"href":"https:\/\/www.europesays.com\/fr\/wp-json\/wp\/v2\/media?parent=370006"}],"wp:term":[{"taxonomy":"category","embeddable":true,"href":"https:\/\/www.europesays.com\/fr\/wp-json\/wp\/v2\/categories?post=370006"},{"taxonomy":"post_tag","embeddable":true,"href":"https:\/\/www.europesays.com\/fr\/wp-json\/wp\/v2\/tags?post=370006"}],"curies":[{"name":"wp","href":"https:\/\/api.w.org\/{rel}","templated":true}]}}