{"id":370008,"date":"2025-09-06T06:40:11","date_gmt":"2025-09-06T06:40:11","guid":{"rendered":"https:\/\/www.europesays.com\/fr\/370008\/"},"modified":"2025-09-06T06:40:11","modified_gmt":"2025-09-06T06:40:11","slug":"jordan-bardella-charme-par-lea-salame-cette-petite-phrase-balancee-hors-plateau-surprend","status":"publish","type":"post","link":"https:\/\/www.europesays.com\/fr\/370008\/","title":{"rendered":"Jordan Bardella charm\u00e9 par L\u00e9a Salam\u00e9 ? Cette petite phrase balanc\u00e9e hors plateau surprend"},"content":{"rendered":"<p><a href=\"https:\/\/www.closermag.fr\/politique\/jordan-bardella-un-facho-cette-discussion-secrete-de-nicolas-sarkozy-ebruitee-3572882\" target=\"_blank\" rel=\"noopener\"><br \/>\nJordan Bardella<\/a>, charm\u00e9 par <a href=\"https:\/\/www.closermag.fr\/people\/lea-salame-au-20h-de-france-2-cette-star-de-tf1-la-met-en-garde-en-quelques-mots-tres-francs-3575731\" target=\"_blank\" rel=\"noopener\"><br \/>\nL\u00e9a Salam\u00e9<\/a> ? Retour en arri\u00e8re. Le <strong data-start=\"105\" data-end=\"124\">9 novembre 2024<\/strong>, Jordan Bardella \u00e9tait re\u00e7u<br \/>\ndans Quelle \u00e9poque ! par<br \/>\n<strong data-start=\"180\" data-end=\"194\">L\u00e9a Salam\u00e9<\/strong>, \u00e0<br \/>\nl\u2019occasion de la sortie de son livre Ce que je cherche (\u00e9d. Fayard). Sur France 2, le jeune<br \/>\npr\u00e9sident du Rassemblement national s\u2019est pr\u00eat\u00e9 \u00e0 l\u2019exercice de<br \/>\nl\u2019interview personnelle, tentant de montrer une facette plus<br \/>\nhumaine que celle qu\u2019il affiche \u00e0 l\u2019Assembl\u00e9e.<\/p>\n<p>Lors de cette \u00e9mission, L\u00e9a Salam\u00e9 n&rsquo;avait pas h\u00e9sit\u00e9 \u00e0 le<br \/>\nconfronter sur son manque d\u2019exp\u00e9rience professionnelle r\u00e9el.<br \/>\nPourtant, <strong>le disciple de Marine Le Pen garde un bon<br \/>\nsouvenir de cette rencontre.<\/strong> Comme le rapport <a href=\"https:\/\/www.nouvelobs.com\/politique\/20250831.OBS107211\/ils-acceptent-les-selfies-mais-jamais-ensemble-lea-salame-raphael-glucksmann-un-couple-pour-deux-ambitions.html?redirectionUrl=https:\/\/www.nouvelobs.com\/politique\/20250831.OBS107211\/ils-acceptent-les-selfies-mais-jamais-ensemble-lea-salame-raphael-glucksmann-un-couple-pour-deux-ambitions.html\" target=\"_blank\" rel=\"noopener\"><br \/>\nLe Nouvel Obs<\/a>, il a m\u00eame eu des mots m\u00e9lioratifs pour elle hors<br \/>\nplateau. \u00ab\u00a0Elle est sympa, L\u00e9a\u00a0\u00bb, a-t-il comment\u00e9. Et,<br \/>\napparemment, il n&rsquo;est pas (du tout) le seul \u00e0 bien aimer la<br \/>\nrempla\u00e7ante d&rsquo;Anne-Sophie Lapix.<\/p>\n<p>Les fans de la pr\u00e9sentatrice du JT de France 2<\/p>\n<p>Jean-Pierre Elkabbach, star du PAF, soulignait chez elle un<br \/>\n\u00ab\u00a0truc accrocheur dans le regard\u00a0\u00bb. Comme elle l&rsquo;a racont\u00e9<br \/>\nplusieurs fois, il a \u00e9t\u00e9 pour elle un mentor redoutable, froid<br \/>\nparfois, mais toujours transformateur. Entre formation \u00ab\u00a0\u00e0 la dure\u00a0\u00bb,<br \/>\nencouragement sans concession et exigences fortes, elle lui doit en<br \/>\npartie son audace. <strong>\u00ab\u00a0Des phrases courtes ! courtes !<br \/>\nC\u2019est pas vous qu\u2019on veut entendre, c\u2019est l\u2019invit\u00e9<br \/>\n!\u00a0\u00bb<\/strong>, lui a-t-il par exemple conseill\u00e9 en 2016 lors de<br \/>\nla venue de Nicolas Sarkozy.<\/p>\n<p>Bien s\u00fbr, son coll\u00e8gue et ami <a href=\"https:\/\/www.closermag.fr\/people\/cest-ce-que-je-merite-nicolas-demorand-gene-malaise-pour-la-premiere-chronique-de-marie-sinfiltre-3573144\" target=\"_blank\" rel=\"noopener\"><br \/>\nNicolas Demorand<\/a> est \u00e9galement un des plus grands fans de L\u00e9a<br \/>\nSalam\u00e9. \u00ab\u00a0Tout ce qui fait que tu es toi : <strong>puissante,<br \/>\naimante, douce<\/strong>\u2026 Mon amie, je pr\u00e9f\u00e8re m&rsquo;arr\u00eater l\u00e0 et juste<br \/>\ndire \u00e0 quel point tu vas me manquer. \u00c7a va \u00eatre dur\u00a0\u00bb, avait-il<br \/>\nl\u00e2ch\u00e9 dans leur dernier direct, sur France Inter.<\/p>\n<p>L\u00e9a Salam\u00e9 \u00ab\u00a0insupportable et arrogante\u00a0\u00bb<br \/>\n? Les mots durs de&#8230; sa m\u00e8re<\/p>\n<p>C\u00f4t\u00e9 vie priv\u00e9e, <a href=\"https:\/\/www.closermag.fr\/people\/lea-salame-tres-genee-au-20h-artus-lui-fait-un-coup-bas-avec-cette-blague-piquante-je-sais-que-ca-vous-parle-3575722\" target=\"_blank\" rel=\"noopener\"><br \/>\nla pr\u00e9sentatrice du JT de France 2<\/a> peut aussi compter sur le<br \/>\nsoutien ind\u00e9fectible de son compagnon Rapha\u00ebl Glucksman. Mais le<br \/>\nsoutient-elle autant ? En tout cas, celui-ci a r\u00e9v\u00e9l\u00e9 qu&rsquo;elle lui<br \/>\nenvoyait parfois de sacr\u00e9s piques. Dont <strong>\u00ab\u00a0Comment<br \/>\npeux-tu avoir aussi peu de charisme ?\u00a0\u00bb<\/strong>apr\u00e8s une de<br \/>\nses interventions. Ambiance&#8230;<\/p>\n<p>Existe-t-il quelqu&rsquo;un pour \u00ab\u00a0recadrer\u00a0\u00bb L\u00e9a Salam\u00e9 ? Peut-\u00eatre sa<br \/>\nm\u00e8re, tout simplement. Toujours apr\u00e8s la rencontre avec Nicolas<br \/>\nSarkozy, en 2016, celle-ci lui aurait lanc\u00e9 : Ma fille,<br \/>\n<strong>tu es arrogante, insupportable \u00e0 regarder<\/strong>. Ce<br \/>\nn\u2019est pas toi. Change\u00a0\u00bb. Voil\u00e0 qui est dit.<\/p>\n","protected":false},"excerpt":{"rendered":"Jordan Bardella, charm\u00e9 par L\u00e9a Salam\u00e9 ? Retour en arri\u00e8re. Le 9 novembre 2024, Jordan Bardella \u00e9tait re\u00e7u&hellip;\n","protected":false},"author":2,"featured_media":370009,"comment_status":"","ping_status":"","sticky":false,"template":"","format":"standard","meta":{"footnotes":""},"categories":[1359],"tags":[548,58,59,1011,27,1077,3806,973],"class_list":{"0":"post-370008","1":"post","2":"type-post","3":"status-publish","4":"format-standard","5":"has-post-thumbnail","7":"category-people","8":"tag-article-simple","9":"tag-divertissement","10":"tag-entertainment","11":"tag-fr","12":"tag-france","13":"tag-jordan-bardella","14":"tag-lea-salame","15":"tag-people"},"share_on_mastodon":{"url":"https:\/\/pubeurope.com\/@fr\/115155987581774479","error":""},"_links":{"self":[{"href":"https:\/\/www.europesays.com\/fr\/wp-json\/wp\/v2\/posts\/370008","targetHints":{"allow":["GET"]}}],"collection":[{"href":"https:\/\/www.europesays.com\/fr\/wp-json\/wp\/v2\/posts"}],"about":[{"href":"https:\/\/www.europesays.com\/fr\/wp-json\/wp\/v2\/types\/post"}],"author":[{"embeddable":true,"href":"https:\/\/www.europesays.com\/fr\/wp-json\/wp\/v2\/users\/2"}],"replies":[{"embeddable":true,"href":"https:\/\/www.europesays.com\/fr\/wp-json\/wp\/v2\/comments?post=370008"}],"version-history":[{"count":0,"href":"https:\/\/www.europesays.com\/fr\/wp-json\/wp\/v2\/posts\/370008\/revisions"}],"wp:featuredmedia":[{"embeddable":true,"href":"https:\/\/www.europesays.com\/fr\/wp-json\/wp\/v2\/media\/370009"}],"wp:attachment":[{"href":"https:\/\/www.europesays.com\/fr\/wp-json\/wp\/v2\/media?parent=370008"}],"wp:term":[{"taxonomy":"category","embeddable":true,"href":"https:\/\/www.europesays.com\/fr\/wp-json\/wp\/v2\/categories?post=370008"},{"taxonomy":"post_tag","embeddable":true,"href":"https:\/\/www.europesays.com\/fr\/wp-json\/wp\/v2\/tags?post=370008"}],"curies":[{"name":"wp","href":"https:\/\/api.w.org\/{rel}","templated":true}]}}