{"id":370012,"date":"2025-09-06T06:42:12","date_gmt":"2025-09-06T06:42:12","guid":{"rendered":"https:\/\/www.europesays.com\/fr\/370012\/"},"modified":"2025-09-06T06:42:12","modified_gmt":"2025-09-06T06:42:12","slug":"jaime-tirer-les-ficelles-dun-univers-un-auteur-du-loiret-vous-embarque-en-pleine-epopee-heroic-fantasy","status":"publish","type":"post","link":"https:\/\/www.europesays.com\/fr\/370012\/","title":{"rendered":"\u00ab\u00a0J&rsquo;aime tirer les ficelles d&rsquo;un univers\u00a0\u00bb, un auteur du Loiret vous embarque en pleine \u00e9pop\u00e9e heroic fantasy"},"content":{"rendered":"<p>            Par<br \/>\n        <strong><br \/>\n            <a href=\"https:\/\/actu.fr\/auteur\/noe-davenas\" title=\"Consulter tous les articles de Noe Davenas\" rel=\"nofollow noopener\" target=\"_blank\">Noe Davenas<\/a><br \/>\n        <\/strong><\/p>\n<p>        Publi\u00e9 le<\/p>\n<p>            6 sept. 2025 \u00e0 8h32        <\/p>\n<p>Influenc\u00e9 par J.R.R Tolkien et les univers parall\u00e8les de l\u2019heroic fantasy, cet auteur du <a href=\"https:\/\/actu.fr\/centre-val-de-loire\/loiret_45\" rel=\"nofollow noopener\" target=\"_blank\">Loiret<\/a> d\u00e9nomm\u00e9 Jauffr\u00e9 Montferrand, nom d\u2019emprunt, sort le troisi\u00e8me volet de sa trilogie des \u00ab\u2009Contes de Medyomor\u2009\u00bb intitul\u00e9 \u00ab\u2009Le loup du Septentrion\u2009\u00bb. <strong>Assoiff\u00e9 de mythologie nordique comme perse,<\/strong> l\u2019auteur \u00e0 quelques ann\u00e9es de la retraite professionnelle propose un monde o\u00f9 la magie se m\u00e9lange avec des r\u00e9cits folkloriques <a href=\"https:\/\/actu.fr\/tag\/histoire\" rel=\"nofollow noopener\" target=\"_blank\">historiques.<\/a><\/p>\n<p class=\"ac-article-content__question wall-content\"><strong class=\"color-primary\">Actu : <\/strong>Qu&rsquo;est ce qui vous a pouss\u00e9 \u00e0 \u00e9crire ?<\/p>\n<p class=\" wall-content\"><strong class=\"color-primary\">Jauffr\u00e9 Montferrand : <\/strong>C&rsquo;est une longue histoire. Ces trois livres sont comme \u00ab\u00a0les enfants du Covid\u00a0\u00bb, si je peux dire \u00e7a comme \u00e7a. Une p\u00e9riode o\u00f9 nous avons tous \u00e9t\u00e9 prisonniers et \u00e7a a peut-\u00eatre raviv\u00e9 en moi des souvenirs de jeunesse. C&rsquo;est apparu comme une envie d&rsquo;\u00e9vasion. Par exemple, je jouais beaucoup aux jeux de r\u00f4les par le pass\u00e9, notamment Donjon et Dragons ou alors, je marchais jusqu&rsquo;\u00e0 la biblioth\u00e8que municipale, environ trois quarts d&rsquo;heures de marche, pour aller lire des livres de J.R.R. Tolkien. Tout \u00e7a m&rsquo;a replong\u00e9 dans la passion de l&rsquo;heroic fantasy.<\/p>\n<p class=\"ac-article-content__question wall-content\">\u00c9crire ces livres, cela vous permet-il vraiment de replonger dans ces souvenirs de jeunesse ?<\/p>\n<p class=\" wall-content\"><strong class=\"color-primary\">JM : <\/strong>Pas n\u00e9cessairement. Aujourd&rsquo;hui, \u00e7a ne me dirait rien de rejouer \u00e0 Donjon et Dragon par exemple. Mais \u00e0 l&rsquo;\u00e9poque, j&rsquo;\u00e9crivais d\u00e9j\u00e0 des sc\u00e9narios, j&rsquo;\u00e9tais le \u00ab\u00a0ma\u00eetre du jeu\u00a0\u00bb.<\/p>\n<blockquote class=\"ac-article-quote wall-content\">\n<p> Alors, j&rsquo;ai toujours un peu \u00e9crit, dress\u00e9 un d\u00e9cor ou construit des personnages. C&rsquo;est ce qui me plaisait, tirer les ficelles d&rsquo;un univers.<\/p>\n<p>    <strong>Jauffr\u00e9 Montferrand,<\/strong><br \/>\n        Auteur    <\/p><\/blockquote>\n<p>    <img   decoding=\"async\" loading=\"lazy\" src=\"https:\/\/www.europesays.com\/fr\/wp-content\/uploads\/2025\/09\/auteur-du-loiret-2-960x640.jpg\" alt=\"Jauffr\u00e9 Montferrand, habitant du Loiret, n'a cess\u00e9 de s'int\u00e9resser aux chroniques historiques sur les traditions pa\u00efennes. Des connaissances dont il sort une trilogie.\" width=\"960\" height=\"640\"\/><br \/>\n    Jauffr\u00e9 Montferrand, habitant du Loiret, n\u2019a cess\u00e9 de s\u2019int\u00e9resser aux chroniques historiques sur les traditions pa\u00efennes. Des connaissances dont il sort une trilogie. (\u00a9No\u00e9 Davenas)<\/p>\n<p class=\"ac-article-content__question wall-content\">Vous vous inspirez beaucoup de la mythologie nordique ou perse. Comment est-ce que vous avez acquis toutes ces connaissances ?<\/p>\n<p class=\" wall-content\"><strong class=\"color-primary\">JM : <\/strong>Un livre, \u00e7a demande un temps de pr\u00e9paration. M\u00eame un livre de haute fantaisie. Nous n&rsquo;\u00e9crivons pas d&rsquo;un seul jet. Il y a eu plusieurs versions, des remords, des abandons&#8230; Pour me renseigner, j&rsquo;ai lu \u00e0 peu pr\u00e8s toute la litt\u00e9rature de la saga scandinave et des romans m\u00e9di\u00e9vaux. Notamment, de la litt\u00e9rature norv\u00e9gienne, datant du 13e si\u00e8cle, d&rsquo;auteurs chr\u00e9tiens. J&rsquo;y ai trouv\u00e9 beaucoup de synth\u00e8ses de traditions pa\u00efennes. Bien s\u00fbr, ce n&rsquo;\u00e9tait pas \u00e9crit avec une vision d&rsquo;historien. Mais je dois dire que ces chroniques historiques ont \u00e9t\u00e9 \u00e9crites remarquablement bien et je m&rsquo;en suis inspir\u00e9 pour \u00ab\u00a0Le Loup du Septentrion\u00a0\u00bb.<\/p>\n<blockquote class=\"ac-article-quote wall-content\">\n<p>Je me suis \u00e9galement int\u00e9ress\u00e9 \u00e0 la mythologie \u00e9gyptienne, pour le deuxi\u00e8me volet \u00ab\u00a0L&rsquo;\u00e9p\u00e9e royale\u00a0\u00bb. J&rsquo;y puise mon inspiration dans la magie des Mille et une nuits ou leur conception de l&rsquo;au-del\u00e0. Une repr\u00e9sentation de la vie aux confins du monde fantastique et du monde r\u00e9el.<\/p>\n<p>    <strong>Jauffr\u00e9 Montferrand,<\/strong><br \/>\n        Auteur    <\/p><\/blockquote>\n<p class=\"ac-article-content__question wall-content\">Sur votre compte Instagram, vous souligner que vous \u00eates contre \u00ab\u00a0la romance dans l&rsquo;heroic fantasy\u00a0\u00bb. Qu&rsquo;est ce que cela signifie ?<\/p>\n<p class=\" wall-content\"><strong class=\"color-primary\">JM : <\/strong>La romance est un genre qui dans le d\u00e9cor d&rsquo;une fiction apporte peu. Evidemment, il y a de la romance dans des univers de fantaisie, mais le coeur de la romance est l&rsquo;histoire sentimentale. Alors oui, la romance a un vrai public aujourd&rsquo;hui. Quand on regarde les rayonnages en librairie par exemple, \u00e7a mange un petit peu les autres genres. Et \u00e7a a tendance \u00e0 m&rsquo;irriter quelque peu. <br \/>Moi, ce qui m&rsquo;a toujours int\u00e9ress\u00e9, c&rsquo;est l&rsquo;\u00e9pop\u00e9e, et l&rsquo;\u00e9pop\u00e9e tragique. Un genre vraiment pass\u00e9 de mode pour le coup (rires).<\/p>\n<p>Votre r\u00e9gion, votre actu !<\/p>\n<p>Recevez chaque jour les infos qui comptent pour vous.<\/p>\n<p>\t<a href=\"https:\/\/actu.fr\/newsletter\" class=\"ac-btn ac-btn--corner ac-btn--medium ac-btn--blue800\" rel=\"nofollow noopener\" target=\"_blank\">S&rsquo;incrire<\/a><\/p>\n<p class=\"ac-article-content__question wall-content\">Alors pour les fans d&rsquo;heroic fantasy avez-vous des \u00e9v\u00e9nements de pr\u00e9vus pour rencontrer votre public ?<\/p>\n<p class=\" wall-content\"><strong class=\"color-primary\">JM : <\/strong>Je ne fais de la promotion ou je communique uniquement sur les r\u00e9seaux sociaux. Je consid\u00e8re qu&rsquo;il faut avancer avec son temps. Avec mon emploi en parall\u00e8le, je ne peux pas me consacrer, pleinement \u00e0 une activit\u00e9 de promotion, attendre sur une chaise que quelqu&rsquo;un vienne me voir, dans un salon litt\u00e9raire. Mais je ne suis pas loin de la retraite, alors j&rsquo;aurai tout le temps de me concentrer sur mon activit\u00e9 d&rsquo;auteur. Je suis d&rsquo;ailleurs sur l&rsquo;\u00e9criture d&rsquo;une deuxi\u00e8me trilogie. J&rsquo;esp\u00e8re pouvoir la finir.<\/p>\n<p class=\" wall-content\"><strong>\u00ab\u2009Les contes de Medyomor III\u2009: Le Loup du Septentrion\u2009\u00bb de Jauffr\u00e9 Montferrand, sorti le 16\u00a0juin 2025 aux \u00e9ditions V\u00e9rone, disponible \u00e0 la <a href=\"https:\/\/www.editions-verone.com\/auteur\/montferrand-jauffre\/le-loup-du-septentrion\/\" rel=\"nofollow noopener\" target=\"_blank\">vente en ligne<\/a>. <br \/>Prix\u2009: 26\u00a0euros.<\/strong><\/p>\n<p class=\" wall-content\">Personnalisez votre actualit\u00e9 en ajoutant vos villes et m\u00e9dias en favori avec <a href=\"https:\/\/moncompte.actu.fr\" title=\"D\u00e9couvez Mon Actu\" rel=\"nofollow noopener\" data-trk=\"{&quot;cta&quot;:{&quot;action&quot;:&quot;https:\\\/\\\/moncompte.actu.fr&quot;,&quot;category&quot;:&quot;mon compte&quot;,&quot;from&quot;:&quot;article footer&quot;,&quot;name&quot;:&quot;Mon actu&quot;,&quot;type&quot;:&quot;cta&quot;}}\" target=\"_blank\">Mon Actu<\/a>.<\/p>\n","protected":false},"excerpt":{"rendered":"Par Noe Davenas Publi\u00e9 le 6 sept. 2025 \u00e0 8h32 Influenc\u00e9 par J.R.R Tolkien et les univers parall\u00e8les&hellip;\n","protected":false},"author":2,"featured_media":370013,"comment_status":"","ping_status":"","sticky":false,"template":"","format":"standard","meta":{"footnotes":""},"categories":[1357],"tags":[1379,58,59,1011,27,937,1380,104],"class_list":{"0":"post-370012","1":"post","2":"type-post","3":"status-publish","4":"format-standard","5":"has-post-thumbnail","7":"category-livres","8":"tag-books","9":"tag-divertissement","10":"tag-entertainment","11":"tag-fr","12":"tag-france","13":"tag-histoire","14":"tag-livres","15":"tag-societe"},"share_on_mastodon":{"url":"https:\/\/pubeurope.com\/@fr\/115155995630725726","error":""},"_links":{"self":[{"href":"https:\/\/www.europesays.com\/fr\/wp-json\/wp\/v2\/posts\/370012","targetHints":{"allow":["GET"]}}],"collection":[{"href":"https:\/\/www.europesays.com\/fr\/wp-json\/wp\/v2\/posts"}],"about":[{"href":"https:\/\/www.europesays.com\/fr\/wp-json\/wp\/v2\/types\/post"}],"author":[{"embeddable":true,"href":"https:\/\/www.europesays.com\/fr\/wp-json\/wp\/v2\/users\/2"}],"replies":[{"embeddable":true,"href":"https:\/\/www.europesays.com\/fr\/wp-json\/wp\/v2\/comments?post=370012"}],"version-history":[{"count":0,"href":"https:\/\/www.europesays.com\/fr\/wp-json\/wp\/v2\/posts\/370012\/revisions"}],"wp:featuredmedia":[{"embeddable":true,"href":"https:\/\/www.europesays.com\/fr\/wp-json\/wp\/v2\/media\/370013"}],"wp:attachment":[{"href":"https:\/\/www.europesays.com\/fr\/wp-json\/wp\/v2\/media?parent=370012"}],"wp:term":[{"taxonomy":"category","embeddable":true,"href":"https:\/\/www.europesays.com\/fr\/wp-json\/wp\/v2\/categories?post=370012"},{"taxonomy":"post_tag","embeddable":true,"href":"https:\/\/www.europesays.com\/fr\/wp-json\/wp\/v2\/tags?post=370012"}],"curies":[{"name":"wp","href":"https:\/\/api.w.org\/{rel}","templated":true}]}}