{"id":370014,"date":"2025-09-06T06:43:40","date_gmt":"2025-09-06T06:43:40","guid":{"rendered":"https:\/\/www.europesays.com\/fr\/370014\/"},"modified":"2025-09-06T06:43:40","modified_gmt":"2025-09-06T06:43:40","slug":"greys-anatomy-s08-e22-moment-de-verite","status":"publish","type":"post","link":"https:\/\/www.europesays.com\/fr\/370014\/","title":{"rendered":"Grey&rsquo;s anatomy &#8211; S08 E22 &#8211; Moment de v\u00e9rit\u00e9"},"content":{"rendered":"<p id=\"descriptionPanel\" class=\"text-secondary mr-2 line-clamp-2 pr-2.5 overflow-visible\">Les r\u00e9sidents passent leurs oraux. Cristina ne s\u2019entend pas avec son examinateur, assez \u00e2g\u00e9, qu\u2019elle estime avoir une approche archa\u00efque de la chirurgie. Meredith est malade et n\u2019arr\u00eate pas de vomir. Prise de panique, April ne cesse de revenir sur ses r\u00e9ponses. Jackson a du mal \u00e0 se concentrer car il entend sa m\u00e8re faire passer l\u2019examen dans la pi\u00e8ce \u00e0 c\u00f4t\u00e9. Alex arrive en retard et rate la premi\u00e8re des trois sessions de vingt minutes. Arizona accueille \u00e0 l\u2019h\u00f4pital son vieil ami Nick, qui \u00e9tait le meilleur ami de son fr\u00e8re. Il souffre d&rsquo;un cancer. Elle d\u00e9couvre qu\u2019il est malade depuis six ans et non six mois, comme il le lui avait dit. Callie l\u2019op\u00e8re, mais il est trop tard. Arizona se dispute avec Nick. Elle est furieuse qu\u2019il ait attendu aussi longtemps avant de venir la voir. Bailey fait visiter l\u2019h\u00f4pital \u00e0 des candidats cens\u00e9s remplacer les r\u00e9sidents qui vont partir. Ils ne plaisent pas aux titulaires.<\/p>\n<p>Afficher la version longue du r\u00e9sum\u00e9<a class=\"shrink-0\" href=\"https:\/\/www.tf1.fr\/tf1\/greys-anatomy\" target=\"_blank\" rel=\"noopener\"><img decoding=\"async\" src=\"https:\/\/www.europesays.com\/fr\/wp-content\/uploads\/2025\/08\/flux-program-card-portrait-1-greys-anatomy-saison-21-2693a1-f28875-d5f08c-0@1x.jpg\" width=\"138\" height=\"184\" alt=\"\" loading=\"eager\" fetchpriority=\"auto\" class=\"rounded-3px aspect-[3\/4] h-24 w-auto\" aria-hidden=\"true\"\/><\/a><\/p>\n","protected":false},"excerpt":{"rendered":"Les r\u00e9sidents passent leurs oraux. Cristina ne s\u2019entend pas avec son examinateur, assez \u00e2g\u00e9, qu\u2019elle estime avoir une&hellip;\n","protected":false},"author":2,"featured_media":370015,"comment_status":"","ping_status":"","sticky":false,"template":"","format":"standard","meta":{"footnotes":""},"categories":[1356],"tags":[58,59,1365,43635,49673,41047,1011,27,43637,49674,43633,43645,43649,49672,49678,49680,49676,43641,43647,49679,43643,49677,252,1364,43639,49675],"class_list":{"0":"post-370014","1":"post","2":"type-post","3":"status-publish","4":"format-standard","5":"has-post-thumbnail","7":"category-television","8":"tag-divertissement","9":"tag-entertainment","10":"tag-episode","11":"tag-episode-greys-anatomy","12":"tag-episode-greys-anatomy-tf1","13":"tag-episode-tf1","14":"tag-fr","15":"tag-france","16":"tag-greys-anatomy-episode","17":"tag-greys-anatomy-episode-tf1","18":"tag-serie-greys-anatomy","19":"tag-serie-greys-anatomy-streaming","20":"tag-serie-greys-anatomy-streaming-gratuit","21":"tag-serie-greys-anatomy-tf1","22":"tag-serie-greys-anatomy-tf1-streaming","23":"tag-serie-greys-anatomy-tf1-streaming-gratuit","24":"tag-serie-greys-anatomy-tf1-video","25":"tag-serie-greys-anatomy-video","26":"tag-streaming-gratuit-serie-greys-anatomy","27":"tag-streaming-gratuit-serie-greys-anatomy-tf1","28":"tag-streaming-serie-greys-anatomy","29":"tag-streaming-serie-greys-anatomy-tf1","30":"tag-television","31":"tag-tv","32":"tag-video-serie-greys-anatomy","33":"tag-video-serie-greys-anatomy-tf1"},"share_on_mastodon":{"url":"","error":"Validation failed: Text character limit of 500 exceeded"},"_links":{"self":[{"href":"https:\/\/www.europesays.com\/fr\/wp-json\/wp\/v2\/posts\/370014","targetHints":{"allow":["GET"]}}],"collection":[{"href":"https:\/\/www.europesays.com\/fr\/wp-json\/wp\/v2\/posts"}],"about":[{"href":"https:\/\/www.europesays.com\/fr\/wp-json\/wp\/v2\/types\/post"}],"author":[{"embeddable":true,"href":"https:\/\/www.europesays.com\/fr\/wp-json\/wp\/v2\/users\/2"}],"replies":[{"embeddable":true,"href":"https:\/\/www.europesays.com\/fr\/wp-json\/wp\/v2\/comments?post=370014"}],"version-history":[{"count":0,"href":"https:\/\/www.europesays.com\/fr\/wp-json\/wp\/v2\/posts\/370014\/revisions"}],"wp:featuredmedia":[{"embeddable":true,"href":"https:\/\/www.europesays.com\/fr\/wp-json\/wp\/v2\/media\/370015"}],"wp:attachment":[{"href":"https:\/\/www.europesays.com\/fr\/wp-json\/wp\/v2\/media?parent=370014"}],"wp:term":[{"taxonomy":"category","embeddable":true,"href":"https:\/\/www.europesays.com\/fr\/wp-json\/wp\/v2\/categories?post=370014"},{"taxonomy":"post_tag","embeddable":true,"href":"https:\/\/www.europesays.com\/fr\/wp-json\/wp\/v2\/tags?post=370014"}],"curies":[{"name":"wp","href":"https:\/\/api.w.org\/{rel}","templated":true}]}}