{"id":370016,"date":"2025-09-06T06:44:17","date_gmt":"2025-09-06T06:44:17","guid":{"rendered":"https:\/\/www.europesays.com\/fr\/370016\/"},"modified":"2025-09-06T06:44:17","modified_gmt":"2025-09-06T06:44:17","slug":"vended-perd-un-membre-fondateur-juste-avant-de-partir-en-tournee","status":"publish","type":"post","link":"https:\/\/www.europesays.com\/fr\/370016\/","title":{"rendered":"Vended perd un membre fondateur juste avant de partir en tourn\u00e9e"},"content":{"rendered":"<p><strong>Le groupe de <a href=\"https:\/\/www.metalzone.fr\/nu-metal\/\" rel=\"nofollow noopener\" target=\"_blank\">nu metal<\/a> <a href=\"https:\/\/www.metalzone.fr\/vended\/\" rel=\"nofollow noopener\" target=\"_blank\">Vended<\/a> a annonc\u00e9 le d\u00e9part de son guitariste Connor \u201cGrod\u201d Grodzicki, invoquant des raisons personnelles, dans un message publi\u00e9 sur les r\u00e9seaux sociaux.<\/strong><\/p>\n<p>Un d\u00e9part inattendu pour des raisons personnelles<\/p>\n<p>Vended, le jeune groupe de nu metal emmen\u00e9 par Griffin Taylor (fils de <a href=\"https:\/\/www.metalzone.fr\/corey-taylor\/\" rel=\"nofollow noopener\" target=\"_blank\">Corey Taylor<\/a>) et Simon Crahan (fils de Shawn \u201cClown\u201d Crahan, de <a href=\"https:\/\/www.metalzone.fr\/slipknot\/\" rel=\"nofollow noopener\" target=\"_blank\">Slipknot<\/a>), vient de perdre l\u2019un de ses membres fondateurs. Dans une d\u00e9claration officielle partag\u00e9e ce vendredi 5 septembre via ses r\u00e9seaux sociaux, le groupe a confirm\u00e9 le d\u00e9part de son guitariste Connor Grodzicki.<\/p>\n<p>Le message indique : \u201cNotre guitariste Grod a pris la dure d\u00e9cision de quitter le groupe pour des raisons personnelles. Ce n\u2019\u00e9tait pas un choix facile, mais nous le respectons pleinement. Grod a \u00e9t\u00e9 un fr\u00e8re incroyable pour nous, sur sc\u00e8ne comme en dehors, et ses contributions feront toujours partie de notre identit\u00e9.\u201d<\/p>\n<p>La formation poursuit : \u201cM\u00eame s\u2019il est difficile de lui dire au revoir, nous sommes reconnaissants pour le temps, l\u2019\u00e9nergie et l\u2019amour qu\u2019il a investis dans ce projet. Nous vous demandons de le soutenir alors qu\u2019il suit d\u00e9sormais son propre chemin. Quant \u00e0 nous, nous allons continuer d\u2019avancer, de cr\u00e9er, et de tout donner pour celles et ceux qui croient en nous.\u201d<\/p>\n<p>Une tourn\u00e9e maintenue malgr\u00e9 tout<\/p>\n<p>Ce changement intervient alors que Vended s\u2019appr\u00eate \u00e0 repartir en tourn\u00e9e en premi\u00e8re partie de <a href=\"https:\/\/www.metalzone.fr\/mudvayne\/\" rel=\"nofollow noopener\" target=\"_blank\">Mudvayne<\/a> et <a href=\"https:\/\/www.metalzone.fr\/static-x\/\" rel=\"nofollow noopener\" target=\"_blank\">Static X<\/a> aux \u00c9tats-Unis, pour c\u00e9l\u00e9brer les 25 ans de L.D. 50 et Wisconsin Death Trip. Aucune information n\u2019a encore \u00e9t\u00e9 donn\u00e9e quant \u00e0 un \u00e9ventuel rempla\u00e7ant pour Grodzicki.<\/p>\n<p>En parall\u00e8le, Vended a \u00e9galement pr\u00e9vu quelques dates en solo, notamment \u00e0 Indianapolis le 16 septembre et \u00e0 Boise le 5 octobre, ainsi qu\u2019une s\u00e9rie de concerts avec Empty Shell Casing fin octobre et d\u00e9but novembre.<\/p>\n<p>Pour m\u00e9moire, le groupe avait r\u00e9agi fin 2024 aux accusations de n\u00e9potisme, affirmant qu\u2019il devait son succ\u00e8s \u00e0 son propre travail. Simon Crahan avait d\u00e9clar\u00e9 : \u201cNous ne sommes pas l\u00e0 gr\u00e2ce \u00e0 nos p\u00e8res, mais gr\u00e2ce \u00e0 notre talent.\u201d<\/p>\n<blockquote class=\"twitter-tweet\">\n<p dir=\"ltr\" lang=\"en\">To our fans\u2026<br \/>With love and respect, VENDED <a href=\"https:\/\/t.co\/az6Jw4XafX\" rel=\"nofollow\">pic.twitter.com\/az6Jw4XafX<\/a><\/p>\n<p>\u2014 vended_official (@OfficialVended) <a href=\"https:\/\/twitter.com\/OfficialVended\/status\/1964011865056440649?ref_src=twsrc%5Etfw\" rel=\"nofollow noopener\" target=\"_blank\">September 5, 2025<\/a><\/p>\n<\/blockquote>\n<p><script async src=\"https:\/\/platform.twitter.com\/widgets.js\" charset=\"utf-8\"><\/script><\/p>\n","protected":false},"excerpt":{"rendered":"Le groupe de nu metal Vended a annonc\u00e9 le d\u00e9part de son guitariste Connor \u201cGrod\u201d Grodzicki, invoquant des&hellip;\n","protected":false},"author":2,"featured_media":370017,"comment_status":"","ping_status":"","sticky":false,"template":"","format":"standard","meta":{"footnotes":""},"categories":[1355],"tags":[58,59,1011,27,1361,873],"class_list":{"0":"post-370016","1":"post","2":"type-post","3":"status-publish","4":"format-standard","5":"has-post-thumbnail","7":"category-musique","8":"tag-divertissement","9":"tag-entertainment","10":"tag-fr","11":"tag-france","12":"tag-music","13":"tag-musique"},"share_on_mastodon":{"url":"https:\/\/pubeurope.com\/@fr\/115156003366407420","error":""},"_links":{"self":[{"href":"https:\/\/www.europesays.com\/fr\/wp-json\/wp\/v2\/posts\/370016","targetHints":{"allow":["GET"]}}],"collection":[{"href":"https:\/\/www.europesays.com\/fr\/wp-json\/wp\/v2\/posts"}],"about":[{"href":"https:\/\/www.europesays.com\/fr\/wp-json\/wp\/v2\/types\/post"}],"author":[{"embeddable":true,"href":"https:\/\/www.europesays.com\/fr\/wp-json\/wp\/v2\/users\/2"}],"replies":[{"embeddable":true,"href":"https:\/\/www.europesays.com\/fr\/wp-json\/wp\/v2\/comments?post=370016"}],"version-history":[{"count":0,"href":"https:\/\/www.europesays.com\/fr\/wp-json\/wp\/v2\/posts\/370016\/revisions"}],"wp:featuredmedia":[{"embeddable":true,"href":"https:\/\/www.europesays.com\/fr\/wp-json\/wp\/v2\/media\/370017"}],"wp:attachment":[{"href":"https:\/\/www.europesays.com\/fr\/wp-json\/wp\/v2\/media?parent=370016"}],"wp:term":[{"taxonomy":"category","embeddable":true,"href":"https:\/\/www.europesays.com\/fr\/wp-json\/wp\/v2\/categories?post=370016"},{"taxonomy":"post_tag","embeddable":true,"href":"https:\/\/www.europesays.com\/fr\/wp-json\/wp\/v2\/tags?post=370016"}],"curies":[{"name":"wp","href":"https:\/\/api.w.org\/{rel}","templated":true}]}}