{"id":370022,"date":"2025-09-06T06:47:09","date_gmt":"2025-09-06T06:47:09","guid":{"rendered":"https:\/\/www.europesays.com\/fr\/370022\/"},"modified":"2025-09-06T06:47:09","modified_gmt":"2025-09-06T06:47:09","slug":"psg-david-de-gea-dezingue-luis-enrique-pour-donnarumma","status":"publish","type":"post","link":"https:\/\/www.europesays.com\/fr\/370022\/","title":{"rendered":"PSG, David De Gea d\u00e9zingue Luis Enrique pour Donnarumma"},"content":{"rendered":"<p>Quand une l\u00e9gende des cages prend la parole, le monde du football tend l\u2019oreille. Mais lorsque ses mots ciblent un entra\u00eeneur avec lequel il a d\u00e9j\u00e0 eu des diff\u00e9rends, la d\u00e9claration prend une toute autre dimension. <a href=\"https:\/\/www.ouest-france.fr\/sport\/football\/paris-sg\/psg-luis-enrique-a-ete-direct-avec-moi-revele-gianluigi-donnarumma-parti-a-manchester-city-87f4d6a0-88dc-11f0-86eb-dac26b435301\" target=\"_self\" rel=\"noopener\">Cet \u00e9t\u00e9, la d\u00e9cision de Luis Enrique de pousser vers la sortie Gianluigi Donnarumma, malgr\u00e9 son r\u00f4le d\u00e9cisif dans le tripl\u00e9 historique du Paris Saint-Germain, a suscit\u00e9 de vives r\u00e9actions.<\/a> Et la plus marquante est venue de David De Gea, qui n\u2019a pas h\u00e9sit\u00e9 \u00e0 s\u2019exprimer avec franchise dans un entretien accord\u00e9 \u00e0 So Foot.<\/p>\n<p>Contenu externe recommand\u00e9Vid\u00e9oNous avons besoin de votre consentement pour vous montrer le contenu int\u00e9gr\u00e9 de notre \u00e9quipe \u00e9ditorialeVid\u00e9o . Vous pouvez activer ceci (et tous les autres \u00e9l\u00e9ments int\u00e9gr\u00e9s \u00e0 partir deVid\u00e9o (via goal.com) en un seul clic et d\u00e9sactivez-le \u00e9galement.Toujours afficherVid\u00e9o contenuJe confirme que je souhaite voir du contenu externe. Des donn\u00e9es personnelles identifiables pourraient \u00eatre transf\u00e9r\u00e9es \u00e0 des tiers.<a href=\"https:\/\/www.goal.com\/fr\/l%C3%A9gal\/politique-priv%C3%A9e\" target=\"_blank\" rel=\"noreferrer noopener\"> Pour en savoir plus, consultez notre politique de confidentialit\u00e9.<\/a> .<\/p>\n","protected":false},"excerpt":{"rendered":"Quand une l\u00e9gende des cages prend la parole, le monde du football tend l\u2019oreille. Mais lorsque ses mots&hellip;\n","protected":false},"author":2,"featured_media":370023,"comment_status":"","ping_status":"","sticky":false,"template":"","format":"standard","meta":{"footnotes":""},"categories":[9],"tags":[50428,1011,27,30055,4253,66,921,91,50429,60],"class_list":{"0":"post-370022","1":"post","2":"type-post","3":"status-publish","4":"format-standard","5":"has-post-thumbnail","7":"category-sports","8":"tag-d-de-gea","9":"tag-fr","10":"tag-france","11":"tag-g-donnarumma","12":"tag-lens","13":"tag-ligue-1","14":"tag-luis-enrique","15":"tag-paris-saint-germain","16":"tag-paris-saint-germain-vs-lens","17":"tag-sports"},"share_on_mastodon":{"url":"https:\/\/pubeurope.com\/@fr\/115156015258984777","error":""},"_links":{"self":[{"href":"https:\/\/www.europesays.com\/fr\/wp-json\/wp\/v2\/posts\/370022","targetHints":{"allow":["GET"]}}],"collection":[{"href":"https:\/\/www.europesays.com\/fr\/wp-json\/wp\/v2\/posts"}],"about":[{"href":"https:\/\/www.europesays.com\/fr\/wp-json\/wp\/v2\/types\/post"}],"author":[{"embeddable":true,"href":"https:\/\/www.europesays.com\/fr\/wp-json\/wp\/v2\/users\/2"}],"replies":[{"embeddable":true,"href":"https:\/\/www.europesays.com\/fr\/wp-json\/wp\/v2\/comments?post=370022"}],"version-history":[{"count":0,"href":"https:\/\/www.europesays.com\/fr\/wp-json\/wp\/v2\/posts\/370022\/revisions"}],"wp:featuredmedia":[{"embeddable":true,"href":"https:\/\/www.europesays.com\/fr\/wp-json\/wp\/v2\/media\/370023"}],"wp:attachment":[{"href":"https:\/\/www.europesays.com\/fr\/wp-json\/wp\/v2\/media?parent=370022"}],"wp:term":[{"taxonomy":"category","embeddable":true,"href":"https:\/\/www.europesays.com\/fr\/wp-json\/wp\/v2\/categories?post=370022"},{"taxonomy":"post_tag","embeddable":true,"href":"https:\/\/www.europesays.com\/fr\/wp-json\/wp\/v2\/tags?post=370022"}],"curies":[{"name":"wp","href":"https:\/\/api.w.org\/{rel}","templated":true}]}}