{"id":370026,"date":"2025-09-06T06:49:18","date_gmt":"2025-09-06T06:49:18","guid":{"rendered":"https:\/\/www.europesays.com\/fr\/370026\/"},"modified":"2025-09-06T06:49:18","modified_gmt":"2025-09-06T06:49:18","slug":"sony-et-jvc-peuvent-trembler-xgimi-debarque-avec-son-titan","status":"publish","type":"post","link":"https:\/\/www.europesays.com\/fr\/370026\/","title":{"rendered":"Sony et JVC peuvent trembler, Xgimi d\u00e9barque avec son Titan"},"content":{"rendered":"<p>Apr\u00e8s plus d\u2019une d\u00e9cennie consacr\u00e9e exclusivement aux vid\u00e9oprojecteurs domestiques, Xgimi annonce le lancement du Titan, son premier mod\u00e8le destin\u00e9 aux salles d\u00e9di\u00e9es. Capable d\u2019afficher une image Ultra HD, d\u2019apr\u00e8s son fabricant, il veut marcher directement sur les platebandes des mod\u00e8les haut de gamme de Sony, JVC, Epson et Optoma.<\/p>\n<p><a href=\"https:\/\/images.frandroid.com\/wp-content\/uploads\/2025\/09\/xgimi-titan-ifa2025-scene.jpg\" target=\"_blank\" class=\"article-content__figure\" rel=\"nofollow noopener\"><img fetchpriority=\"high\" decoding=\"async\" loading=\"eager\" width=\"1200\" height=\"683\" src=\"https:\/\/www.europesays.com\/fr\/wp-content\/uploads\/2025\/09\/xgimi-titan-ifa2025-scene.jpg\" alt=\"\" class=\"wp-image-2785037 wp-image wp-image\"  \/><\/a>Xgimi Titan \/\/ Source : Sylvain Pichot \u2013 Frandroid<\/p>\n<p>Pr\u00e9sent\u00e9 lors de l\u2019IFA 2025 de Berlin, ce vid\u00e9oprojecteur 4K \u00e0 double source laser avec une roue au phosphore vise les salles de conf\u00e9rence, les espaces \u00e9v\u00e9nementiels et les installations de home cin\u00e9ma haut de gamme. Avec cette incursion sur un march\u00e9 domin\u00e9 par des acteurs historiques, le fabricant chinois entend apporter sa vision centr\u00e9e sur la simplicit\u00e9 et l\u2019accessibilit\u00e9.<\/p>\n<p class=\"shortcode-container see-more\">\n    Pour aller plus loin<br \/><a href=\"https:\/\/www.frandroid.com\/guide-dachat\/843269_meilleurs-videoprojecteurs-selection\" rel=\"nofollow noopener\" target=\"_blank\">Quels sont les meilleurs vid\u00e9oprojecteurs en 2025\u2009? Notre s\u00e9lection<\/a>\n            <\/p>\n<p>Une fiche technique adapt\u00e9e aux environnements exigeants<\/p>\n<p>Le Xgimi Titan repose sur une architecture technique solide, pens\u00e9e pour r\u00e9pondre aux exigences des environnements professionnels. Selon le fabricant, ce vid\u00e9oprojecteur d\u00e9livre une luminosit\u00e9 de 5 000 Lumens ISO gr\u00e2ce \u00e0 sa source double laser, permettant des projections de qualit\u00e9 m\u00eame dans des conditions d\u2019\u00e9clairage d\u00e9favorables. <\/p>\n<p><a href=\"https:\/\/images.frandroid.com\/wp-content\/uploads\/2025\/09\/xgimi-titan-ifa2025-optique.jpg\" target=\"_blank\" class=\"article-content__figure\" rel=\"nofollow noopener\"><img loading=\"lazy\" decoding=\"async\" width=\"1200\" height=\"739\" src=\"https:\/\/www.europesays.com\/fr\/wp-content\/uploads\/2025\/09\/xgimi-titan-ifa2025-optique-1200x739.jpg\" alt=\"\" class=\"wp-image-2785041 wp-image\"  \/><\/a>Xgimi Titan optique \/\/ Source : Sylvain Pichot \u2013 Frandroid<\/p>\n<p>Il s\u2019appuie sur une puce DLP de 0,78 pouce. En outre, la marque annonce un contraste dynamique de 5 000 000:1, garantissant une restitution fid\u00e8le des d\u00e9tails et des nuances.<\/p>\n<p>Pour toutes les installations, des particuliers, mais aussi des professionnels<\/p>\n<p>L\u2019un des atouts majeurs du Titan r\u00e9side dans sa flexibilit\u00e9 d\u2019installation. En effet, le vid\u00e9oprojecteur embarque un syst\u00e8me de lens shift particuli\u00e8rement g\u00e9n\u00e9reux, avec un d\u00e9calage vertical de plus ou moins 100 % et horizontal de plus ou moins 40 %. Cette amplitude, coupl\u00e9e \u00e0 un zoom optique 1,2-1,8x, facilite grandement le positionnement dans des espaces contraints sans compromettre la qualit\u00e9 de l\u2019image. Le rapport de projection variable entre 1,2:1 et 1,8:1 permet \u00e9galement une adaptation ais\u00e9e aux diff\u00e9rentes configurations de salles. Xgimi recommande une taille d\u2019image maximale de 180 pouces en diagonale.<\/p>\n<p><a href=\"https:\/\/images.frandroid.com\/wp-content\/uploads\/2025\/09\/xgimi-titan-ifa2025.jpg\" target=\"_blank\" class=\"article-content__figure\" rel=\"nofollow noopener\"><img loading=\"lazy\" decoding=\"async\" width=\"1200\" height=\"903\" src=\"https:\/\/www.europesays.com\/fr\/wp-content\/uploads\/2025\/09\/xgimi-titan-ifa2025-1200x903.jpg\" alt=\"\" class=\"wp-image-2785039 wp-image\"  \/><\/a>Xgimi Titan \/\/ Source : Sylvain Pichot \u2013 Frandroid<\/p>\n<p>En plus, notez la possibilit\u00e9 de tout automatis\u00e9, pratique pour les \u00e9v\u00e8nements, par exemple car, on peut d\u00e9placer l\u2019image, sans aucune perte cr\u00e9ant ainsi un effet d\u2019animation.<\/p>\n<p>Dolby Vision et peut-\u00eatre m\u00eame compatible Dolby Vision 2\u2026<\/p>\n<p>Le vid\u00e9oprojecteur Xgimi Titan est compatible <a href=\"https:\/\/www.frandroid.com\/comment-faire\/563762_hdr10-hdr10-hlg-et-dolby-vision-quelles-differences-entre-les-standards-hdr\" rel=\"nofollow noopener\" target=\"_blank\">Dolby Vision et IMAX Enhanced<\/a>. Rappelons que ce n\u2019est pas le cas des Sony ou JVC, leur concurrent direct. En outre, selon la marque, il ne serait pas impossible qu\u2019il arrive \u00e0 supporter le nouveau format <a href=\"https:\/\/www.frandroid.com\/produits-android\/tv-connectee-produits\/2779507_le-dolby-vision-2-quest-ce-que-cela-change-pour-la-qualite-dimage-en-hdr-pour-votre-tv\" rel=\"nofollow noopener\" target=\"_blank\">Dolby Vision 2<\/a> \u00e9tant donn\u00e9 sa date de disponibilit\u00e9 qui est pr\u00e9vu d\u2019ici quelques mois. Cependant, \u00e9tant donn\u00e9 que la certification Dolby Vision 2 Max demande l\u2019int\u00e9gration de capteur, il pourrait \u00eatre cantonn\u00e9 au Dolby Vision 2 (standard).<\/p>\n<p>La connectivit\u00e9 n\u2019est pas en reste avec deux ports HDMI 2.1, des entr\u00e9es USB 3.0 et 2.0, ainsi qu\u2019une connectivit\u00e9 r\u00e9seau compl\u00e8te incluant le Wi-Fi 6E et le Bluetooth 5.2. Cette richesse en interfaces r\u00e9pond aux besoins vari\u00e9s des installations professionnelles modernes. C\u00f4t\u00e9 audio, les deux haut-parleurs de 12W int\u00e9gr\u00e9s supportent les formats <a href=\"https:\/\/www.frandroid.com\/produits-android\/1505784_dolby-atmos-dtsx-dolby-digital-tout-savoir-sur-les-formats-audio-des-barres-de-son-et-du-home-cinema\" rel=\"nofollow noopener\" target=\"_blank\">DTS-HD, DTS Virtual:X et Dolby Audio<\/a>, offrant une solution acoustique int\u00e9gr\u00e9e pour les pr\u00e9sentations. Notez qu\u2019il n\u2019int\u00e8gre pas de syst\u00e8me connect\u00e9 et donc pour profiter des sources de streaming, il faut lui associer une box externe.<\/p>\n<p>Avec des dimensions de 158\u00a0 x 441 x 368 et un poids de 11,5kg, le Titan reste relativement compact pour un vid\u00e9oprojecteur de cette cat\u00e9gorie.<\/p>\n<p>Disponibilit\u00e9 et prix du vid\u00e9oprojecteur Xgimi Titan<\/p>\n<p>Selon nos informations, le vid\u00e9oprojecteur Xgimi Titan sera disponible d\u2019ici la fin de l\u2019ann\u00e9e 2025 pour un prix de 3999 euros.<\/p>\n","protected":false},"excerpt":{"rendered":"Apr\u00e8s plus d\u2019une d\u00e9cennie consacr\u00e9e exclusivement aux vid\u00e9oprojecteurs domestiques, Xgimi annonce le lancement du Titan, son premier mod\u00e8le&hellip;\n","protected":false},"author":2,"featured_media":370027,"comment_status":"","ping_status":"","sticky":false,"template":"","format":"standard","meta":{"footnotes":""},"categories":[7],"tags":[1011,27,43,40,41,39,42,44],"class_list":{"0":"post-370026","1":"post","2":"type-post","3":"status-publish","4":"format-standard","5":"has-post-thumbnail","7":"category-sciences-et-technologies","8":"tag-fr","9":"tag-france","10":"tag-science","11":"tag-science-and-technology","12":"tag-sciences","13":"tag-sciences-et-technologies","14":"tag-technologies","15":"tag-technology"},"share_on_mastodon":{"url":"https:\/\/pubeurope.com\/@fr\/115156023367517351","error":""},"_links":{"self":[{"href":"https:\/\/www.europesays.com\/fr\/wp-json\/wp\/v2\/posts\/370026","targetHints":{"allow":["GET"]}}],"collection":[{"href":"https:\/\/www.europesays.com\/fr\/wp-json\/wp\/v2\/posts"}],"about":[{"href":"https:\/\/www.europesays.com\/fr\/wp-json\/wp\/v2\/types\/post"}],"author":[{"embeddable":true,"href":"https:\/\/www.europesays.com\/fr\/wp-json\/wp\/v2\/users\/2"}],"replies":[{"embeddable":true,"href":"https:\/\/www.europesays.com\/fr\/wp-json\/wp\/v2\/comments?post=370026"}],"version-history":[{"count":0,"href":"https:\/\/www.europesays.com\/fr\/wp-json\/wp\/v2\/posts\/370026\/revisions"}],"wp:featuredmedia":[{"embeddable":true,"href":"https:\/\/www.europesays.com\/fr\/wp-json\/wp\/v2\/media\/370027"}],"wp:attachment":[{"href":"https:\/\/www.europesays.com\/fr\/wp-json\/wp\/v2\/media?parent=370026"}],"wp:term":[{"taxonomy":"category","embeddable":true,"href":"https:\/\/www.europesays.com\/fr\/wp-json\/wp\/v2\/categories?post=370026"},{"taxonomy":"post_tag","embeddable":true,"href":"https:\/\/www.europesays.com\/fr\/wp-json\/wp\/v2\/tags?post=370026"}],"curies":[{"name":"wp","href":"https:\/\/api.w.org\/{rel}","templated":true}]}}