{"id":370028,"date":"2025-09-06T06:50:11","date_gmt":"2025-09-06T06:50:11","guid":{"rendered":"https:\/\/www.europesays.com\/fr\/370028\/"},"modified":"2025-09-06T06:50:11","modified_gmt":"2025-09-06T06:50:11","slug":"mais-ou-est-passe-ovechka-une-voyageuse-dont-le-doudou-a-ete-egare-condamnee-a-verser-6-000-euros-a-air-france","status":"publish","type":"post","link":"https:\/\/www.europesays.com\/fr\/370028\/","title":{"rendered":"Mais o\u00f9 est pass\u00e9 Ovechka\u00a0? Une voyageuse dont le doudou a \u00e9t\u00e9 \u00e9gar\u00e9 condamn\u00e9e \u00e0 verser 6\u00a0000\u00a0euros \u00e0 Air France\u00a0!"},"content":{"rendered":"<p class=\"paragraph text_align_left lp-f-body-02\">Saint-Exup\u00e9ry, aviateur et grand dessinateur de mouton, aurait ador\u00e9 l\u2019histoire. Celle d\u2019un petit mouton en peluche coinc\u00e9 dans une valise perdue au fin fond d\u2019un a\u00e9roport\u2026 L\u2019histoire en question commence \u00e0 l\u2019\u00e9t\u00e9 2022. Le 1er juillet, <a href=\"https:\/\/www.leparisien.fr\/economie\/greve-a-roissy-et-orly-20-des-vols-annules-de-7-heures-a-14-heures-ce-samedi-2-juillet-01-07-2022-E3R6QDHHYZC6PB4KNQRUZU2K6I.php\" target=\"_self\" rel=\"noopener\">une gr\u00e8ve chez A\u00e9roports de Paris<\/a> (ADP) entra\u00eene <a href=\"https:\/\/www.leparisien.fr\/economie\/greve-a-roissy-apres-un-bug-technique-des-milliers-de-passagers-partis-sans-leurs-bagages-02-07-2022-PR4AGZLISZF45FQEYUNQ4LDX7E.php\" target=\"_self\" rel=\"noopener\">la perte de dizaines de milliers de bagages<\/a> \u00e0 Roissy-Charles-de-Gaulle. Florence et Julien Gendraud, qui s\u2019envolent ce jour-l\u00e0 vers Chicago, avec Air France, atterrissent aux <a href=\"https:\/\/www.leparisien.fr\/international\/etats-unis\/\" target=\"_blank\" rel=\"noreferrer noopener\">\u00c9tats-Unis<\/a> sans leurs cinq bagages mis en soute.<\/p>\n<p class=\"paragraph text_align_left lp-f-body-02\">Une p\u00e9rip\u00e9tie d\u00e9sagr\u00e9able \u2013 \u00ab quinze jours de vacances \u00e0 l\u2019\u00e9tranger sans nos affaires, avec deux enfants en bas \u00e2ge et un senior\u2026 \u00bb, soupire Florence \u2013 mais dont \u00ab on se remet \u00bb, relativise la m\u00e8re de famille.<\/p>\n","protected":false},"excerpt":{"rendered":"Saint-Exup\u00e9ry, aviateur et grand dessinateur de mouton, aurait ador\u00e9 l\u2019histoire. Celle d\u2019un petit mouton en peluche coinc\u00e9 dans&hellip;\n","protected":false},"author":2,"featured_media":370029,"comment_status":"","ping_status":"","sticky":false,"template":"","format":"standard","meta":{"footnotes":""},"categories":[6],"tags":[35,33,34,1011,27,586],"class_list":{"0":"post-370028","1":"post","2":"type-post","3":"status-publish","4":"format-standard","5":"has-post-thumbnail","7":"category-economie","8":"tag-business","9":"tag-economie","10":"tag-economy","11":"tag-fr","12":"tag-france","13":"tag-voyage"},"share_on_mastodon":{"url":"https:\/\/pubeurope.com\/@fr\/115156027036182621","error":""},"_links":{"self":[{"href":"https:\/\/www.europesays.com\/fr\/wp-json\/wp\/v2\/posts\/370028","targetHints":{"allow":["GET"]}}],"collection":[{"href":"https:\/\/www.europesays.com\/fr\/wp-json\/wp\/v2\/posts"}],"about":[{"href":"https:\/\/www.europesays.com\/fr\/wp-json\/wp\/v2\/types\/post"}],"author":[{"embeddable":true,"href":"https:\/\/www.europesays.com\/fr\/wp-json\/wp\/v2\/users\/2"}],"replies":[{"embeddable":true,"href":"https:\/\/www.europesays.com\/fr\/wp-json\/wp\/v2\/comments?post=370028"}],"version-history":[{"count":0,"href":"https:\/\/www.europesays.com\/fr\/wp-json\/wp\/v2\/posts\/370028\/revisions"}],"wp:featuredmedia":[{"embeddable":true,"href":"https:\/\/www.europesays.com\/fr\/wp-json\/wp\/v2\/media\/370029"}],"wp:attachment":[{"href":"https:\/\/www.europesays.com\/fr\/wp-json\/wp\/v2\/media?parent=370028"}],"wp:term":[{"taxonomy":"category","embeddable":true,"href":"https:\/\/www.europesays.com\/fr\/wp-json\/wp\/v2\/categories?post=370028"},{"taxonomy":"post_tag","embeddable":true,"href":"https:\/\/www.europesays.com\/fr\/wp-json\/wp\/v2\/tags?post=370028"}],"curies":[{"name":"wp","href":"https:\/\/api.w.org\/{rel}","templated":true}]}}