{"id":370030,"date":"2025-09-06T06:51:14","date_gmt":"2025-09-06T06:51:14","guid":{"rendered":"https:\/\/www.europesays.com\/fr\/370030\/"},"modified":"2025-09-06T06:51:14","modified_gmt":"2025-09-06T06:51:14","slug":"larmee-israelienne-appelle-les-habitants-de-la-ville-de-gaza-a-partir-vers-une-zone-humanitaire-dans-le-sud-de-lenclave","status":"publish","type":"post","link":"https:\/\/www.europesays.com\/fr\/370030\/","title":{"rendered":"l\u2019arm\u00e9e isra\u00e9lienne appelle les habitants de la ville de Gaza \u00e0 partir vers une \u00ab\u00a0zone humanitaire\u00a0\u00bb dans le sud de l\u2019enclave"},"content":{"rendered":"<p>   L\u2019agence Associated Press remet en cause la version de l\u2019arm\u00e9e isra\u00e9lienne sur les frappes \u00e0 Gaza ayant tu\u00e9 cinq journalistes             <\/p>\n<p class=\"post__live-container--answer-text post__space-node\">Le 25\u00a0ao\u00fbt, <a href=\"https:\/\/www.lemonde.fr\/international\/article\/2025\/08\/25\/gaza-des-frappes-israeliennes-sur-l-hopital-nasser-font-au-moins-20-morts-dont-cinq-journalistes-et-un-secouriste_6634882_3210.html\" target=\"_blank\" rel=\"noopener nofollow\" title=\"Nouvelle fen\u00eatre\">22 personnes dont cinq journalistes<\/a> ont \u00e9t\u00e9 tu\u00e9s dans des frappes isra\u00e9liennes sur un b\u00e2timent de l\u2019h\u00f4pital Nasser de Khan Youn\u00e8s, selon les autorit\u00e9s de la bande de Gaza. L\u2019agence de presse am\u00e9ricaine <a href=\"https:\/\/apnews.com\/article\/gaza-nasser-hospital-attack-journalists-killed-f17b2ed7e662f18fddce04af23d4dd12\" target=\"_blank\" rel=\"noopener nofollow\" title=\"Nouvelle fen\u00eatre\">Associated Press<\/a> (AP) a remis en cause, vendredi, les explications avanc\u00e9es par l\u2019arm\u00e9e isra\u00e9lienne.<\/p>\n<p class=\"post__live-container--answer-text post__space-node\">L\u2019agence AP\u00a0rappelle d\u2019embl\u00e9e que le haut du b\u00e2timent frapp\u00e9 par l\u2019arm\u00e9e isra\u00e9lienne est \u00ab\u00a0un emplacement connu\u00a0\u00bb pour \u00eatre utilis\u00e9 par des journalistes, notamment pour y r\u00e9aliser des flux vid\u00e9o en direct. Selon des t\u00e9moins, l\u2019endroit est \u00ab\u00a0fr\u00e9quemment\u00a0\u00bb survol\u00e9 par des drones et cela a notamment \u00e9t\u00e9 le cas \u00ab\u00a0environ quarante minutes avant l\u2019attaque\u00a0\u00bb, ajoute l\u2019article.<\/p>\n<p class=\"post__live-container--answer-text post__space-node\">L\u2019agence cite un responsable militaire isra\u00e9lien lui ayant d\u00e9clar\u00e9 sous le couvert de l\u2019anonymat que l\u2019arm\u00e9e avait \u00e9t\u00e9 amen\u00e9e \u00e0 penser qu\u2019une cam\u00e9ra sur le toit de l\u2019h\u00f4pital \u00e9tait utilis\u00e9e par le Hamas parce que celle-ci et son op\u00e9rateur \u00e9taient couverts d\u2019une serviette, ce qui a \u00e9t\u00e9 jug\u00e9 \u00ab\u00a0suspect\u00a0\u00bb.<\/p>\n<p class=\"post__live-container--answer-text post__space-node\">En r\u00e9alit\u00e9, il s\u2019agissait d\u2019un journaliste collaborant avec l\u2019agence britanno-canadienne\u00a0Reuters, Hossam Al-Masri, qui avait ses habitudes sur le toit de l\u2019h\u00f4pital et qui aurait d\u00fb ais\u00e9ment \u00eatre identifi\u00e9 comme tel par le drone l\u2019ayant survol\u00e9 avant la premi\u00e8re frappe, qui va entra\u00eener sa mort, \u00e9crit\u00a0AP, notant n\u2019avoir trouv\u00e9 aucune preuve d\u2019une autre cam\u00e9ra sur les lieux du drame ce jour-l\u00e0.<\/p>\n<p>                 <img decoding=\"async\" class=\"post__live-container--img post__space-node\"  src=\"https:\/\/www.europesays.com\/fr\/wp-content\/uploads\/2025\/09\/35f0623_upload-1-02umfup4busg-612751.jpg\" data- alt=\"Cette capture d\u2019\u00e9cran tir\u00e9e d\u2019une vid\u00e9o diffus\u00e9e par Al Ghad TV montre la deuxi\u00e8me des deux s\u00e9ries de frappes isra\u00e9liennes touchant les escaliers ext\u00e9rieurs de l\u2019h\u00f4pital Nasser, quelques minutes apr\u00e8s la premi\u00e8re, \u00e0 Khan Youn\u00e8ss, dans le sud de la bande de Gaza, le 25\u00a0ao\u00fbt 2025.\"\/>   Cette capture d\u2019\u00e9cran tir\u00e9e d\u2019une vid\u00e9o diffus\u00e9e par Al Ghad TV montre la deuxi\u00e8me des deux s\u00e9ries de frappes isra\u00e9liennes touchant les escaliers ext\u00e9rieurs de l\u2019h\u00f4pital Nasser, quelques minutes apr\u00e8s la premi\u00e8re, \u00e0 Khan Youn\u00e8ss, dans le sud de la bande de Gaza, le 25\u00a0ao\u00fbt 2025. AP                 <img decoding=\"async\" class=\"post__live-container--img post__space-node\"  src=\"https:\/\/www.europesays.com\/fr\/wp-content\/uploads\/2025\/09\/5c86922_upload-1-tjpvpot9qe3t-612743.jpg\" data- alt=\"Cette capture d\u2019\u00e9cran d\u2019une vid\u00e9o montre le deuxi\u00e8me des deux projectiles que l\u2019arm\u00e9e isra\u00e9lienne a tir\u00e9s en succession rapide sur une cage d\u2019escalier \u00e0 l\u2019ext\u00e9rieur de l\u2019h\u00f4pital Nasser, quelques minutes apr\u00e8s qu\u2019une premi\u00e8re s\u00e9rie d\u2019attaques a frapp\u00e9 le b\u00e2timent, \u00e0 Khan Youn\u00e8s, dans la bande de Gaza, le 25\u00a0ao\u00fbt 2025.\"\/>   Cette capture d\u2019\u00e9cran d\u2019une vid\u00e9o montre le deuxi\u00e8me des deux projectiles que l\u2019arm\u00e9e isra\u00e9lienne a tir\u00e9s en succession rapide sur une cage d\u2019escalier \u00e0 l\u2019ext\u00e9rieur de l\u2019h\u00f4pital Nasser, quelques minutes apr\u00e8s qu\u2019une premi\u00e8re s\u00e9rie d\u2019attaques a frapp\u00e9 le b\u00e2timent, \u00e0 Khan Youn\u00e8s, dans la bande de Gaza, le 25\u00a0ao\u00fbt 2025. AP               <\/p>\n<p class=\"post__live-container--answer-text post__space-node\">L\u2019agence note \u00e9galement que couvrir sa cam\u00e9ra avec un chiffon ou un tissu dans le but de la prot\u00e9ger des \u00e9l\u00e9ments est une pratique largement r\u00e9pandue chez les journalistes reporters d\u2019images. AP\u00a0dit avoir mis au jour d\u2019\u00ab\u00a0autres d\u00e9cisions troublantes\u00a0\u00bb isra\u00e9liennes.<\/p>\n<p class=\"post__live-container--answer-text post__space-node\">\u00ab\u00a0Peu apr\u00e8s la premi\u00e8re frappe, les forces isra\u00e9liennes ont bombard\u00e9 de nouveau la m\u00eame position, apr\u00e8s [l\u2019arriv\u00e9e] des secours [et de] journalistes [s\u2019\u00e9tant] pr\u00e9cipit\u00e9s pour couvrir l\u2019\u00e9v\u00e9nement\u00a0\u00bb, \u00e9crit l\u2019agence, disant avoir d\u00e9couvert qu\u2019Isra\u00ebl avait frapp\u00e9 en tout \u00ab\u00a0quatre fois\u00a0\u00bb l\u2019h\u00f4pital avec \u00ab\u00a0des obus de char \u00e0 forte charge explosive\u00a0\u00bb, et sans aucun avertissement. L\u2019agence note que cela expose Isra\u00ebl \u00e0 des accusations de \u00ab\u00a0double frappe\u00a0\u00bb, une pratique d\u00e9cri\u00e9e visant \u00e0 faire un maximum de victimes et pouvant constituer un crime de guerre.<\/p>\n<p class=\"post__live-container--answer-text post__space-node\">Mariam Dagga, photojournaliste ind\u00e9pendante collaborant avec\u00a0AP, a \u00e9t\u00e9 tu\u00e9e dans ces frappes secondaires.<\/p>\n","protected":false},"excerpt":{"rendered":"L\u2019agence Associated Press remet en cause la version de l\u2019arm\u00e9e isra\u00e9lienne sur les frappes \u00e0 Gaza ayant tu\u00e9&hellip;\n","protected":false},"author":2,"featured_media":370031,"comment_status":"","ping_status":"","sticky":false,"template":"","format":"standard","meta":{"footnotes":""},"categories":[5],"tags":[11,1011,27,14,12,28],"class_list":{"0":"post-370030","1":"post","2":"type-post","3":"status-publish","4":"format-standard","5":"has-post-thumbnail","7":"category-international","8":"tag-actualites","9":"tag-fr","10":"tag-france","11":"tag-international","12":"tag-news","13":"tag-world"},"share_on_mastodon":{"url":"https:\/\/pubeurope.com\/@fr\/115156030987732875","error":""},"_links":{"self":[{"href":"https:\/\/www.europesays.com\/fr\/wp-json\/wp\/v2\/posts\/370030","targetHints":{"allow":["GET"]}}],"collection":[{"href":"https:\/\/www.europesays.com\/fr\/wp-json\/wp\/v2\/posts"}],"about":[{"href":"https:\/\/www.europesays.com\/fr\/wp-json\/wp\/v2\/types\/post"}],"author":[{"embeddable":true,"href":"https:\/\/www.europesays.com\/fr\/wp-json\/wp\/v2\/users\/2"}],"replies":[{"embeddable":true,"href":"https:\/\/www.europesays.com\/fr\/wp-json\/wp\/v2\/comments?post=370030"}],"version-history":[{"count":0,"href":"https:\/\/www.europesays.com\/fr\/wp-json\/wp\/v2\/posts\/370030\/revisions"}],"wp:featuredmedia":[{"embeddable":true,"href":"https:\/\/www.europesays.com\/fr\/wp-json\/wp\/v2\/media\/370031"}],"wp:attachment":[{"href":"https:\/\/www.europesays.com\/fr\/wp-json\/wp\/v2\/media?parent=370030"}],"wp:term":[{"taxonomy":"category","embeddable":true,"href":"https:\/\/www.europesays.com\/fr\/wp-json\/wp\/v2\/categories?post=370030"},{"taxonomy":"post_tag","embeddable":true,"href":"https:\/\/www.europesays.com\/fr\/wp-json\/wp\/v2\/tags?post=370030"}],"curies":[{"name":"wp","href":"https:\/\/api.w.org\/{rel}","templated":true}]}}