{"id":370032,"date":"2025-09-06T06:52:11","date_gmt":"2025-09-06T06:52:11","guid":{"rendered":"https:\/\/www.europesays.com\/fr\/370032\/"},"modified":"2025-09-06T06:52:11","modified_gmt":"2025-09-06T06:52:11","slug":"jai-ete-un-mauvais-praticien-et-un-mauvais-mari-14-ans-de-reclusion-pour-le-soignant-qui-violait-des-femmes-enceintes-a-montpellier","status":"publish","type":"post","link":"https:\/\/www.europesays.com\/fr\/370032\/","title":{"rendered":"\u00ab\u00a0J\u2019ai \u00e9t\u00e9 un mauvais praticien et un mauvais mari\u00a0\u00bb\u00a0: 14 ans de r\u00e9clusion pour le soignant qui violait des femmes enceintes \u00e0 Montpellier"},"content":{"rendered":"<p>\n                                                                Lionel Charvin, 53 ans, avait d\u00e9j\u00e0 \u00e9t\u00e9 condamn\u00e9 en mars\u00a02022 \u00e0 douze ans de r\u00e9clusion criminelle pour des faits similaires commis sur onze des patientes dont il accompagnait la grossesse et le post-partum.\n                            <\/p>\n<p>\u00ab\u00a0Je voudrais m\u2019adresser aux victimes et leur dire que j\u2019ai bien entendu leur d\u00e9tresse, leur douleur. J\u2019ai \u00e9t\u00e9 un mauvais praticien, mais aussi un mauvais mari.\u00a0J\u2019esp\u00e8re de tout mon c\u0153ur que les victimes pourront se reconstruire le plus rapidement possible, et\u00a0moi je vais retourner en prison.\u00a0\u00bb<\/p>\n<p>Victimes, ou plaignantes\u00a0? Jusqu\u2019\u00e0 <a href=\"https:\/\/www.midilibre.fr\/2025\/09\/05\/je-nai-plus-de-vie-sexuelle-au-proces-du-soignant-pervers-de-montpellier-la-detresse-et-la-douleur-de-ses-anciennes-patientes-12911103.php\" target=\"_self\" rel=\"nofollow noopener\">l\u2019ultime instant de son proc\u00e8s devant la cour criminelle de l\u2019H\u00e9rault<\/a>, vendredi 5\u00a0septembre, Lionel Charvin, 53 ans, a cultiv\u00e9 l\u2019ambigu\u00eft\u00e9 dont il n\u2019a su se d\u00e9partir pendant deux jours.<\/p>\n<p>\u00ab\u00a0Qu\u2019est-ce que la cour doit comprendre\u00a0?\u00a0\u00bb soupire la pr\u00e9sidente<\/p>\n<p>Au matin m\u00eame, ce ma\u00efeuticien qui a exerc\u00e9 pendant 17 ans \u00e0 Montpellier, en clinique et en cabinet lib\u00e9ral, fait encore le tri entre les six patientes qui l\u2019accusent. Toutes\u00a0affirment\u00a0avoir subi en consultation des p\u00e9n\u00e9trations digitales n\u2019ayant rien \u00e0 voir avec une r\u00e9\u00e9ducation du p\u00e9rin\u00e9e ou une pr\u00e9paration \u00e0 l\u2019accouchement, comme onze autres l\u2019avaient fait auparavant\u00a0: <a href=\"https:\/\/www.midilibre.fr\/2021\/02\/26\/assises-de-lherault-20-ans-requis-contre-le-sage-femme-accuse-de-viols-sur-onze-patientes-9396514.php\" target=\"_self\" rel=\"nofollow noopener\">en f\u00e9vrier\u00a02021<\/a>, Lionel Charvin a\u00a0\u00e9t\u00e9 pour ces faits, alors contest\u00e9s, condamn\u00e9 \u00e0 12 ans de r\u00e9clusion, et n\u2019a\u00a0pas fait appel.<\/p>\n<p>\u00ab\u00a0Qu\u2019est-ce que la cour doit comprendre\u00a0?\u00a0\u00bb soupire la pr\u00e9sidente, apr\u00e8s les d\u00e9positions poignantes, la veille, des trois plaignantes pr\u00e9sentes physiquement \u00e0 l\u2019audience.<\/p>\n<p>\u00a0<\/p>\n<p class=\"std-elt__inline\">\n        <strong>\u00c0 lire aussi :<\/strong><br \/>\n        <a href=\"https:\/\/www.midilibre.fr\/2021\/02\/25\/viols-de-11-femmes-enceintes-a-montpellier-le-praticien-decrit-comme-un-magicien-9392669.php\" rel=\"nofollow noopener\" target=\"_blank\">Proc\u00e8s pour viols de 11 femmes \u00e0 Montpellier : le sage-femme d\u00e9crit par ses pairs comme un \u00ab\u00a0magicien\u00a0\u00bb<\/a>\n    <\/p>\n<p>\u00ab\u00a0Pour les deux premi\u00e8res, j\u2019ai de toute fa\u00e7on une responsabilit\u00e9 puisque j\u2019\u00e9tais leur soignant. Pour la troisi\u00e8me, j\u2019ai d\u00e9couvert ce couple ce jour-l\u00e0, j\u2019ai fait un geste que j\u2019ai fait tr\u00e8s souvent, donc pas de responsabilit\u00e9.\u00a0\u00bb<\/p>\n<p>\u00ab\u00a0Est-ce une responsabilit\u00e9\u00a0ou une culpabilit\u00e9 p\u00e9nale\u00a0?\u00a0\u00bb<\/p>\n<p>\u00ab\u00a0C\u2019est une responsabilit\u00e9 morale et de mauvais professionnel de sant\u00e9\u00a0\u00bb.<\/p>\n<p>\u00ab\u00a0Pas une responsabilit\u00e9 p\u00e9nale\u00a0?\u00a0\u00bb<\/p>\n<p>\u00ab\u00a0Non\u00a0\u00bb.<\/p>\n<p>Il avoue des intentions sexuelles avec certaines<\/p>\n<p>Une ambigu\u00eft\u00e9 qu\u2019il entretient sur les gestes techniques de ce m\u00e9tier de sage-femme, o\u00f9 l\u2019on doit toucher l\u2019intimit\u00e9 des parturientes, pour les aider dans leur grossesse, ou post-partum. Il est l\u00e0 question de doigts dans le vagin, de mouvements circulaires ou de va-et-vient, de gestes\u00a0th\u00e9rapeutiques\u2026 et\u00a0de masturbations, que les plaignantes ont d\u00e9nonc\u00e9es.<\/p>\n<p>\u00ab\u00a0Une femme est capable de dire si c\u2019est un geste de masturbation ou un point de contact qu\u2019on pose. Toutes ces femmes d\u00e9crivent la m\u00eame chose, en quoi \u00eates-vous coupable sur la premi\u00e8re instance et pas sur le proc\u00e8s d\u2019aujourd\u2019hui\u00a0?\u00a0\u00bb insiste la magistrate. \u00ab\u00a0Quel est l\u2019\u00e9l\u00e9ment qui change\u00a0?\u00a0\u00bb<\/p>\n<p>\u00ab\u00a0La patiente et le contexte\u00a0\u00bb r\u00e9pond l\u2019accus\u00e9, qui a avou\u00e9 avoir eu des intentions sexuelles avec certaines patientes, selon lui r\u00e9ciproques.<\/p>\n<p>\u00ab\u00a0Donc si vous avez une attirance sexuelle le geste n\u2019est pas m\u00e9dical et sinon le geste est m\u00e9dical\u00a0?\u00a0\u00bb<\/p>\n<p>Me Iris Christol, d\u00e9j\u00e0 partie civile au proc\u00e8s de 2022, veut balayer ces arguties. \u00ab\u00a0Vous pouvez nous expliquer comment on peut soigner le dos en passant par le vagin\u00a0? On a eu un rhumatologue d\u00e9j\u00e0 condamn\u00e9 pour \u00e7a \u00e0 N\u00eemes, et vous n\u2019\u00eates pas kin\u00e9\u00a0! \u00c0 quel moment on peut accorder un peu de sinc\u00e9rit\u00e9 \u00e0 ce que vous dites\u00a0?\u00a0\u00bb<\/p>\n<p>Me Aude Widuch, en d\u00e9fense, tente \u00e0 son tour de briser la carapace de ce bunker mental dans lequel Lionel Charvin semble reclus.<\/p>\n<p>\u00ab\u00a0Pourquoi en reconna\u00eetre certains et pas d\u2019autres\u00a0?\u00a0\u00bb\u00a0Silence. \u00ab\u00a0Je le disais tout \u00e0 l\u2019heure c\u2019est en fonction de la patiente et du contexte.\u00a0\u00bb<\/p>\n<p>Des risques de r\u00e9cidive toujours pr\u00e9sents<\/p>\n<p>\u00ab\u00a0Ce\u00a0proc\u00e8s n\u2019est pas celui de la profession de ma\u00efeuticien, et encore moins de celui des hommes qui l\u2019exercent. Nous sommes sur le proc\u00e8s de la sexualisation d\u2019actes th\u00e9rapeutiques\u00a0\u00bb insiste l\u2019avocat g\u00e9n\u00e9ral Yessine Bouchareb, qui requiert 14 ans de r\u00e9clusion contre l\u2019accus\u00e9.\u00a0\u00ab\u00a0L\u2019expert dit que ces transgressions r\u00e9p\u00e9t\u00e9es ne permettent pas d\u2019\u00e9carter le risque de r\u00e9cidive. Il\u00a0est n\u00e9cessaire de montrer que notre soci\u00e9t\u00e9 \u00e9volue, et dans le bon sens\u00a0\u00bb.<\/p>\n<p>Me C\u00e9cile Sauvage, partie civile, abonde. \u00ab\u00a0Son\u00a0attitude est tr\u00e8s inqui\u00e9tante, il n\u2019a toujours pas compris que le consentement \u00e9tait un\u00a0pr\u00e9alable \u00e0 tout acte sexuel.\u00a0\u00bb Me Charl\u00e8ne Granier d\u00e9plore\u00a0: \u00ab\u00a0Aucune \u00e9volution, trois ans apr\u00e8s sa condamnation.\u00a0\u00bb<\/p>\n<p>Me Iris Christol revient sur les circonstances si particuli\u00e8res de ces viols, certains commis juste avant l\u2019accouchement\u00a0: \u00ab\u00a0Une femme est pr\u00eate \u00e0 tout supporter pour \u00eatre la m\u00e8re qu\u2019on attend. La contrainte morale elle est l\u00e0. On va tout faire pour bien accoucher\u00a0\u00bb insiste-t-elle, rappelant les suites psychologiquement d\u00e9vastatrices de ces actes\u00a0: \u00ab\u00a0Pour elles, l\u2019anniversaire de la naissance de leur enfant est aussi l\u2019anniversaire de leur viol.\u00a0\u00bb<\/p>\n<p>\u00ab\u00a0Mais il faut quand m\u00eame s\u2019interroger sur quel est le boulot de la sage-femme\u00a0!\u00a0\u00bb s\u2019insurge en d\u00e9fense Me Aude Widuch, revenant sur les d\u00e9clarations de certaines plaignantes, qui reconnaissaient que Lionel Charvin leur demander de pr\u00e9venir, s\u2019il touchait leur clitoris.<\/p>\n<p>\u00ab\u00a0Elle est o\u00f9, la contrainte, il est o\u00f9\u00a0l\u2019acte masturbatoire\u00a0?\u00a0\u00bb<\/p>\n<p>Me Antoine Fauviau poursuit\u00a0: \u00ab\u00a0Quatre-vingt-dix neuf pour cent de la patient\u00e8le de Lionel Charvin n\u2019a pas eu de ressenti n\u00e9gatif apr\u00e8s l\u2019avoir consult\u00e9. Cela pose question.\u00a0\u00bb<\/p>\n<p>Une heure plus tard, la cour criminelle livre ses r\u00e9ponses. Coupable de six viols aggrav\u00e9s, Lionel Charvin est condamn\u00e9 \u00e0 14 ans de r\u00e9clusion et \u00e0 trois ans de suivi sociojudiciaire. Il a dix jours pour faire appel, mais pourrait aussi demander une confusion de peine, totale ou partielle, entre ses deux condamnations, les faits et la p\u00e9riode \u00e9tant similaires.<\/p>\n","protected":false},"excerpt":{"rendered":"Lionel Charvin, 53 ans, avait d\u00e9j\u00e0 \u00e9t\u00e9 condamn\u00e9 en mars\u00a02022 \u00e0 douze ans de r\u00e9clusion criminelle pour des&hellip;\n","protected":false},"author":2,"featured_media":370033,"comment_status":"","ping_status":"","sticky":false,"template":"","format":"standard","meta":{"footnotes":""},"categories":[4],"tags":[11,1011,27,12,25],"class_list":{"0":"post-370032","1":"post","2":"type-post","3":"status-publish","4":"format-standard","5":"has-post-thumbnail","7":"category-france","8":"tag-actualites","9":"tag-fr","10":"tag-france","11":"tag-news","12":"tag-republique-francaise"},"share_on_mastodon":{"url":"https:\/\/pubeurope.com\/@fr\/115156034824710352","error":""},"_links":{"self":[{"href":"https:\/\/www.europesays.com\/fr\/wp-json\/wp\/v2\/posts\/370032","targetHints":{"allow":["GET"]}}],"collection":[{"href":"https:\/\/www.europesays.com\/fr\/wp-json\/wp\/v2\/posts"}],"about":[{"href":"https:\/\/www.europesays.com\/fr\/wp-json\/wp\/v2\/types\/post"}],"author":[{"embeddable":true,"href":"https:\/\/www.europesays.com\/fr\/wp-json\/wp\/v2\/users\/2"}],"replies":[{"embeddable":true,"href":"https:\/\/www.europesays.com\/fr\/wp-json\/wp\/v2\/comments?post=370032"}],"version-history":[{"count":0,"href":"https:\/\/www.europesays.com\/fr\/wp-json\/wp\/v2\/posts\/370032\/revisions"}],"wp:featuredmedia":[{"embeddable":true,"href":"https:\/\/www.europesays.com\/fr\/wp-json\/wp\/v2\/media\/370033"}],"wp:attachment":[{"href":"https:\/\/www.europesays.com\/fr\/wp-json\/wp\/v2\/media?parent=370032"}],"wp:term":[{"taxonomy":"category","embeddable":true,"href":"https:\/\/www.europesays.com\/fr\/wp-json\/wp\/v2\/categories?post=370032"},{"taxonomy":"post_tag","embeddable":true,"href":"https:\/\/www.europesays.com\/fr\/wp-json\/wp\/v2\/tags?post=370032"}],"curies":[{"name":"wp","href":"https:\/\/api.w.org\/{rel}","templated":true}]}}