{"id":370034,"date":"2025-09-06T06:53:10","date_gmt":"2025-09-06T06:53:10","guid":{"rendered":"https:\/\/www.europesays.com\/fr\/370034\/"},"modified":"2025-09-06T06:53:10","modified_gmt":"2025-09-06T06:53:10","slug":"sur-lile-doleron-le-ras-le-bol-fiscal-des-residents-secondaires","status":"publish","type":"post","link":"https:\/\/www.europesays.com\/fr\/370034\/","title":{"rendered":"Sur l\u2019\u00cele d\u2019Ol\u00e9ron, le ras-le-bol fiscal des r\u00e9sidents secondaires"},"content":{"rendered":"<p>Tax\u00e9s de toutes parts, ils comptent bien peser lors des prochaines \u00e9lections municipales.<\/p>\n<p class=\"fig-paragraph\">\u00abBient\u00f4t, nous serons aussi responsables du recul du trait de c\u00f4te\u00bb, ironise Herv\u00e9 Gu\u00e9rin, l\u2019un des propri\u00e9taires des quelque 22000 r\u00e9sidences secondaires r\u00e9pertori\u00e9es sur\u00a0<a href=\"http:\/\/www.lefigaro.fr\/voyages\/bobo-et-touristique-ou-sauvage-et-authentique-ile-de-re-et-ile-d-oleron-deux-voisines-plus-differentes-et-rivales-que-jamais-20250823\" data-fig-type=\"Article\" data-gtm-custom-categorie=\"navigation\" data-gtm-custom-action=\"crossclick\" data-gtm-custom-label=\"Contextuel\" data-gtm-event=\"customEventSPE\" data-fig-domain=\"LEFIGARO\" rel=\"nofollow noopener\" target=\"_blank\">l\u2019\u00eele d\u2019Ol\u00e9ron, en Charente-Maritime<\/a>. R\u00e9guli\u00e8rement tax\u00e9s de \u00abnantis\u00bb et de \u00abprivil\u00e9gi\u00e9s\u00bb, ces contribuables n\u2019entendent plus servir de \u00abboucs \u00e9missaires\u00bb \u00e0 la crise du logement et \u00e0 l\u2019envol\u00e9e des prix de l\u2019immobilier. Plusieurs d\u2019entre eux ont cr\u00e9\u00e9 l\u2019an dernier l\u2019association Ol\u00e9ron R\u00e9sidents Secondaires (ORS) \u00abpour faire entendre notre voix\u00bb, r\u00e9sume son pr\u00e9sident, Bernard Berthomier. \u00abNous sommes ici les premiers contributeurs fiscaux des collectivit\u00e9s locales. Personne ne parle jamais du poids \u00e9conomique des r\u00e9sidents secondaires. Nous faisons pourtant travailler les commer\u00e7ants, les artisans et plus g\u00e9n\u00e9ralement tous les services insulaires\u00bb, plaide ce retrait\u00e9 install\u00e9 \u00e0 Ruelle-sur-Touvre (Charente) lorsqu\u2019il n\u2019occupe pas \u00abr\u00e9guli\u00e8rement\u00bb sa demeure de Saint-Denis-d\u2019Ol\u00e9ron.<\/p>\n<p class=\"fig-paragraph\">Avec 62% de r\u00e9sidences secondaires, Ol\u00e9ron\u2026<\/p>\n<p class=\"fig-premium-paywall__infos\">\n        Cet article est r\u00e9serv\u00e9 aux abonn\u00e9s.        Il vous reste 82% \u00e0 d\u00e9couvrir.\n    <\/p>\n<p>                <img  data- alt=\"Le Figaro\" class=\"fig-img--complete fig-img\"\/><\/p>\n<p class=\"fig-premium-paywall__title\">Vente Flash<\/p>\n<p class=\"fig-premium-paywall__subtitle\">4,99\u20ac par mois pendant 12 mois. Sans engagement<\/p>\n<p class=\"fig-premium-paywall__connect\">\n                D\u00e9j\u00e0 abonn\u00e9\u00a0?                <a class=\"fig-premium-paywall__connect-link\" href=\"https:\/\/connect.lefigaro.fr\/login?client=horizon_web&amp;type=main&amp;redirect_uri=https%3A%2F%2Fwww.lefigaro.fr%2Factualite-france%2Fsur-l-ile-d-oleron-le-ras-le-bol-fiscal-des-residents-secondaires-20250906\" data-js-gtm=\"{&quot;customCategorie&quot;: &quot;conversion&quot;, &quot;customAction&quot;: &quot;before_Landing_Connexion_paywall_auto&quot;, &quot;customLabel&quot;: &quot;bGVmaWdhcm8uZnJfXzFmMDg4Y2QzLWI5N2EtNmFkMC1iZGI5LTRiYjhjZjY0MzFiNV9fQXJ0aWNsZQ==_Sur l\u2019\u00cele d\u2019Ol\u00e9ron, le ras-le-bol fiscal des r\u00e9sidents secondaires_41&quot;, &quot;customIDSPE&quot;: &quot;bGVmaWdhcm8uZnJfXzFmMDg4Y2QzLWI5N2EtNmFkMC1iZGI5LTRiYjhjZjY0MzFiNV9fQXJ0aWNsZQ==&quot;, &quot;event&quot;: &quot;customEventSPE&quot;}\" rel=\"nofollow noopener\" target=\"_blank\"><br \/>\n                    Connectez-vous<br \/>\n                <\/a>\n            <\/p>\n","protected":false},"excerpt":{"rendered":"Tax\u00e9s de toutes parts, ils comptent bien peser lors des prochaines \u00e9lections municipales. \u00abBient\u00f4t, nous serons aussi responsables&hellip;\n","protected":false},"author":2,"featured_media":370035,"comment_status":"","ping_status":"","sticky":false,"template":"","format":"standard","meta":{"footnotes":""},"categories":[2],"tags":[11,1011,27,4323,12],"class_list":{"0":"post-370034","1":"post","2":"type-post","3":"status-publish","4":"format-standard","5":"has-post-thumbnail","7":"category-actualites","8":"tag-actualites","9":"tag-fr","10":"tag-france","11":"tag-ile","12":"tag-news"},"share_on_mastodon":{"url":"https:\/\/pubeurope.com\/@fr\/115156038707358442","error":""},"_links":{"self":[{"href":"https:\/\/www.europesays.com\/fr\/wp-json\/wp\/v2\/posts\/370034","targetHints":{"allow":["GET"]}}],"collection":[{"href":"https:\/\/www.europesays.com\/fr\/wp-json\/wp\/v2\/posts"}],"about":[{"href":"https:\/\/www.europesays.com\/fr\/wp-json\/wp\/v2\/types\/post"}],"author":[{"embeddable":true,"href":"https:\/\/www.europesays.com\/fr\/wp-json\/wp\/v2\/users\/2"}],"replies":[{"embeddable":true,"href":"https:\/\/www.europesays.com\/fr\/wp-json\/wp\/v2\/comments?post=370034"}],"version-history":[{"count":0,"href":"https:\/\/www.europesays.com\/fr\/wp-json\/wp\/v2\/posts\/370034\/revisions"}],"wp:featuredmedia":[{"embeddable":true,"href":"https:\/\/www.europesays.com\/fr\/wp-json\/wp\/v2\/media\/370035"}],"wp:attachment":[{"href":"https:\/\/www.europesays.com\/fr\/wp-json\/wp\/v2\/media?parent=370034"}],"wp:term":[{"taxonomy":"category","embeddable":true,"href":"https:\/\/www.europesays.com\/fr\/wp-json\/wp\/v2\/categories?post=370034"},{"taxonomy":"post_tag","embeddable":true,"href":"https:\/\/www.europesays.com\/fr\/wp-json\/wp\/v2\/tags?post=370034"}],"curies":[{"name":"wp","href":"https:\/\/api.w.org\/{rel}","templated":true}]}}