{"id":370038,"date":"2025-09-06T06:55:27","date_gmt":"2025-09-06T06:55:27","guid":{"rendered":"https:\/\/www.europesays.com\/fr\/370038\/"},"modified":"2025-09-06T06:55:27","modified_gmt":"2025-09-06T06:55:27","slug":"un-vert-continue-de-ramer-en-selection-nationale","status":"publish","type":"post","link":"https:\/\/www.europesays.com\/fr\/370038\/","title":{"rendered":"Un vert continue de ramer en s\u00e9lection nationale"},"content":{"rendered":"<p>                                            Publi\u00e9 le 05\/09\/2025 \u00e0 17h16<br \/>\n                                                                                3 minutes de lecture\n                                                                    <\/p>\n<p>F\u00e9ru de sport et plus particuli\u00e8rement de ballon rond depuis ma plus tendre enfance.<\/p>\n<p>                                            Lire la suite<\/p>\n<p>Alors que l\u00a0\u00bbAS Saint-\u00c9tienne traverse une p\u00e9riode de transition apr\u00e8s quatre journ\u00e9es de championnat, <strong>Ben Old<\/strong> a temporairement quitt\u00e9 le Forez pour honorer sa s\u00e9lection avec la Nouvelle-Z\u00e9lande. Le jeune attaquant de <strong>23 ans<\/strong>, qui cherche encore ses marques sous le maillot vert, s&rsquo;est envol\u00e9 vers l&rsquo;autre bout du monde pour disputer les prestigieux <strong>Soccer Ashes<\/strong> contre l&rsquo;Australie. Cette comp\u00e9tition, v\u00e9ritable derby oc\u00e9anien, repr\u00e9sentait une opportunit\u00e9 cruciale pour le N\u00e9o-Z\u00e9landais de retrouver du temps de jeu et de la confiance apr\u00e8s des d\u00e9buts mitig\u00e9s en Ligue 1. La premi\u00e8re confrontation, qui s&rsquo;est d\u00e9roul\u00e9e ce vendredi midi \u00e0 Canberra, s&rsquo;annon\u00e7ait comme un test important pour l&rsquo;ancien joueur du Wellington Phoenix, d\u00e9sireux de prouver sa valeur tant au niveau international qu&rsquo;en club.<\/p>\n<p>                                <img decoding=\"async\" src=\"https:\/\/www.europesays.com\/fr\/wp-content\/uploads\/2025\/04\/1744123449_543_logo.png\" alt=\"Logo\"\/><\/p>\n<p>100\u20ac offerts sur ton 1er pari !<\/p>\n<p>                            <a href=\"https:\/\/bit.ly\/4j5wl4k\" class=\"headband-button\" rel=\"nofollow noopener\" target=\"_blank\">J&rsquo;en profite<\/a><\/p>\n<p>                                                                <img loading=\"lazy\" decoding=\"async\" src=\"https:\/\/www.europesays.com\/fr\/wp-content\/uploads\/2025\/09\/asse-un-vert-continue-de-ramer-en-selection-nationale.jpg\" alt=\"Illustration : &quot;ASSE : Un vert continue de ramer en s\u00e9lection nationale &quot;\" class=\"figure-img img-fluid\" width=\"780\" height=\"478\"\/><\/p>\n<p>                                    \u00a9 Site officiel de l&rsquo;ASSE                                <\/p>\n<p>Une convocation strat\u00e9gique pour retrouver du rythme<\/p>\n<p>Apr\u00e8s une pr\u00e9paration estivale prometteuse qui avait suscit\u00e9 l&rsquo;optimisme, <strong>Ben Old<\/strong> a vu son temps de jeu se r\u00e9duire consid\u00e9rablement \u00e0 l&rsquo;ASSE. Malgr\u00e9 des statistiques encourageantes avec <strong>un but et une passe d\u00e9cisive<\/strong> \u00e0 son actif, l&rsquo;attaquant peine \u00e0 s&rsquo;imposer dans les plans d&rsquo;Olivier Dall&rsquo;Oglio. Cette situation a motiv\u00e9 sa convocation par <strong>Darren Bazeley<\/strong>, le s\u00e9lectionneur des All Whites, qui voit en ces Soccer Ashes une occasion id\u00e9ale pour relancer son joueur. Le format de cette comp\u00e9tition, organis\u00e9e sous forme de <strong>double confrontation<\/strong> entre les deux nations oc\u00e9aniennes, offre un cadre parfait pour que Old retrouve ses sensations et sa confiance. Le s\u00e9lectionneur n\u00e9o-z\u00e9landais, conscient des enjeux individuels de ses joueurs, adopte une approche personnalis\u00e9e dans sa gestion d&rsquo;effectif, comme il l&rsquo;a expliqu\u00e9 dans ses d\u00e9clarations r\u00e9centes.<\/p>\n<p>Un d\u00e9fi de taille face aux Socceroos<\/p>\n<p>Les enjeux de cette confrontation d\u00e9passent largement le simple cadre sportif pour Ben Old et ses co\u00e9quipiers. Face \u00e0 une \u00e9quipe australienne <strong>class\u00e9e 24e mondiale<\/strong>, les All Whites affrontent un adversaire redoutable qu&rsquo;ils n&rsquo;ont plus battu depuis <strong>23 ans<\/strong>. Cette statistique r\u00e9v\u00e8le l&rsquo;ampleur du d\u00e9fi qui attend la s\u00e9lection n\u00e9o-z\u00e9landaise dans cette comp\u00e9tition qualifi\u00e9e d'\u00a0\u00bbexcitante\u00a0\u00bb par Darren Bazeley. Le s\u00e9lectionneur a d&rsquo;ailleurs soulign\u00e9 l&rsquo;aspect comp\u00e9titif de cette rivalit\u00e9 trans-tasmanienne, rappelant que \u00ab\u00a0dans n&rsquo;importe quel sport, c&rsquo;est comp\u00e9titif\u00a0\u00bb. Pour Ben Old, cette confrontation repr\u00e9sente une opportunit\u00e9 unique de d\u00e9montrer ses qualit\u00e9s face \u00e0 une opposition de haut niveau, dans un contexte o\u00f9 la pression et l&rsquo;intensit\u00e9 peuvent lui permettre de retrouver ses automatismes et sa confiance en ses moyens.<\/p>\n<p>Un premier match d\u00e9cevant mais porteur d&rsquo;espoir<\/p>\n<p>Le retour de <strong>Ben Old<\/strong> en s\u00e9lection apr\u00e8s une longue p\u00e9riode de convalescence n&rsquo;a pas d\u00e9but\u00e9 comme esp\u00e9r\u00e9. Contraint de d\u00e9buter la rencontre sur le banc, l&rsquo;attaquant st\u00e9phanois a d\u00fb patienter jusqu&rsquo;\u00e0 la <strong>70e minute<\/strong> pour faire son entr\u00e9e en jeu, rempla\u00e7ant James McGarry qui \u00e9volue \u00e0 Brisbane. Cette utilisation parcimonieuse t\u00e9moigne de la concurrence f\u00e9roce au sein de l&rsquo;effectif n\u00e9o-z\u00e9landais et de la n\u00e9cessit\u00e9 pour Old de reconqu\u00e9rir sa place de titulaire. La d\u00e9faite <strong>1-0<\/strong> conc\u00e9d\u00e9e face aux Socceroos, avec un but tardif de <strong>Maximilien Balard<\/strong> du NAC Breda \u00e0 la 87e minute, laisse n\u00e9anmoins la porte ouverte pour le match retour pr\u00e9vu le <strong>9 septembre \u00e0 Auckland<\/strong>. Cette seconde confrontation pourrait offrir \u00e0 Ben Old l&rsquo;opportunit\u00e9 tant attendue de retrouver une place de titulaire et de contribuer plus activement aux ambitions de sa s\u00e9lection.<\/p>\n<p>Tenue en \u00e9chec face \u00e0 Grenoble, l\u2019ASSE continue d\u2019occuper la premi\u00e8re place de L2 \u00e0 la tr\u00eave internationale. Pour cette saison 2025-2026, profitez de 100\u20ac offerts pour votre premi\u00e8re inscription sur Parions Sport en Ligne. <a href=\"http:\/\/bit.ly\/4hgs1yE\" rel=\"nofollow noopener\" target=\"_blank\"><strong>L\u2019ASSE championne de Ligue 2 \u00e0 l\u2019issue de la saison ? Pariez sur le sacre des Verts en Ligue 2 vous rapporte jusqu\u2019\u00e0 285\u20ac !<\/strong><\/a><\/p>\n<p><strong>Pour en profiter, c\u2019est tr\u00e8s simple :<\/strong><\/p>\n<p>&#8211;                  Cr\u00e9ez votre compte joueur en seulement 2 \u00e9tapes <a href=\"http:\/\/bit.ly\/4hgs1yE\" rel=\"nofollow noopener\" target=\"_blank\"><strong>ici<\/strong><\/a><\/p>\n<p>&#8211;                  R\u00e9alisez votre 1er d\u00e9p\u00f4t puis placez votre 1er pari (Minimum 5\u20ac)<\/p>\n<p>&#8211;                  Une fois votre 1er d\u00e9p\u00f4t et votre 1er pari r\u00e9alis\u00e9s, l\u2019int\u00e9gralit\u00e9 du montant de ce 1er pari sera cr\u00e9dit\u00e9e sur votre compte joueur dans la limite de 100\u20ac maximum et sous la forme de cr\u00e9dits de jeu non retirables. Le cr\u00e9dit s\u2019effectuera alors en une seule \u00e9tape et sous 3 jours<\/p>\n<p>Jouer comporte des risques : endettement, d\u00e9pendance\u2026 Appelez le 09 74 75 13 13 (appel non surtax\u00e9)<\/p>\n","protected":false},"excerpt":{"rendered":"Publi\u00e9 le 05\/09\/2025 \u00e0 17h16 3 minutes de lecture F\u00e9ru de sport et plus particuli\u00e8rement de ballon rond&hellip;\n","protected":false},"author":2,"featured_media":370039,"comment_status":"","ping_status":"","sticky":false,"template":"","format":"standard","meta":{"footnotes":""},"categories":[9653],"tags":[1111,11,2430,1777,674,1011,27,12,25,4001],"class_list":{"0":"post-370038","1":"post","2":"type-post","3":"status-publish","4":"format-standard","5":"has-post-thumbnail","7":"category-saint-etienne","8":"tag-actu","9":"tag-actualites","10":"tag-auvergne-rhone-alpes","11":"tag-eu","12":"tag-europe","13":"tag-fr","14":"tag-france","15":"tag-news","16":"tag-republique-francaise","17":"tag-saint-etienne"},"share_on_mastodon":{"url":"https:\/\/pubeurope.com\/@fr\/115156046549521865","error":""},"_links":{"self":[{"href":"https:\/\/www.europesays.com\/fr\/wp-json\/wp\/v2\/posts\/370038","targetHints":{"allow":["GET"]}}],"collection":[{"href":"https:\/\/www.europesays.com\/fr\/wp-json\/wp\/v2\/posts"}],"about":[{"href":"https:\/\/www.europesays.com\/fr\/wp-json\/wp\/v2\/types\/post"}],"author":[{"embeddable":true,"href":"https:\/\/www.europesays.com\/fr\/wp-json\/wp\/v2\/users\/2"}],"replies":[{"embeddable":true,"href":"https:\/\/www.europesays.com\/fr\/wp-json\/wp\/v2\/comments?post=370038"}],"version-history":[{"count":0,"href":"https:\/\/www.europesays.com\/fr\/wp-json\/wp\/v2\/posts\/370038\/revisions"}],"wp:featuredmedia":[{"embeddable":true,"href":"https:\/\/www.europesays.com\/fr\/wp-json\/wp\/v2\/media\/370039"}],"wp:attachment":[{"href":"https:\/\/www.europesays.com\/fr\/wp-json\/wp\/v2\/media?parent=370038"}],"wp:term":[{"taxonomy":"category","embeddable":true,"href":"https:\/\/www.europesays.com\/fr\/wp-json\/wp\/v2\/categories?post=370038"},{"taxonomy":"post_tag","embeddable":true,"href":"https:\/\/www.europesays.com\/fr\/wp-json\/wp\/v2\/tags?post=370038"}],"curies":[{"name":"wp","href":"https:\/\/api.w.org\/{rel}","templated":true}]}}