{"id":37004,"date":"2025-04-19T17:29:22","date_gmt":"2025-04-19T17:29:22","guid":{"rendered":"https:\/\/www.europesays.com\/fr\/37004\/"},"modified":"2025-04-19T17:29:22","modified_gmt":"2025-04-19T17:29:22","slug":"des-pros-interdits-de-championnat-de-france-de-lavenir-actualite","status":"publish","type":"post","link":"https:\/\/www.europesays.com\/fr\/37004\/","title":{"rendered":"Des pros interdits de Championnat de France de l&rsquo;Avenir &#8211; Actualit\u00e9"},"content":{"rendered":"<p style=\"text-align: justify;\">Pour s&rsquo;aligner sur la r\u00e9glementation de l&rsquo;UCI au sujet de la participation aux Championnats du monde et continentaux Espoirs, la FFC a d\u00e9cid\u00e9 de changer le r\u00e8glement du Championnat de France Espoirs. D\u00e8s cette ann\u00e9e, les coureurs Espoirs en contrat avec un ProTeam ne pourront plus participer au Championnat de France de leur cat\u00e9gorie d&rsquo;\u00e2ge. Les coureurs de WorldTeams en \u00e9taient d\u00e9j\u00e0 exclus. En revanche les coureurs de Continentale (y compris avec un contrat pro) seront toujours autoris\u00e9s au d\u00e9part.<\/p>\n<p>Le Championnat de France de l&rsquo;Avenir 2025 aura lieu en Nord-Is\u00e8re \u00e0 la Tour-du-Pin du 6 au 10 ao\u00fbt (<a href=\"https:\/\/www.directvelo.com\/actualite\/119397\/championnat-de-france-de-l-avenir-le-programme-2025\" target=\"_blank\" rel=\"nofollow noopener\"><strong>lire ici<\/strong><\/a>).<\/p>\n","protected":false},"excerpt":{"rendered":"Pour s&rsquo;aligner sur la r\u00e9glementation de l&rsquo;UCI au sujet de la participation aux Championnats du monde et continentaux&hellip;\n","protected":false},"author":2,"featured_media":37005,"comment_status":"","ping_status":"","sticky":false,"template":"","format":"standard","meta":{"footnotes":""},"categories":[1411],"tags":[834,828,836,829,837,827,83,826,824,823,1154,207,814,817,815,816,822,821,832,211,839,1011,27,820,818,819,835,831,830,833,838,60,212,208,825],"class_list":{"0":"post-37004","1":"post","2":"type-post","3":"status-publish","4":"format-standard","5":"has-post-thumbnail","7":"category-cyclisme","8":"tag-attaque","9":"tag-belgique","10":"tag-braquet","11":"tag-bretagne","12":"tag-chute","13":"tag-competition","14":"tag-coupe-de-france","15":"tag-coureur","16":"tag-course-cyclisme","17":"tag-course-cycliste","18":"tag-cycling","19":"tag-cyclisme","20":"tag-direct","21":"tag-direct-velo","22":"tag-directvelo","23":"tag-directvelo-com","24":"tag-epreuve","25":"tag-epreuve-cycliste","26":"tag-federation-francaise-de-cyclisme","27":"tag-ffc","28":"tag-flandres","29":"tag-fr","30":"tag-france","31":"tag-live","32":"tag-live-course","33":"tag-live-epreuve","34":"tag-peloton","35":"tag-radio-peloton","36":"tag-radio-tour","37":"tag-ravitaillement","38":"tag-relance","39":"tag-sports","40":"tag-uci","41":"tag-velo","42":"tag-velos"},"share_on_mastodon":{"url":"https:\/\/pubeurope.com\/@fr\/114365816098195069","error":""},"_links":{"self":[{"href":"https:\/\/www.europesays.com\/fr\/wp-json\/wp\/v2\/posts\/37004","targetHints":{"allow":["GET"]}}],"collection":[{"href":"https:\/\/www.europesays.com\/fr\/wp-json\/wp\/v2\/posts"}],"about":[{"href":"https:\/\/www.europesays.com\/fr\/wp-json\/wp\/v2\/types\/post"}],"author":[{"embeddable":true,"href":"https:\/\/www.europesays.com\/fr\/wp-json\/wp\/v2\/users\/2"}],"replies":[{"embeddable":true,"href":"https:\/\/www.europesays.com\/fr\/wp-json\/wp\/v2\/comments?post=37004"}],"version-history":[{"count":0,"href":"https:\/\/www.europesays.com\/fr\/wp-json\/wp\/v2\/posts\/37004\/revisions"}],"wp:featuredmedia":[{"embeddable":true,"href":"https:\/\/www.europesays.com\/fr\/wp-json\/wp\/v2\/media\/37005"}],"wp:attachment":[{"href":"https:\/\/www.europesays.com\/fr\/wp-json\/wp\/v2\/media?parent=37004"}],"wp:term":[{"taxonomy":"category","embeddable":true,"href":"https:\/\/www.europesays.com\/fr\/wp-json\/wp\/v2\/categories?post=37004"},{"taxonomy":"post_tag","embeddable":true,"href":"https:\/\/www.europesays.com\/fr\/wp-json\/wp\/v2\/tags?post=37004"}],"curies":[{"name":"wp","href":"https:\/\/api.w.org\/{rel}","templated":true}]}}