{"id":370040,"date":"2025-09-06T06:59:37","date_gmt":"2025-09-06T06:59:37","guid":{"rendered":"https:\/\/www.europesays.com\/fr\/370040\/"},"modified":"2025-09-06T06:59:37","modified_gmt":"2025-09-06T06:59:37","slug":"cite-judiciaire-a-nancy-mathieu-klein-denonce-la-demande-de-cofinancement-de-letat","status":"publish","type":"post","link":"https:\/\/www.europesays.com\/fr\/370040\/","title":{"rendered":"Cit\u00e9 judiciaire \u00e0 Nancy : Mathieu Klein d\u00e9nonce la demande de cofinancement de l\u2019\u00c9tat"},"content":{"rendered":"<p>Interrog\u00e9 sur la question de la future cit\u00e9 judiciaire \u00e0 <a href=\"https:\/\/www.lasemaine.fr\/lieu\/nancy\/\" data-slug=\"nancy\" data-name=\"Nancy\" data-type=\"location\" data-id=\"5697\" rel=\"nofollow noopener\" target=\"_blank\">Nancy<\/a>, le maire, <a href=\"https:\/\/www.lasemaine.fr\/politique\/municipales-a-nancy-mathieu-klein-affute-ses-arguments\/\" data-type=\"post\" data-id=\"400687\" rel=\"nofollow noopener\" target=\"_blank\">Mathieu Klein<\/a>, a tenu \u00e0 pr\u00e9ciser le r\u00f4le de la Ville et de la M\u00e9tropole dans le dossier, rappelant qu\u2019il s\u2019agit avant tout d\u2019un \u00ab\u00a0engagement de l\u2019\u00c9tat\u00a0\u00bb. Du c\u00f4t\u00e9 de la collectivit\u00e9 \u00ab\u00a0les march\u00e9s ont \u00e9t\u00e9 sign\u00e9s\u00a0\u00bb, seul le feu vert du gouvernement manque.<\/p>\n<p>Alors qu\u2019il devait rencontrer le ministre de la Justice, G\u00e9rald Darmanin, en juillet, ce dernier n\u2019a pas honor\u00e9 le rendez-vous, remettant sur la table l\u2019argument du cofinancement de la future cit\u00e9 judiciaire par la collectivit\u00e9.<\/p>\n<p>\u00ab\u00a0On a d\u00e9j\u00e0 financ\u00e9 une ligne interurbaine de transport entre Nancy et Lyon, ce qui est compl\u00e8tement en dehors de nos responsabilit\u00e9s. Est-ce qu\u2019on se rend compte de ce que \u00e7a veut dire, qu\u2019une collectivit\u00e9 locale s\u2019immisce dans le c\u0153ur du r\u00e9galien\u00a0? \u00c7a veut dire que demain on va financer l\u2019arm\u00e9e\u00a0? Je suis m\u00eame \u00e9tonn\u00e9 que ce d\u00e9bat soit pos\u00e9\u00a0\u00bb, r\u00e9agit Mathieu Klein, qui a son explication sur le sujet. \u00ab\u00a0Tous les moyens ont \u00e9t\u00e9 mis dans les prisons. La r\u00e9alit\u00e9, elle est l\u00e0.\u00a0\u00bb<\/p>\n","protected":false},"excerpt":{"rendered":"Interrog\u00e9 sur la question de la future cit\u00e9 judiciaire \u00e0 Nancy, le maire, Mathieu Klein, a tenu \u00e0&hellip;\n","protected":false},"author":2,"featured_media":370041,"comment_status":"","ping_status":"","sticky":false,"template":"","format":"standard","meta":{"footnotes":""},"categories":[9635],"tags":[1111,11,1777,674,1011,27,775,1702,12,25],"class_list":{"0":"post-370040","1":"post","2":"type-post","3":"status-publish","4":"format-standard","5":"has-post-thumbnail","7":"category-nancy","8":"tag-actu","9":"tag-actualites","10":"tag-eu","11":"tag-europe","12":"tag-fr","13":"tag-france","14":"tag-grand-est","15":"tag-nancy","16":"tag-news","17":"tag-republique-francaise"},"share_on_mastodon":{"url":"https:\/\/pubeurope.com\/@fr\/115156062345230438","error":""},"_links":{"self":[{"href":"https:\/\/www.europesays.com\/fr\/wp-json\/wp\/v2\/posts\/370040","targetHints":{"allow":["GET"]}}],"collection":[{"href":"https:\/\/www.europesays.com\/fr\/wp-json\/wp\/v2\/posts"}],"about":[{"href":"https:\/\/www.europesays.com\/fr\/wp-json\/wp\/v2\/types\/post"}],"author":[{"embeddable":true,"href":"https:\/\/www.europesays.com\/fr\/wp-json\/wp\/v2\/users\/2"}],"replies":[{"embeddable":true,"href":"https:\/\/www.europesays.com\/fr\/wp-json\/wp\/v2\/comments?post=370040"}],"version-history":[{"count":0,"href":"https:\/\/www.europesays.com\/fr\/wp-json\/wp\/v2\/posts\/370040\/revisions"}],"wp:featuredmedia":[{"embeddable":true,"href":"https:\/\/www.europesays.com\/fr\/wp-json\/wp\/v2\/media\/370041"}],"wp:attachment":[{"href":"https:\/\/www.europesays.com\/fr\/wp-json\/wp\/v2\/media?parent=370040"}],"wp:term":[{"taxonomy":"category","embeddable":true,"href":"https:\/\/www.europesays.com\/fr\/wp-json\/wp\/v2\/categories?post=370040"},{"taxonomy":"post_tag","embeddable":true,"href":"https:\/\/www.europesays.com\/fr\/wp-json\/wp\/v2\/tags?post=370040"}],"curies":[{"name":"wp","href":"https:\/\/api.w.org\/{rel}","templated":true}]}}