{"id":370042,"date":"2025-09-06T07:00:12","date_gmt":"2025-09-06T07:00:12","guid":{"rendered":"https:\/\/www.europesays.com\/fr\/370042\/"},"modified":"2025-09-06T07:00:12","modified_gmt":"2025-09-06T07:00:12","slug":"retour-sur-laffaire-odile-nasri-une-des-premieres-plaintes-en-france-pour-suicide-force","status":"publish","type":"post","link":"https:\/\/www.europesays.com\/fr\/370042\/","title":{"rendered":"Retour sur l\u2019affaire Odile Nasri, une des premi\u00e8res plaintes en France pour suicide forc\u00e9"},"content":{"rendered":"<p>\n                                                                La Saint-Gilloise Odile Nasri est d\u00e9c\u00e9d\u00e9e le 1er\u00a0janvier 2021 \u00e0 Toulon. Depuis, sa s\u0153ur Fadila se bat pour que le \u00ab\u00a0suicide forc\u00e9\u00a0\u00bb soit reconnu par la justice. Mais malgr\u00e9 un non-lieu prononc\u00e9 en avril dernier, la famille garde espoir face \u00e0 un \u00ab\u00a0angle mort du f\u00e9minicide\u00a0\u00bb.\n                            <\/p>\n<p>\u00ab\u00a0Solaire\u00a0\u00bb, \u00ab\u00a0rayonnante\u00a0\u00bb, \u00ab\u00a0joyeuse\u00a0\u00bb. Les compliments ne manquent pas dans la bouche de Fadila Nasri pour qualifier sa s\u0153ur Odile, de trois\u00a0ans sa cadette. Une personne exub\u00e9rante\u00a0qui conna\u00eetra toutefois un destin tragique. Au petit matin du 1er\u00a0janvier 2021, <a href=\"https:\/\/www.midilibre.fr\/2023\/04\/26\/qui-etait-odile-nasri-la-montpellieraine-decedee-dans-le-var-et-a-qui-dany-boon-a-rendu-hommage-11156471.php\" target=\"_self\" rel=\"nofollow noopener\">le corps de la Saint-Gilloise de 50 ans est retrouv\u00e9 inanim\u00e9 sur une plage de Toulon<\/a>.\u00a0Une mort\u00a0caus\u00e9e par une prise cons\u00e9quente de m\u00e9dicaments. Mais pour Fadila, le geste de sa s\u0153ur n\u2019est pas anodin. Elle est persuad\u00e9e que \u00ab\u00a0les dix ann\u00e9es d\u2019emprise\u00a0\u00bb de son mari, ont pouss\u00e9 sa s\u0153ur \u00e0 commettre ce geste irr\u00e9parable.<\/p>\n<p>Quatre ann\u00e9es de proc\u00e9dure<\/p>\n<p>Une affaire qui a connu de nombreux rebondissements. Car si la mort est reconnue naturelle, une nouvelle infraction, n\u00e9e du Grenelle des violences conjugales de 2019, a \u00e9t\u00e9 inscrite\u00a0dans la loi en juillet\u00a02020. Il s\u2019agit des circonstances\u00a0aggravantes de \u00ab\u00a0suicide\u00a0\u00bb et de \u00ab\u00a0tentative de suicide\u00a0\u00bb pour des faits de harc\u00e8lement moral. \u00ab\u00a0Quand j\u2019ai lu ce que cela signifiait, je me suis dit\u00a0: c\u2019est exactement \u00e7a\u00a0!\u00a0\u00bb, se souvient Fadila. Elle \u00e9voque notamment un isolement financier et psychologique dont aurait \u00e9t\u00e9 victime sa petite s\u0153ur.<\/p>\n<p>Avec ses fr\u00e8res, Fadila d\u00e9pose alors plainte en mai\u00a02021, faisant de ce dossier le premier cas trait\u00e9 par la Justice sous la qualification de \u00ab\u00a0suicide forc\u00e9\u00a0\u00bb.\u00a0\u00ab\u00a0Il y a d\u2019abord eu un classement sans suite du parquet de Toulon, mais\u00a0finalement le parquet a ouvert une information judiciaire pour harc\u00e8lement par conjoint ayant entra\u00een\u00e9 le suicide de la victime\u00a0\u00bb, souligne Me Victor Zagury, l\u2019avocat de la famille Nasri. Mais apr\u00e8s quelques ann\u00e9es d\u2019instruction, Fadila et ses fr\u00e8res font face \u00e0 une ordonnance de non-lieu du magistrat instructeur\u00a0en novembre\u00a02024. D\u00e9cision pour laquelle ils interjettent appel.<\/p>\n<p>\u00c9l\u00e9ments jug\u00e9s insuffisants pour la chambre d\u2019instruction<\/p>\n<p>Et le 28\u00a0avril dernier, le couperet tombe pour la famille Nasri. La chambre d\u2019instruction confirme l\u2019ordonnance de non-lieu, le dossier est class\u00e9 faute d\u2019\u00e9l\u00e9ments suffisants pour caract\u00e9riser le d\u00e9lit.\u00a0\u00ab\u00a0Une grosse injustice, commente Fadila Nasri. Il y a eu plusieurs auditions dont celle d\u2019une\u00a0ex-compagne qui parle de violences, de contr\u00f4le \u00e9conomique s\u00e9v\u00e8re, d\u2019emprise. Comme pour ma s\u0153ur\u00a0\u00bb. Selon elle, le parquet s\u2019est appuy\u00e9 sur les expertises psychiatriques qui font \u00e9tat d\u2019une \u00ab\u00a0fragilit\u00e9 ant\u00e9rieure\u00a0\u00bb d\u2019Odile, faisant notamment r\u00e9f\u00e9rence au d\u00e9c\u00e8s de\u00a0leurs parents lorsque la fratrie \u00e9tait encore jeune. \u00ab\u00a0\u00c7a m\u2019a bless\u00e9, car les t\u00e9moignages de ses anciens coll\u00e8gues et fr\u00e9quentations d\u00e9montrent le contraire\u00a0\u00bb, assure Fadila.<\/p>\n<p>\u00ab\u00a0On est face \u00e0 un angle mort du f\u00e9minicide\u00a0\u00bb<\/p>\n<p>Pour Me\u00a0Zagury, cette d\u00e9cision de la chambre de l\u2019instruction montre la complexit\u00e9 de traiter ces affaires de \u00ab\u00a0suicide forc\u00e9\u00a0\u00bb. \u00ab\u00a0Sauf dans l\u2019\u00e9vidence probatoire, il est\u00a0difficile de caract\u00e9riser l\u2019emprise psychologique\u00a0\u00bb, admet-il. Une difficult\u00e9 confirm\u00e9e par <a href=\"https:\/\/www.midilibre.fr\/2023\/04\/26\/loi-sur-le-suicide-force-cela-montre-que-la-violence-psychologique-peut-aussi-tuer-declare-yael-mellul-juriste-11157419.php\" target=\"_self\" rel=\"nofollow noopener\">Ya\u00ebl Mellul, avocate p\u00e9naliste \u00e0 l\u2019origine de ce d\u00e9cret<\/a>. \u00ab\u00a0Malgr\u00e9 les indices graves et concordants allant dans le sens du suicide forc\u00e9 dans l\u2019affaire d\u2019Odile, les magistrats ont but\u00e9 par manque de formation\u00a0\u00bb, soutient-elle. Pour elle, depuis l\u2019adoption du d\u00e9cret en 2020, \u00ab\u00a0il n\u2019y a eu aucune volont\u00e9 politique pour faire avancer ces dossiers sur le suicide forc\u00e9. On est face \u00e0 un angle mort du f\u00e9minicide\u00a0\u00bb.<\/p>\n<p>Seules deux peines\u00a0ont \u00e9t\u00e9 prononc\u00e9es jusqu\u2019\u00e0 pr\u00e9sent pour harc\u00e8lement moral ayant conduit au suicide de son ex-compagne\u00a0: une premi\u00e8re en 2023, en Seine-et-Marne, o\u00f9 le pr\u00e9venu a \u00e9t\u00e9 condamn\u00e9 \u00e0 sept ans de prison. La seconde est une peine de neuf ans, en novembre\u00a02024 \u00e0 Belfort, finalement r\u00e9duite \u00e0 six ans en appel en avril dernier.\u00a0L\u2019avocate ne perd\u00a0cependant pas espoir. \u00ab\u00a0Dans la sph\u00e8re du travail, la responsabilit\u00e9 employeur est d\u00e9j\u00e0 reconnue dans certains cas\u00a0\u00bb, souligne-t-elle.<\/p>\n<p>Une lueur d\u2019espoir partag\u00e9e par\u00a0Fadila Nasri. Car\u00a0si les possibilit\u00e9s judiciaires sont maintenant limit\u00e9es pour l\u2019affaire de sa soeur, elle se dit toujours d\u00e9termin\u00e9e. \u00ab\u00a0Son dossier\u00a0laisse une trace judiciaire. Puis il y a toujours la possibilit\u00e9 qu\u2019il y ait une r\u00e9ouverture d\u2019enqu\u00eate si de nouveaux \u00e9l\u00e9ments surgissent\u00a0\u00bb, conclut-elle.<\/p>\n","protected":false},"excerpt":{"rendered":"La Saint-Gilloise Odile Nasri est d\u00e9c\u00e9d\u00e9e le 1er\u00a0janvier 2021 \u00e0 Toulon. Depuis, sa s\u0153ur Fadila se bat pour&hellip;\n","protected":false},"author":2,"featured_media":370043,"comment_status":"","ping_status":"","sticky":false,"template":"","format":"standard","meta":{"footnotes":""},"categories":[9619],"tags":[1111,11,1777,674,1011,27,12,882,25,2310],"class_list":{"0":"post-370042","1":"post","2":"type-post","3":"status-publish","4":"format-standard","5":"has-post-thumbnail","7":"category-toulon","8":"tag-actu","9":"tag-actualites","10":"tag-eu","11":"tag-europe","12":"tag-fr","13":"tag-france","14":"tag-news","15":"tag-provence-alpes-cote-dazur","16":"tag-republique-francaise","17":"tag-toulon"},"share_on_mastodon":{"url":"https:\/\/pubeurope.com\/@fr\/115156066237744181","error":""},"_links":{"self":[{"href":"https:\/\/www.europesays.com\/fr\/wp-json\/wp\/v2\/posts\/370042","targetHints":{"allow":["GET"]}}],"collection":[{"href":"https:\/\/www.europesays.com\/fr\/wp-json\/wp\/v2\/posts"}],"about":[{"href":"https:\/\/www.europesays.com\/fr\/wp-json\/wp\/v2\/types\/post"}],"author":[{"embeddable":true,"href":"https:\/\/www.europesays.com\/fr\/wp-json\/wp\/v2\/users\/2"}],"replies":[{"embeddable":true,"href":"https:\/\/www.europesays.com\/fr\/wp-json\/wp\/v2\/comments?post=370042"}],"version-history":[{"count":0,"href":"https:\/\/www.europesays.com\/fr\/wp-json\/wp\/v2\/posts\/370042\/revisions"}],"wp:featuredmedia":[{"embeddable":true,"href":"https:\/\/www.europesays.com\/fr\/wp-json\/wp\/v2\/media\/370043"}],"wp:attachment":[{"href":"https:\/\/www.europesays.com\/fr\/wp-json\/wp\/v2\/media?parent=370042"}],"wp:term":[{"taxonomy":"category","embeddable":true,"href":"https:\/\/www.europesays.com\/fr\/wp-json\/wp\/v2\/categories?post=370042"},{"taxonomy":"post_tag","embeddable":true,"href":"https:\/\/www.europesays.com\/fr\/wp-json\/wp\/v2\/tags?post=370042"}],"curies":[{"name":"wp","href":"https:\/\/api.w.org\/{rel}","templated":true}]}}