{"id":370044,"date":"2025-09-06T07:01:11","date_gmt":"2025-09-06T07:01:11","guid":{"rendered":"https:\/\/www.europesays.com\/fr\/370044\/"},"modified":"2025-09-06T07:01:11","modified_gmt":"2025-09-06T07:01:11","slug":"top-14-titulaire-a-la-place-de-jaminet-pour-la-reprise-a-montpellier-marius-domon-veut-confirmer-avec-toulon","status":"publish","type":"post","link":"https:\/\/www.europesays.com\/fr\/370044\/","title":{"rendered":"Top 14 : titulaire \u00e0 la place de Jaminet pour la reprise \u00e0 Montpellier, Marius Domon veut confirmer avec Toulon"},"content":{"rendered":"<p>Auteur de sa premi\u00e8re saison pleine lors du dernier Top 14, l&rsquo;arri\u00e8re\u00a0toulonnais Marius Domon, appel\u00e9 avec le groupe France cet \u00e9t\u00e9, entend \u00ab\u00a0confirmer\u00a0\u00bb cette <a href=\"https:\/\/www.laprovence.com\/article\/sports\/331013018457314\/rugby-top-14-qualifie-pour-les-demi-finales-ce-toulon-est-taille-pour-le-reve\" target=\"_blank\" rel=\"noopener\">mont\u00e9e en puissance<\/a> sans craindre la forte concurrence, assure-t-il \u00e0 l&rsquo;or\u00e9e de la saison. \u00c0\u00a023 ans, le Toulonnais sort d&rsquo;une saison \u00ab\u00a0r\u00e9ussie\u00a0\u00bb o\u00f9 il a jou\u00e9 26 matches, 21 en tant que titulaire, avec les Rouge et Noir et a fait ses premiers pas dans le groupe \u00e9largi du XV de France lors du Tournoi des six nations puis en Nouvelle-Z\u00e9lande, m\u00eame s&rsquo;il n&rsquo;a pas connu ses premi\u00e8res minutes en bleu.<\/p>\n<p>\u00ab\u00a0J&rsquo;esp\u00e8re y arriver. C&rsquo;est un de mes objectifs cette saison\u00a0\u00bb, a assur\u00e9 le joueur au sujet d&rsquo;une premi\u00e8re cape, quelques jours avant son premier match de la saison, \u00e0 Montpellier (ce soir, 19 heures), o\u00f9 il sera d\u00e9j\u00e0 titulaire, au d\u00e9triment de son coll\u00e8gue international Melvyn Jalminet : \u00ab\u00a0Il y a de la concurrence, les joueurs le savent, on ne joue pas gr\u00e2ce aux cartes d&rsquo;identit\u00e9\u00a0\u00bb, a expliqu\u00e9 jeudi le manager toulonnais, Pierre Mignoni. \u00ab\u00a0Il y a de la concurrence dans tous les clubs, c&rsquo;est gr\u00e2ce \u00e0 cela qu&rsquo;on devient meilleur. Si tu n&rsquo;es pas assez bon, tu ne joues pas, parce qu&rsquo;un autre joueur est l\u00e0. Donc c&rsquo;est \u00e0 moi d&rsquo;\u00eatre bon pour pouvoir jouer\u00a0\u00bb, commente Domon, qui brigue aussi du temps de jeu en bleu.\u00a0<\/p>\n<p>\u00ab\u00a0Il faut revenir avec un titre cette ann\u00e9e\u00a0\u00bb<\/p>\n<p>Cela d\u00e9pendra aussi des performances du RC Toulon qui doit confirmer le retour au premier plan entrevu la saison pass\u00e9e. Apr\u00e8s un tr\u00e8s bon d\u00e9but de saison, le club a termin\u00e9 premier de son groupe de Champions Cup, avec notamment une <a href=\"https:\/\/www.laprovence.com\/article\/sports\/9502107643608214\/rugby-champions-cup-toulon-reussit-son-entree-en-lice-en-afrique-du-sud\" target=\"_blank\" rel=\"noopener\">rare victoire en Afrique du Sud<\/a>, et troisi\u00e8me de la phase r\u00e9guli\u00e8re de Top 14, apr\u00e8s avoir pass\u00e9 la majeure partie de la saison sur le podium.\u00a0Mais sur les matches couperets, les Toulonnais ont \u00e9t\u00e9 arr\u00eat\u00e9s par les deux mastodontes actuels du rugby tricolore, Toulouse en quarts de finale de Champions Cup et l&rsquo;Union Bordeaux-B\u00e8gles en demi-finales du Top 14. \u00ab\u00a0Quand tu es dans un club comme le RC\u00a0Toulon, je pense que le seul objectif est de remporter des titres. On se tient \u00e0 \u00e7a. Soit le Top 14, soit la Champions Cup, mais il faut revenir avec un titre cette ann\u00e9e\u00a0\u00bb, ambitionne-t-il.<\/p>\n","protected":false},"excerpt":{"rendered":"Auteur de sa premi\u00e8re saison pleine lors du dernier Top 14, l&rsquo;arri\u00e8re\u00a0toulonnais Marius Domon, appel\u00e9 avec le groupe&hellip;\n","protected":false},"author":2,"featured_media":370045,"comment_status":"","ping_status":"","sticky":false,"template":"","format":"standard","meta":{"footnotes":""},"categories":[9619],"tags":[17,1111,11,1777,674,1011,27,8544,12,5536,471,882,9834,25,479,60,31438,3030,2310],"class_list":{"0":"post-370044","1":"post","2":"type-post","3":"status-publish","4":"format-standard","5":"has-post-thumbnail","7":"category-toulon","8":"tag-17","9":"tag-actu","10":"tag-actualites","11":"tag-eu","12":"tag-europe","13":"tag-fr","14":"tag-france","15":"tag-jaminet","16":"tag-news","17":"tag-place","18":"tag-pour","19":"tag-provence-alpes-cote-dazur","20":"tag-reprise","21":"tag-republique-francaise","22":"tag-rugby","23":"tag-sports","24":"tag-titulaire","25":"tag-top","26":"tag-toulon"},"share_on_mastodon":{"url":"https:\/\/pubeurope.com\/@fr\/115156070169857897","error":""},"_links":{"self":[{"href":"https:\/\/www.europesays.com\/fr\/wp-json\/wp\/v2\/posts\/370044","targetHints":{"allow":["GET"]}}],"collection":[{"href":"https:\/\/www.europesays.com\/fr\/wp-json\/wp\/v2\/posts"}],"about":[{"href":"https:\/\/www.europesays.com\/fr\/wp-json\/wp\/v2\/types\/post"}],"author":[{"embeddable":true,"href":"https:\/\/www.europesays.com\/fr\/wp-json\/wp\/v2\/users\/2"}],"replies":[{"embeddable":true,"href":"https:\/\/www.europesays.com\/fr\/wp-json\/wp\/v2\/comments?post=370044"}],"version-history":[{"count":0,"href":"https:\/\/www.europesays.com\/fr\/wp-json\/wp\/v2\/posts\/370044\/revisions"}],"wp:featuredmedia":[{"embeddable":true,"href":"https:\/\/www.europesays.com\/fr\/wp-json\/wp\/v2\/media\/370045"}],"wp:attachment":[{"href":"https:\/\/www.europesays.com\/fr\/wp-json\/wp\/v2\/media?parent=370044"}],"wp:term":[{"taxonomy":"category","embeddable":true,"href":"https:\/\/www.europesays.com\/fr\/wp-json\/wp\/v2\/categories?post=370044"},{"taxonomy":"post_tag","embeddable":true,"href":"https:\/\/www.europesays.com\/fr\/wp-json\/wp\/v2\/tags?post=370044"}],"curies":[{"name":"wp","href":"https:\/\/api.w.org\/{rel}","templated":true}]}}