{"id":370046,"date":"2025-09-06T07:02:11","date_gmt":"2025-09-06T07:02:11","guid":{"rendered":"https:\/\/www.europesays.com\/fr\/370046\/"},"modified":"2025-09-06T07:02:11","modified_gmt":"2025-09-06T07:02:11","slug":"rencontre-dedicace-avec-un-maitre-du-polar-marin-ledun","status":"publish","type":"post","link":"https:\/\/www.europesays.com\/fr\/370046\/","title":{"rendered":"Rencontre d\u00e9dicace avec un ma\u00eetre du polar, Marin Ledun"},"content":{"rendered":"<p>La librairie L\u2019\u00e9pluche-livres re\u00e7oit Marin Ledun, samedi 6 septembre \u00e0 17 h pour une rencontre d\u00e9dicace autour de son dernier polar Henua, publi\u00e9 dans la S\u00e9rie Noire de Galllimard. Marin Ledun emm\u00e8ne le lecteur \u00e0 Nuku Hiva, dans l\u2019archipel des Marquises, pour une enqu\u00eate polici\u00e8re, dans un d\u00e9cor de carte postale : v\u00e9g\u00e9tation luxuriante et eaux d\u2019un bleu profond. Mais cette \u00eele n\u2019est pas paradisiaque pour tout le monde\u2026 Un corps est retrouv\u00e9 en haut d\u2019une montagne. Arts ancestraux et tradition ou braconnage, commerce d\u2019esp\u00e8ces prot\u00e9g\u00e9es ou prostitution, quel est le motif de ce meurtre ? Pourquoi une jeune m\u00e8re, respect\u00e9e, empreinte de libert\u00e9, aimant passionn\u00e9ment son \u00eele, est-elle morte ?<\/p>\n<p>L\u2019enqu\u00eate va progressivement faire d\u00e9couvrir l\u2019envers du d\u00e9cor des Marquises : un territoire o\u00f9 le ch\u00f4mage est end\u00e9mique, la population abandonn\u00e9e de Tahiti et de la m\u00e9tropole, o\u00f9 les statistiques des violences intra-familiales sont particuli\u00e8rement \u00e9lev\u00e9es. Un pays rong\u00e9 par les cons\u00e9quences de la colonisation et hant\u00e9 par le spectre des essais nucl\u00e9aires fran\u00e7ais, mais o\u00f9 le silence est d\u2019or et les secrets bien gard\u00e9s\u2026<\/p>\n<p>Marin Ledun est l\u2019auteur d\u2019une vingtaine de romans dont Les Visages \u00e9cras\u00e9s plusieurs fois r\u00e9compens\u00e9 et adapt\u00e9 au cin\u00e9ma, et L\u2019homme qui a vu l\u2019homme Prix Amila-Meckert. Ses deux pr\u00e9c\u00e9dents romans Leur \u00e2me au diable et Free Queens ont re\u00e7u un accueil particuli\u00e8rement enthousiaste de la presse et des libraires. L\u2019auteur vient de se voir attribuer le prix 813 du meilleur roman fran\u00e7ais pour Free Queens sorti en Folio Policier en septembre. Une rencontre \u00e0 ne pas louper pour prolonger les vacances dans le suspens de la lecture.<\/p>\n<p>Librairie L\u2019\u00e9pluche-livres, 125 av. Marcel Dassault, Tram Ligne 2 arr\u00eat La Galine.<\/p>\n<p>Correspondante Midi Libre : 06 62 55 20 77<\/p>\n","protected":false},"excerpt":{"rendered":"La librairie L\u2019\u00e9pluche-livres re\u00e7oit Marin Ledun, samedi 6 septembre \u00e0 17 h pour une rencontre d\u00e9dicace autour de&hellip;\n","protected":false},"author":2,"featured_media":370047,"comment_status":"","ping_status":"","sticky":false,"template":"","format":"standard","meta":{"footnotes":""},"categories":[9599],"tags":[1111,11,1777,674,1011,27,2208,12,2680,25],"class_list":{"0":"post-370046","1":"post","2":"type-post","3":"status-publish","4":"format-standard","5":"has-post-thumbnail","7":"category-montpellier","8":"tag-actu","9":"tag-actualites","10":"tag-eu","11":"tag-europe","12":"tag-fr","13":"tag-france","14":"tag-montpellier","15":"tag-news","16":"tag-occitanie","17":"tag-republique-francaise"},"share_on_mastodon":{"url":"https:\/\/pubeurope.com\/@fr\/115156074088225193","error":""},"_links":{"self":[{"href":"https:\/\/www.europesays.com\/fr\/wp-json\/wp\/v2\/posts\/370046","targetHints":{"allow":["GET"]}}],"collection":[{"href":"https:\/\/www.europesays.com\/fr\/wp-json\/wp\/v2\/posts"}],"about":[{"href":"https:\/\/www.europesays.com\/fr\/wp-json\/wp\/v2\/types\/post"}],"author":[{"embeddable":true,"href":"https:\/\/www.europesays.com\/fr\/wp-json\/wp\/v2\/users\/2"}],"replies":[{"embeddable":true,"href":"https:\/\/www.europesays.com\/fr\/wp-json\/wp\/v2\/comments?post=370046"}],"version-history":[{"count":0,"href":"https:\/\/www.europesays.com\/fr\/wp-json\/wp\/v2\/posts\/370046\/revisions"}],"wp:featuredmedia":[{"embeddable":true,"href":"https:\/\/www.europesays.com\/fr\/wp-json\/wp\/v2\/media\/370047"}],"wp:attachment":[{"href":"https:\/\/www.europesays.com\/fr\/wp-json\/wp\/v2\/media?parent=370046"}],"wp:term":[{"taxonomy":"category","embeddable":true,"href":"https:\/\/www.europesays.com\/fr\/wp-json\/wp\/v2\/categories?post=370046"},{"taxonomy":"post_tag","embeddable":true,"href":"https:\/\/www.europesays.com\/fr\/wp-json\/wp\/v2\/tags?post=370046"}],"curies":[{"name":"wp","href":"https:\/\/api.w.org\/{rel}","templated":true}]}}