{"id":370048,"date":"2025-09-06T07:03:14","date_gmt":"2025-09-06T07:03:14","guid":{"rendered":"https:\/\/www.europesays.com\/fr\/370048\/"},"modified":"2025-09-06T07:03:14","modified_gmt":"2025-09-06T07:03:14","slug":"christelle-diallo-signe-a-lattes-montpellier","status":"publish","type":"post","link":"https:\/\/www.europesays.com\/fr\/370048\/","title":{"rendered":"Christelle Diallo signe \u00e0 Lattes-Montpellier"},"content":{"rendered":"<p>L&rsquo;originalit\u00e9 de Kseniia Kozlova, une poste 5 de 1,91 m et 24 ans, est d&rsquo;\u00eatre de nationalit\u00e9 russe mais la Moscovite est aussi impr\u00e9gn\u00e9 de culture US avec des s\u00e9jours dans un lyc\u00e9e en Floride, \u00e0 Middle Tennessee et James Madison University (12,5 points et 7,4 rebonds en senior avec une tr\u00e8s bonne finition pr\u00e8s du cercle).<\/p>\n<p>Pour cette ancienne internationale U16, le BLMA devait \u00eatre sa premi\u00e8re exp\u00e9rience en pro. Le club de l&rsquo;H\u00e9rault n&rsquo;indique pas pourquoi elle se s\u00e9pare de la joueuse avant le d\u00e9but de la saison.<\/p>\n<p>C&rsquo;est Christelle Diallo qui est appel\u00e9e pour succ\u00e9der \u00e0 Kseniia Kozlova. Il s&rsquo;agit d&rsquo;une poste 5 qui a jou\u00e9 pendant 13 saisons en ligue f\u00e9minine (Bourges, Nice, Lyon, Tarbes, Charleville-M\u00e9zi\u00e8res et Villeneuve d\u2019Ascq) et qui a port\u00e9 ensuite les maillots de Saragosse, en Espagne, puis du Melikgazi Kayseri et le CBK Mersin, en Turquie. Ces derniers, finalistes de l\u2019Euroleague 2025, ont fait appel \u00e0 ses services en f\u00e9vrier 2025 et elle a jou\u00e9 avec eux 3 matches d&rsquo;Euroleague \u00e0 6 minutes de moyenne.<\/p>\n","protected":false},"excerpt":{"rendered":"L&rsquo;originalit\u00e9 de Kseniia Kozlova, une poste 5 de 1,91 m et 24 ans, est d&rsquo;\u00eatre de nationalit\u00e9 russe&hellip;\n","protected":false},"author":2,"featured_media":370049,"comment_status":"","ping_status":"","sticky":false,"template":"","format":"standard","meta":{"footnotes":""},"categories":[9599],"tags":[1111,11,1777,674,1011,27,2208,12,2680,25],"class_list":{"0":"post-370048","1":"post","2":"type-post","3":"status-publish","4":"format-standard","5":"has-post-thumbnail","7":"category-montpellier","8":"tag-actu","9":"tag-actualites","10":"tag-eu","11":"tag-europe","12":"tag-fr","13":"tag-france","14":"tag-montpellier","15":"tag-news","16":"tag-occitanie","17":"tag-republique-francaise"},"share_on_mastodon":{"url":"https:\/\/pubeurope.com\/@fr\/115156078078527728","error":""},"_links":{"self":[{"href":"https:\/\/www.europesays.com\/fr\/wp-json\/wp\/v2\/posts\/370048","targetHints":{"allow":["GET"]}}],"collection":[{"href":"https:\/\/www.europesays.com\/fr\/wp-json\/wp\/v2\/posts"}],"about":[{"href":"https:\/\/www.europesays.com\/fr\/wp-json\/wp\/v2\/types\/post"}],"author":[{"embeddable":true,"href":"https:\/\/www.europesays.com\/fr\/wp-json\/wp\/v2\/users\/2"}],"replies":[{"embeddable":true,"href":"https:\/\/www.europesays.com\/fr\/wp-json\/wp\/v2\/comments?post=370048"}],"version-history":[{"count":0,"href":"https:\/\/www.europesays.com\/fr\/wp-json\/wp\/v2\/posts\/370048\/revisions"}],"wp:featuredmedia":[{"embeddable":true,"href":"https:\/\/www.europesays.com\/fr\/wp-json\/wp\/v2\/media\/370049"}],"wp:attachment":[{"href":"https:\/\/www.europesays.com\/fr\/wp-json\/wp\/v2\/media?parent=370048"}],"wp:term":[{"taxonomy":"category","embeddable":true,"href":"https:\/\/www.europesays.com\/fr\/wp-json\/wp\/v2\/categories?post=370048"},{"taxonomy":"post_tag","embeddable":true,"href":"https:\/\/www.europesays.com\/fr\/wp-json\/wp\/v2\/tags?post=370048"}],"curies":[{"name":"wp","href":"https:\/\/api.w.org\/{rel}","templated":true}]}}