{"id":370050,"date":"2025-09-06T07:04:16","date_gmt":"2025-09-06T07:04:16","guid":{"rendered":"https:\/\/www.europesays.com\/fr\/370050\/"},"modified":"2025-09-06T07:04:16","modified_gmt":"2025-09-06T07:04:16","slug":"que-sest-il-passe-cette-nuit-a-rouen","status":"publish","type":"post","link":"https:\/\/www.europesays.com\/fr\/370050\/","title":{"rendered":"que s&rsquo;est-il pass\u00e9 cette nuit \u00e0 Rouen\u00a0?"},"content":{"rendered":"<p>            Par<br \/>\n        <strong><br \/>\n            <a href=\"https:\/\/actu.fr\/auteur\/eaube\" title=\"Consulter tous les articles de Elo\u00efse Aub\u00e9\" rel=\"nofollow noopener\" target=\"_blank\">Elo\u00efse Aub\u00e9<\/a><br \/>\n        <\/strong><\/p>\n<p>        Publi\u00e9 le<\/p>\n<p>            6 sept. 2025 \u00e0 8h48        <\/p>\n<p>Gros accident en plein centre de <a href=\"https:\/\/actu.fr\/normandie\/rouen_76540\" rel=\"nofollow noopener\" target=\"_blank\">Rouen<\/a>. Cette nuit, vers 3h10, les pompiers ont re\u00e7u un appel pour, dans un premier temps, un v\u00e9hicule seul contre un mur <strong>quai de la Bourse \u00e0 l\u2019angle du point Boieldieu.<\/strong><\/p>\n<p class=\" wall-content\">Mais sur place, se trouvait <strong>un autre v\u00e9hicule, en feu.<\/strong><\/p>\n<p>Quatre bless\u00e9s<\/p>\n<p class=\" wall-content\">Apr\u00e8s avoir mis en place un p\u00e9rim\u00e8tre de s\u00e9curit\u00e9 et \u00e9teint l\u2019incendie, les sapeurs-pompiers (au nombre de 25) ont pris en charge <strong>les quatre victimes<\/strong>. Les occupants de la voiture en feu, deux hommes de 20 et 25 ans, \u00e9taient d\u00e9j\u00e0 sortis avant l\u2019arriv\u00e9e des secours. Il a fallu d\u00e9sincarc\u00e9rer le conducteur, \u00e2g\u00e9 de 36 ans, du second v\u00e9hicule. Quant au passager, un homme de 27 ans, il a \u00e9t\u00e9 l\u00e9g\u00e8rement bless\u00e9.<\/p>\n<p class=\" wall-content\">Toutes ont \u00e9t\u00e9 transport\u00e9es au CHU de Rouen.<\/p>\n<p class=\" wall-content\">Reste \u00e0 savoir les raisons de cet accident. Une collision\u2009? Vitesse excessive\u2009? L\u2019enqu\u00eate devra le d\u00e9terminer.<\/p>\n<p class=\" wall-content\">Personnalisez votre actualit\u00e9 en ajoutant vos villes et m\u00e9dias en favori avec <a href=\"https:\/\/moncompte.actu.fr\" title=\"D\u00e9couvez Mon Actu\" rel=\"nofollow noopener\" data-trk=\"{&quot;cta&quot;:{&quot;action&quot;:&quot;https:\\\/\\\/moncompte.actu.fr&quot;,&quot;category&quot;:&quot;mon compte&quot;,&quot;from&quot;:&quot;article footer&quot;,&quot;name&quot;:&quot;Mon actu&quot;,&quot;type&quot;:&quot;cta&quot;}}\" target=\"_blank\">Mon Actu<\/a>.<\/p>\n","protected":false},"excerpt":{"rendered":"Par Elo\u00efse Aub\u00e9 Publi\u00e9 le 6 sept. 2025 \u00e0 8h48 Gros accident en plein centre de Rouen. Cette&hellip;\n","protected":false},"author":2,"featured_media":370051,"comment_status":"","ping_status":"","sticky":false,"template":"","format":"standard","meta":{"footnotes":""},"categories":[9587],"tags":[1111,11,1777,674,118,1011,27,1310,12,5161,1072,1311,25,9590],"class_list":{"0":"post-370050","1":"post","2":"type-post","3":"status-publish","4":"format-standard","5":"has-post-thumbnail","7":"category-rouen","8":"tag-actu","9":"tag-actualites","10":"tag-eu","11":"tag-europe","12":"tag-faits-divers","13":"tag-fr","14":"tag-france","15":"tag-incendie","16":"tag-news","17":"tag-normandie","18":"tag-police","19":"tag-pompiers","20":"tag-republique-francaise","21":"tag-rouen"},"share_on_mastodon":{"url":"https:\/\/pubeurope.com\/@fr\/115156081933177134","error":""},"_links":{"self":[{"href":"https:\/\/www.europesays.com\/fr\/wp-json\/wp\/v2\/posts\/370050","targetHints":{"allow":["GET"]}}],"collection":[{"href":"https:\/\/www.europesays.com\/fr\/wp-json\/wp\/v2\/posts"}],"about":[{"href":"https:\/\/www.europesays.com\/fr\/wp-json\/wp\/v2\/types\/post"}],"author":[{"embeddable":true,"href":"https:\/\/www.europesays.com\/fr\/wp-json\/wp\/v2\/users\/2"}],"replies":[{"embeddable":true,"href":"https:\/\/www.europesays.com\/fr\/wp-json\/wp\/v2\/comments?post=370050"}],"version-history":[{"count":0,"href":"https:\/\/www.europesays.com\/fr\/wp-json\/wp\/v2\/posts\/370050\/revisions"}],"wp:featuredmedia":[{"embeddable":true,"href":"https:\/\/www.europesays.com\/fr\/wp-json\/wp\/v2\/media\/370051"}],"wp:attachment":[{"href":"https:\/\/www.europesays.com\/fr\/wp-json\/wp\/v2\/media?parent=370050"}],"wp:term":[{"taxonomy":"category","embeddable":true,"href":"https:\/\/www.europesays.com\/fr\/wp-json\/wp\/v2\/categories?post=370050"},{"taxonomy":"post_tag","embeddable":true,"href":"https:\/\/www.europesays.com\/fr\/wp-json\/wp\/v2\/tags?post=370050"}],"curies":[{"name":"wp","href":"https:\/\/api.w.org\/{rel}","templated":true}]}}