{"id":370052,"date":"2025-09-06T07:05:22","date_gmt":"2025-09-06T07:05:22","guid":{"rendered":"https:\/\/www.europesays.com\/fr\/370052\/"},"modified":"2025-09-06T07:05:22","modified_gmt":"2025-09-06T07:05:22","slug":"tous-en-cuisine-a-rouen","status":"publish","type":"post","link":"https:\/\/www.europesays.com\/fr\/370052\/","title":{"rendered":"\u00ab\u00a0Tous en cuisine\u00a0\u00bb \u00e0 Rouen"},"content":{"rendered":"\n<p>         Publi\u00e9 le\u00a0:\u00a0       <\/p>\n<p>Samedi 6 septembre 2025 &#8211; 08h05<\/p>\n<p>         Th\u00e8me d\u2019actualit\u00e9\u00a0:\u00a0       <\/p>\n<p>                            <img loading=\"lazy\" decoding=\"async\" typeof=\"foaf:Image\" src=\"https:\/\/www.europesays.com\/fr\/wp-content\/uploads\/2025\/09\/capture_decran_2025-09-05_a_13.44.40.png\" width=\"640\" height=\"313\" alt=\"affiche Tous en cuisine\"\/>                          <\/p>\n<p>L\u2019\u00e9mission de Cyril Lignac revient sur M6 \u00e0 partir du 6 septembre dans une nouvelle formule hebdomadaire. Le 9, l\u2019\u00e9quipe est en tournage sur la place Saint-Marc pour l\u2019enregistrement d\u2019une \u00e9mission programm\u00e9e au printemps prochain sur la cha\u00eene. C\u2019est J\u00e9r\u00f4me Anthony qui continue son tour de France gourmand en passant \u00e0 Rouen pour mettre en avant les sp\u00e9cialit\u00e9s culinaires de Rouen et sa r\u00e9gion. A d\u00e9couvrir, la pr\u00e9paration de bons petits plats en direct avec le chef Cyril Lignac en direct \u00e0 Paris. Le public rouennais est bien entendu invit\u00e9 \u00e0 assister au tournage, mardi 9 septembre de 11h \u00e0 12h et de 15h \u00e0 16h.<\/p>\n","protected":false},"excerpt":{"rendered":"Publi\u00e9 le\u00a0:\u00a0 Samedi 6 septembre 2025 &#8211; 08h05 Th\u00e8me d\u2019actualit\u00e9\u00a0:\u00a0 L\u2019\u00e9mission de Cyril Lignac revient sur M6 \u00e0&hellip;\n","protected":false},"author":2,"featured_media":370053,"comment_status":"","ping_status":"","sticky":false,"template":"","format":"standard","meta":{"footnotes":""},"categories":[9587],"tags":[1111,11,1777,674,1011,27,12,5161,25,9590],"class_list":{"0":"post-370052","1":"post","2":"type-post","3":"status-publish","4":"format-standard","5":"has-post-thumbnail","7":"category-rouen","8":"tag-actu","9":"tag-actualites","10":"tag-eu","11":"tag-europe","12":"tag-fr","13":"tag-france","14":"tag-news","15":"tag-normandie","16":"tag-republique-francaise","17":"tag-rouen"},"share_on_mastodon":{"url":"https:\/\/pubeurope.com\/@fr\/115156085973459910","error":""},"_links":{"self":[{"href":"https:\/\/www.europesays.com\/fr\/wp-json\/wp\/v2\/posts\/370052","targetHints":{"allow":["GET"]}}],"collection":[{"href":"https:\/\/www.europesays.com\/fr\/wp-json\/wp\/v2\/posts"}],"about":[{"href":"https:\/\/www.europesays.com\/fr\/wp-json\/wp\/v2\/types\/post"}],"author":[{"embeddable":true,"href":"https:\/\/www.europesays.com\/fr\/wp-json\/wp\/v2\/users\/2"}],"replies":[{"embeddable":true,"href":"https:\/\/www.europesays.com\/fr\/wp-json\/wp\/v2\/comments?post=370052"}],"version-history":[{"count":0,"href":"https:\/\/www.europesays.com\/fr\/wp-json\/wp\/v2\/posts\/370052\/revisions"}],"wp:featuredmedia":[{"embeddable":true,"href":"https:\/\/www.europesays.com\/fr\/wp-json\/wp\/v2\/media\/370053"}],"wp:attachment":[{"href":"https:\/\/www.europesays.com\/fr\/wp-json\/wp\/v2\/media?parent=370052"}],"wp:term":[{"taxonomy":"category","embeddable":true,"href":"https:\/\/www.europesays.com\/fr\/wp-json\/wp\/v2\/categories?post=370052"},{"taxonomy":"post_tag","embeddable":true,"href":"https:\/\/www.europesays.com\/fr\/wp-json\/wp\/v2\/tags?post=370052"}],"curies":[{"name":"wp","href":"https:\/\/api.w.org\/{rel}","templated":true}]}}