{"id":370054,"date":"2025-09-06T07:06:09","date_gmt":"2025-09-06T07:06:09","guid":{"rendered":"https:\/\/www.europesays.com\/fr\/370054\/"},"modified":"2025-09-06T07:06:09","modified_gmt":"2025-09-06T07:06:09","slug":"prison-avec-sursis-pour-avoir-mortellement-renverse-une-septuagenaire","status":"publish","type":"post","link":"https:\/\/www.europesays.com\/fr\/370054\/","title":{"rendered":"prison avec sursis pour avoir mortellement renvers\u00e9 une septuag\u00e9naire"},"content":{"rendered":"<p itemprop=\"description\"><strong>Le 4 octobre 2024, une septuag\u00e9naire \u00e9tait renvers\u00e9e par un automobiliste avenue Albert 1er de Belgique \u00e0 Grenoble.<\/strong><\/p>\n<p>La pi\u00e9tonne traversait avec son chien sur le passage prot\u00e9g\u00e9 lorsqu&rsquo;elle avait \u00e9t\u00e9 projet\u00e9 par l&rsquo;utilitaire qui roulait seulement \u00e0 15km\/h. Mais la dame \u00e9tait lourdement tomb\u00e9e au sol, se tapant la t\u00eate contre le bitume. Elle \u00e9tait finalement d\u00e9c\u00e9d\u00e9e \u00e0 l&rsquo;h\u00f4pital, 17 jours apr\u00e8s l&rsquo;accident.<\/p>\n<p>Selon le Dauphin\u00e9 Lib\u00e9r\u00e9, l&rsquo;automobiliste a \u00e9t\u00e9 jug\u00e9 et condamn\u00e9 par le tribunal correctionnel de Grenoble. Cet homme de 65 ans a reconnu une erreur d&rsquo;inattention de sa part, et jure ne pas avoir vu sa victime.<\/p>\n<p>Il a \u00e9cop\u00e9 d&rsquo;un an de prison avec sursis.<\/p>\n","protected":false},"excerpt":{"rendered":"Le 4 octobre 2024, une septuag\u00e9naire \u00e9tait renvers\u00e9e par un automobiliste avenue Albert 1er de Belgique \u00e0 Grenoble.&hellip;\n","protected":false},"author":2,"featured_media":370055,"comment_status":"","ping_status":"","sticky":false,"template":"","format":"standard","meta":{"footnotes":""},"categories":[9566],"tags":[1111,11,7733,8279,2430,7736,650,7734,2889,2263,1777,674,1011,27,2731,8280,6417,1114,108,4662,12,3725,1825,25,7737],"class_list":{"0":"post-370054","1":"post","2":"type-post","3":"status-publish","4":"format-standard","5":"has-post-thumbnail","7":"category-grenoble","8":"tag-actu","9":"tag-actualites","10":"tag-alpes","11":"tag-alpes1","12":"tag-auvergne-rhone-alpes","13":"tag-cds","14":"tag-cinema","15":"tag-ecoute","16":"tag-emission","17":"tag-equipe","18":"tag-eu","19":"tag-europe","20":"tag-fr","21":"tag-france","22":"tag-grenoble","23":"tag-haute","24":"tag-information","25":"tag-infos","26":"tag-isere","27":"tag-journal","28":"tag-news","29":"tag-podcast","30":"tag-radio","31":"tag-republique-francaise","32":"tag-winamp"},"share_on_mastodon":{"url":"https:\/\/pubeurope.com\/@fr\/115156089805670934","error":""},"_links":{"self":[{"href":"https:\/\/www.europesays.com\/fr\/wp-json\/wp\/v2\/posts\/370054","targetHints":{"allow":["GET"]}}],"collection":[{"href":"https:\/\/www.europesays.com\/fr\/wp-json\/wp\/v2\/posts"}],"about":[{"href":"https:\/\/www.europesays.com\/fr\/wp-json\/wp\/v2\/types\/post"}],"author":[{"embeddable":true,"href":"https:\/\/www.europesays.com\/fr\/wp-json\/wp\/v2\/users\/2"}],"replies":[{"embeddable":true,"href":"https:\/\/www.europesays.com\/fr\/wp-json\/wp\/v2\/comments?post=370054"}],"version-history":[{"count":0,"href":"https:\/\/www.europesays.com\/fr\/wp-json\/wp\/v2\/posts\/370054\/revisions"}],"wp:featuredmedia":[{"embeddable":true,"href":"https:\/\/www.europesays.com\/fr\/wp-json\/wp\/v2\/media\/370055"}],"wp:attachment":[{"href":"https:\/\/www.europesays.com\/fr\/wp-json\/wp\/v2\/media?parent=370054"}],"wp:term":[{"taxonomy":"category","embeddable":true,"href":"https:\/\/www.europesays.com\/fr\/wp-json\/wp\/v2\/categories?post=370054"},{"taxonomy":"post_tag","embeddable":true,"href":"https:\/\/www.europesays.com\/fr\/wp-json\/wp\/v2\/tags?post=370054"}],"curies":[{"name":"wp","href":"https:\/\/api.w.org\/{rel}","templated":true}]}}