{"id":370056,"date":"2025-09-06T07:07:15","date_gmt":"2025-09-06T07:07:15","guid":{"rendered":"https:\/\/www.europesays.com\/fr\/370056\/"},"modified":"2025-09-06T07:07:15","modified_gmt":"2025-09-06T07:07:15","slug":"pro-d2-on-a-ete-dans-la-suffisance-une-victoire-certes-mais-pas-de-satisfaction-pour-grenoble","status":"publish","type":"post","link":"https:\/\/www.europesays.com\/fr\/370056\/","title":{"rendered":"Pro D2 &#8211; \u00ab\u00a0On a \u00e9t\u00e9 dans la suffisance\u00a0\u00bb : une victoire certes, mais pas de satisfaction pour Grenoble"},"content":{"rendered":"<p>\n                Men\u00e9s toute la premi\u00e8re mi-temps, Grenoble a d\u00fb s&#8217;employer pour se d\u00e9faire d&rsquo;Aurillac \u00e0 domicile. Mais malgr\u00e9 le r\u00e9sultat flatteur (38-16) et le bonus offensif, les Grenoblois n\u2019ont pas cach\u00e9 leur frustration, pointant une prestation encore trop brouillonne.\n            <\/p>\n<p>Il aura fallu une mi-temps au FC Grenoble Rugby pour se r\u00e9veiller, mais les Is\u00e9rois ont finalement fait le travail \u00e0 domicile face \u00e0 Aurillac, en s\u2019imposant avec le bonus (38-16). Longtemps men\u00e9s, ils ne sont pass\u00e9s devant qu\u2019\u00e0 la toute derni\u00e8re seconde de la premi\u00e8re p\u00e9riode, gr\u00e2ce \u00e0 une p\u00e9nalit\u00e9 de Romain Trouilloud, leur permettant de virer en t\u00eate \u00e0 la pause (19-16). Les Grenoblois avaient,\u00a0jusque-l\u00e0, cruellement manqu\u00e9 d\u2019efficacit\u00e9.<\/p>\n<p>Une \u00e9quipe \u00e0 deux visages&#8230;<\/p>\n<p>Les joueurs du FCG n\u2019ont pourtant pas manqu\u00e9 d\u2019occasions. Rapidement men\u00e9s 3 \u00e0 7, ils ont encha\u00een\u00e9 les franchissements\u2026 Et les pertes de balle ! Patrick Pezery, entra\u00eeneur des avants, est revenu sur ces quarante premi\u00e8res minutes compliqu\u00e9es :\u00a0\u00ab\u00a0On est rest\u00e9s dans une forme d\u2019individualisme, on a oubli\u00e9 de jouer collectivement, on a br\u00fbl\u00e9 les \u00e9tapes en tentant des passes saut\u00e9es\u2026 On s\u2019est trop pr\u00e9cipit\u00e9s.\u00a0\u00bb<\/p>\n<p>Le retour des vestiaires a vu les Is\u00e9rois revenir plus s\u00e9rieux, en patrons :\u00a0\u00ab\u00a0En deuxi\u00e8me mi-temps, on a simplement respect\u00e9 le plan de jeu initial. \u00c7a peut para\u00eetre b\u00eate, mais le r\u00e9sultat parle de lui-m\u00eame\u00a0\u00bb, pr\u00e9cise Pezery. Un homme a notamment dynamis\u00e9 le jeu Grenoblois : Eric Escande. Auteur d&rsquo;un essai dans la foul\u00e9e de son entr\u00e9e, le demi de m\u00eal\u00e9e a \u00e9t\u00e9 tr\u00e8s pr\u00e9cieux dans ce succ\u00e8s.<\/p>\n<p>&#8230;encore en\u00a0rodage<\/p>\n<p>Pas totalement satisfait malgr\u00e9 la victoire, Aur\u00e9lien Callandret, ailier du FCG, a livr\u00e9 un ressenti nuanc\u00e9 :\u00a0\u00ab\u00a0Ce n&rsquo;est pas un match r\u00e9ussi car dans le jeu, \u00e7a a \u00e9t\u00e9 tr\u00e8s poussif. C\u2019est une soir\u00e9e en demi-teinte. On est forc\u00e9ment contents d\u2019encha\u00eener deux victoires en deux matchs, mais il reste encore \u00e9norm\u00e9ment de r\u00e9glages \u00e0 faire. On a fait preuve de suffisance par moments.\u00a0\u00bb\u00a0Un constat partag\u00e9 par son co\u00e9quipier, le talonneur Romain Ruffenach, lucide sur les attentes qui entourent son \u00e9quipe :\u00a0\u00ab\u00a0On est le FCG, on est attendus. Ce qu\u2019on veut, c\u2019est jouer au rugby, montrer ce qu\u2019on sait faire. Petit \u00e0 petit, la machine va se mettre sur les bons rails, mais \u00e7a ne se fait pas en deux semaines, surtout avec une pr\u00e9paration aussi tardive.\u00a0\u00bb<\/p>\n<p>Patrick Pezery a tenu, lui aussi, \u00e0 remettre les choses en perspective, soulignant que ce FCG est encore en construction :\u00a0\u00ab\u00a0On est toujours dans une forme de rodage. Il faut\u00a0retrouver des rep\u00e8res sur certains aspects du jeu et ne pas oublier non plus qu\u2019on accuse plusieurs semaines de retard dans la pr\u00e9paration par rapport aux autres \u00e9quipes. On va tra\u00eener ce d\u00e9calage un moment donc il est essentiel de gagner d\u00e8s maintenant\u00a0car on finira par payer ce manque de pr\u00e9paration.\u00a0\u00bb<\/p>\n","protected":false},"excerpt":{"rendered":"Men\u00e9s toute la premi\u00e8re mi-temps, Grenoble a d\u00fb s&#8217;employer pour se d\u00e9faire d&rsquo;Aurillac \u00e0 domicile. Mais malgr\u00e9 le&hellip;\n","protected":false},"author":2,"featured_media":370057,"comment_status":"","ping_status":"","sticky":false,"template":"","format":"standard","meta":{"footnotes":""},"categories":[9566],"tags":[1111,11,2430,1777,674,1011,27,2731,12,25],"class_list":{"0":"post-370056","1":"post","2":"type-post","3":"status-publish","4":"format-standard","5":"has-post-thumbnail","7":"category-grenoble","8":"tag-actu","9":"tag-actualites","10":"tag-auvergne-rhone-alpes","11":"tag-eu","12":"tag-europe","13":"tag-fr","14":"tag-france","15":"tag-grenoble","16":"tag-news","17":"tag-republique-francaise"},"share_on_mastodon":{"url":"https:\/\/pubeurope.com\/@fr\/115156094077453643","error":""},"_links":{"self":[{"href":"https:\/\/www.europesays.com\/fr\/wp-json\/wp\/v2\/posts\/370056","targetHints":{"allow":["GET"]}}],"collection":[{"href":"https:\/\/www.europesays.com\/fr\/wp-json\/wp\/v2\/posts"}],"about":[{"href":"https:\/\/www.europesays.com\/fr\/wp-json\/wp\/v2\/types\/post"}],"author":[{"embeddable":true,"href":"https:\/\/www.europesays.com\/fr\/wp-json\/wp\/v2\/users\/2"}],"replies":[{"embeddable":true,"href":"https:\/\/www.europesays.com\/fr\/wp-json\/wp\/v2\/comments?post=370056"}],"version-history":[{"count":0,"href":"https:\/\/www.europesays.com\/fr\/wp-json\/wp\/v2\/posts\/370056\/revisions"}],"wp:featuredmedia":[{"embeddable":true,"href":"https:\/\/www.europesays.com\/fr\/wp-json\/wp\/v2\/media\/370057"}],"wp:attachment":[{"href":"https:\/\/www.europesays.com\/fr\/wp-json\/wp\/v2\/media?parent=370056"}],"wp:term":[{"taxonomy":"category","embeddable":true,"href":"https:\/\/www.europesays.com\/fr\/wp-json\/wp\/v2\/categories?post=370056"},{"taxonomy":"post_tag","embeddable":true,"href":"https:\/\/www.europesays.com\/fr\/wp-json\/wp\/v2\/tags?post=370056"}],"curies":[{"name":"wp","href":"https:\/\/api.w.org\/{rel}","templated":true}]}}