{"id":370060,"date":"2025-09-06T07:09:40","date_gmt":"2025-09-06T07:09:40","guid":{"rendered":"https:\/\/www.europesays.com\/fr\/370060\/"},"modified":"2025-09-06T07:09:40","modified_gmt":"2025-09-06T07:09:40","slug":"le-gerant-dun-hotel-condamne-pour-avoir-agresse-sexuellement-des-femmes-mises-a-labri-2","status":"publish","type":"post","link":"https:\/\/www.europesays.com\/fr\/370060\/","title":{"rendered":"Le g\u00e9rant d\u2019un h\u00f4tel condamn\u00e9 pour avoir agress\u00e9 sexuellement des femmes mises \u00e0 l\u2019abri"},"content":{"rendered":"<p>C\u2019est un dispositif de mise \u00e0 l\u2019abri. Quand il le peut, le service de Samu social <a href=\"https:\/\/www.20minutes.fr\/societe\/3314123-20220623-canicule-comment-samu-social-aide-abri-affronter-chaleurs-intenses\" class=\"c-link c-link--is-underlined\" target=\"_blank\" rel=\"noopener\">propose des h\u00e9bergements aux plus pr\u00e9caires<\/a>. Des personnes sans abri ou des femmes et enfants victimes de <a href=\"https:\/\/www.20minutes.fr\/dossier\/violences_conjugales\" class=\"c-link c-link--is-underlined\" target=\"_blank\" rel=\"noopener\">violences intrafamiliales<\/a> qui n\u2019ont pas d\u2019autre refuge. Pour loger ces personnes souvent en grande d\u00e9tresse, le 115 dispose d\u2019un certain nombre de partenaires, dont des h\u00f4tels. A <a href=\"https:\/\/www.20minutes.fr\/rennes\/\" class=\"c-link c-link--is-underlined\" target=\"_blank\" rel=\"noopener\">Rennes<\/a>, plusieurs \u00e9tablissements sont conventionn\u00e9s et accueillent des familles \u00e0 la rue.<\/p>\n<p>Jeudi, le g\u00e9rant d\u2019un h\u00f4tel de la capitale bretonne \u00e9tait convoqu\u00e9 devant le tribunal correctionnel. Deux femmes l\u2019accusaient d\u2019agressions sexuelles et de harc\u00e8lement. Elles avaient port\u00e9 plainte en\u00a02022, d\u00e9non\u00e7ant les propositions insistantes du g\u00e9rant, <a href=\"https:\/\/www.ouest-france.fr\/bretagne\/rennes-35000\/le-gerant-dun-hotel-rennais-harcelait-sexuellement-des-femmes-quil-hebergeait-grace-au-115-a93441f8-8999-11f0-86eb-dac26b435301\" rel=\"nofollow noopener\" target=\"_blank\" class=\"c-link c-link--is-underlined\">rapporte Ouest-France<\/a>.<\/p>\n<\/p>\n<p>\u00c2g\u00e9 de 65 ans, l\u2019homme aujourd\u2019hui \u00e0 la retraite a reconnu \u00ab\u00a0six relations sexuelles\u00a0\u00bb avec des femmes qu\u2019il h\u00e9bergeait mais assure qu\u2019elles \u00e9taient toutes consenties, pr\u00e9cisent nos confr\u00e8res. Des propos fermement contredits par les victimes. Plusieurs d\u2019entre elles avaient confi\u00e9 avoir subi des agressions sexuelles ou des relations \u00ab\u00a0contre des services\u00a0\u00bb ou sous la menace d\u2019\u00eatre mises \u00e0 la rue. Le partenariat avait \u00e9t\u00e9 rompu mais peu de plaintes avaient \u00e9t\u00e9 d\u00e9pos\u00e9es, les victimes souvent <a href=\"https:\/\/www.20minutes.fr\/dossier\/sans-papiers\" class=\"c-link c-link--is-underlined\" target=\"_blank\" rel=\"noopener\">sans-papiers<\/a> craignant de se rendre \u00e0 la police.<\/p>\n<p>Deux ans de prison avec sursis<\/p>\n<p>D\u2019apr\u00e8s Ouest-France, qui a assist\u00e9 \u00e0 l\u2019audience, le mis en cause a \u00e9t\u00e9 condamn\u00e9 \u00e0 deux ans de prison avec sursis. Son nom sera inscrit au Fichier judiciaire automatis\u00e9 des auteurs d\u2019infractions sexuelles ou violentes (Fijais).<\/p>\n","protected":false},"excerpt":{"rendered":"C\u2019est un dispositif de mise \u00e0 l\u2019abri. Quand il le peut, le service de Samu social propose des&hellip;\n","protected":false},"author":2,"featured_media":370061,"comment_status":"","ping_status":"","sticky":false,"template":"","format":"standard","meta":{"footnotes":""},"categories":[2821],"tags":[1111,47,11,1267,829,1777,674,1011,27,190,848,303,1908,13248,12,2694,584,25,50430,25950,3910,3693,798,797],"class_list":{"0":"post-370060","1":"post","2":"type-post","3":"status-publish","4":"format-standard","5":"has-post-thumbnail","7":"category-rennes","8":"tag-actu","9":"tag-actualite","10":"tag-actualites","11":"tag-agression-sexuelle","12":"tag-bretagne","13":"tag-eu","14":"tag-europe","15":"tag-fr","16":"tag-france","17":"tag-hotel","18":"tag-ille-et-vilaine","19":"tag-justice","20":"tag-logement","21":"tag-mal-logement","22":"tag-news","23":"tag-proces","24":"tag-rennes","25":"tag-republique-francaise","26":"tag-samu-social","27":"tag-sans-papiers","28":"tag-sdf","29":"tag-tribunal","30":"tag-violences-conjugales","31":"tag-violences-faites-aux-femmes"},"share_on_mastodon":{"url":"https:\/\/pubeurope.com\/@fr\/115156101802699253","error":""},"_links":{"self":[{"href":"https:\/\/www.europesays.com\/fr\/wp-json\/wp\/v2\/posts\/370060","targetHints":{"allow":["GET"]}}],"collection":[{"href":"https:\/\/www.europesays.com\/fr\/wp-json\/wp\/v2\/posts"}],"about":[{"href":"https:\/\/www.europesays.com\/fr\/wp-json\/wp\/v2\/types\/post"}],"author":[{"embeddable":true,"href":"https:\/\/www.europesays.com\/fr\/wp-json\/wp\/v2\/users\/2"}],"replies":[{"embeddable":true,"href":"https:\/\/www.europesays.com\/fr\/wp-json\/wp\/v2\/comments?post=370060"}],"version-history":[{"count":0,"href":"https:\/\/www.europesays.com\/fr\/wp-json\/wp\/v2\/posts\/370060\/revisions"}],"wp:featuredmedia":[{"embeddable":true,"href":"https:\/\/www.europesays.com\/fr\/wp-json\/wp\/v2\/media\/370061"}],"wp:attachment":[{"href":"https:\/\/www.europesays.com\/fr\/wp-json\/wp\/v2\/media?parent=370060"}],"wp:term":[{"taxonomy":"category","embeddable":true,"href":"https:\/\/www.europesays.com\/fr\/wp-json\/wp\/v2\/categories?post=370060"},{"taxonomy":"post_tag","embeddable":true,"href":"https:\/\/www.europesays.com\/fr\/wp-json\/wp\/v2\/tags?post=370060"}],"curies":[{"name":"wp","href":"https:\/\/api.w.org\/{rel}","templated":true}]}}