{"id":370062,"date":"2025-09-06T07:10:15","date_gmt":"2025-09-06T07:10:15","guid":{"rendered":"https:\/\/www.europesays.com\/fr\/370062\/"},"modified":"2025-09-06T07:10:15","modified_gmt":"2025-09-06T07:10:15","slug":"le-wagon-souk-sanctionne-dune-fermeture-administrative-jusquau-2-janvier-2026","status":"publish","type":"post","link":"https:\/\/www.europesays.com\/fr\/370062\/","title":{"rendered":"Le Wagon Souk sanctionn\u00e9 d&rsquo;une fermeture administrative jusqu&rsquo;au 2 janvier 2026"},"content":{"rendered":"<p class=\"wp-block-post-excerpt__excerpt\">Un arr\u00eat\u00e9 pr\u00e9fectoral prononce la fermeture administrative du Wagon Souk pendant quatre mois. Un contr\u00f4le men\u00e9 par plusieurs services de l\u2019Etat a permis de constater plusieurs infractions. <\/p>\n<p class=\"font-sans\">\n\t\t\tCet article est en acc\u00e8s libre. Pour soutenir Rue89 Strasbourg,<br \/>\n\t\t\t<a class=\"underline\" href=\"https:\/\/www.rue89strasbourg.com\/abonnement\" rel=\"nofollow noopener\" target=\"_blank\">abonnez-vous<\/a>.\n\t\t<\/p>\n<p>Line Baudriller<\/p>\n<p>Publi\u00e9 le 6 septembre 2025\u00a0\u00a0\u00b7\u00a0\u00a0<\/p>\n<p>Imprim\u00e9 le 6 septembre 2025 \u00e0 09h04\u00a0\u00a0\u00b7\u00a0\u00a0<\/p>\n<p>\t\t\t\t\t2\u00a0minutes\n<\/p>\n<p>Le tiers-lieu festif se savait menac\u00e9. Par un arr\u00eat\u00e9 dat\u00e9 du vendredi 29 ao\u00fbt, la pr\u00e9fecture du Bas-Rhin a d\u00e9cid\u00e9 d\u2019une fermeture administrative de quatre mois pour le Wagon Souk. Cette sanction commence \u00e0 compter du mardi 2 septembre et durera jusqu\u2019au vendredi 2 janvier. Cette d\u00e9cision fait suite \u00e0 un <a href=\"https:\/\/www.rue89strasbourg.com\/wagon-souk-menace-fermeture-administrative-356237\" target=\"_blank\" rel=\"noreferrer noopener nofollow\">contr\u00f4le men\u00e9 par plusieurs services de l\u2019Etat<\/a> (police nationale, douanes, protection des populations, Urssaf\u2026).<\/p>\n<p><a href=\"https:\/\/www.rue89strasbourg.com\/abonnement\" rel=\"nofollow noopener\" target=\"_blank\"><img loading=\"lazy\" decoding=\"async\" width=\"970\" height=\"250\" src=\"https:\/\/www.europesays.com\/fr\/wp-content\/uploads\/2025\/05\/bannie\u0300re-autopromo-2025-desktop-1.gif\" alt=\"\" class=\"wp-image-343590\" style=\"width:792px\"\/><\/a><\/p>\n<p><a href=\"https:\/\/www.rue89strasbourg.com\/abonnement\" rel=\"nofollow noopener\" target=\"_blank\"><img loading=\"lazy\" decoding=\"async\" width=\"300\" height=\"300\" src=\"https:\/\/www.europesays.com\/fr\/wp-content\/uploads\/2025\/05\/bannieres@2x.png\" alt=\"\" class=\"wp-image-341656\"  \/><\/a><\/p>\n<p>Alcool fort et s\u00e9curit\u00e9 incendie<\/p>\n<p>La fermeture administrative du Wagon Souk est tout d\u2019abord fond\u00e9e sur la vente d\u2019alcool fort sans licence 4. Cette autorisation avait \u00e9t\u00e9 refus\u00e9e au tiers-lieu festif suite \u00e0 un contr\u00f4le de la police du b\u00e2timent ayant permis de constater l\u2019absence totale de s\u00e9curit\u00e9 incendie. L\u2019arr\u00eat\u00e9 pr\u00e9fectoral mentionne aussi la vente de tabac \u00e0 chicha sans autorisation et l\u2019incapacit\u00e9 du g\u00e9rant \u00e0 prouver l\u2019origine de plusieurs kilos de marchandise. <\/p>\n<p>Mohamed Zahi est aussi mis en cause pour travail dissimul\u00e9. L\u2019association gestionnaire du lieu, Sauver le monde, n\u2019a pas d\u00e9clar\u00e9 son nouvel \u00e9tablissement situ\u00e9 rue du Rempart aupr\u00e8s du registre de commerce. Le contr\u00f4le men\u00e9 par l\u2019inspection du travail a aussi permis de constater l\u2019emploi d\u2019une personne en situation irr\u00e9guli\u00e8re sur le territoire fran\u00e7ais et sans autorisation de travail. De m\u00eame pour l\u2019emploi d\u2019une personne \u00e9trang\u00e8re qui n\u2019avait pas d\u2019autorisation de travail. Par ailleurs, lors de l\u2019op\u00e9ration de contr\u00f4le du 18 juillet, les forces de l\u2019ordre ont saisi du tabac \u00e0 narguil\u00e9, autrement appel\u00e9 chicha, alors que l\u2019\u00e9tablissement ne dispose d\u2019aucune autorisation de mise en vente du produit.<\/p>\n<p>En juin 2025, la Ville de Strasbourg s\u2019\u00e9tait engag\u00e9e \u00e0 <a href=\"https:\/\/www.rue89strasbourg.com\/wagon-souk-remporte-bras-fer-ville-strasbourg-347211\" rel=\"nofollow noopener\" target=\"_blank\">investir plus d\u20191,5 million d\u2019euros dans la r\u00e9novation du b\u00e2timent<\/a> occup\u00e9 par le Wagon Souk. Pour la rentr\u00e9e, elle a fini par prendre ses distances avec le g\u00e9rant du lieu. Dans un <a href=\"https:\/\/www.strasbourg.eu\/-\/situation-du-wagon-souk\" rel=\"nofollow noopener\" target=\"_blank\">communiqu\u00e9 du 1er septembre<\/a>, la municipalit\u00e9 \u00e9cologiste dit se tenir pr\u00eate \u00e0 \u00ab\u00a0reprendre les travaux sur l\u2019avenir du lieu d\u00e8s que la gouvernance de l\u2019association sera stabilis\u00e9e et en mesure de porter le projet du Wagon Souk.\u00a0\u00bb<\/p>\n","protected":false},"excerpt":{"rendered":"Un arr\u00eat\u00e9 pr\u00e9fectoral prononce la fermeture administrative du Wagon Souk pendant quatre mois. Un contr\u00f4le men\u00e9 par plusieurs&hellip;\n","protected":false},"author":2,"featured_media":370063,"comment_status":"","ping_status":"","sticky":false,"template":"","format":"standard","meta":{"footnotes":""},"categories":[2820],"tags":[1111,11,1777,674,1011,27,775,12,25,640,15198],"class_list":{"0":"post-370062","1":"post","2":"type-post","3":"status-publish","4":"format-standard","5":"has-post-thumbnail","7":"category-strasbourg","8":"tag-actu","9":"tag-actualites","10":"tag-eu","11":"tag-europe","12":"tag-fr","13":"tag-france","14":"tag-grand-est","15":"tag-news","16":"tag-republique-francaise","17":"tag-strasbourg","18":"tag-wagon-souk"},"share_on_mastodon":{"url":"https:\/\/pubeurope.com\/@fr\/115156106074759960","error":""},"_links":{"self":[{"href":"https:\/\/www.europesays.com\/fr\/wp-json\/wp\/v2\/posts\/370062","targetHints":{"allow":["GET"]}}],"collection":[{"href":"https:\/\/www.europesays.com\/fr\/wp-json\/wp\/v2\/posts"}],"about":[{"href":"https:\/\/www.europesays.com\/fr\/wp-json\/wp\/v2\/types\/post"}],"author":[{"embeddable":true,"href":"https:\/\/www.europesays.com\/fr\/wp-json\/wp\/v2\/users\/2"}],"replies":[{"embeddable":true,"href":"https:\/\/www.europesays.com\/fr\/wp-json\/wp\/v2\/comments?post=370062"}],"version-history":[{"count":0,"href":"https:\/\/www.europesays.com\/fr\/wp-json\/wp\/v2\/posts\/370062\/revisions"}],"wp:featuredmedia":[{"embeddable":true,"href":"https:\/\/www.europesays.com\/fr\/wp-json\/wp\/v2\/media\/370063"}],"wp:attachment":[{"href":"https:\/\/www.europesays.com\/fr\/wp-json\/wp\/v2\/media?parent=370062"}],"wp:term":[{"taxonomy":"category","embeddable":true,"href":"https:\/\/www.europesays.com\/fr\/wp-json\/wp\/v2\/categories?post=370062"},{"taxonomy":"post_tag","embeddable":true,"href":"https:\/\/www.europesays.com\/fr\/wp-json\/wp\/v2\/tags?post=370062"}],"curies":[{"name":"wp","href":"https:\/\/api.w.org\/{rel}","templated":true}]}}