{"id":370064,"date":"2025-09-06T07:11:18","date_gmt":"2025-09-06T07:11:18","guid":{"rendered":"https:\/\/www.europesays.com\/fr\/370064\/"},"modified":"2025-09-06T07:11:18","modified_gmt":"2025-09-06T07:11:18","slug":"linfluenceuse-mama-etcetera-pimpe-la-rentree","status":"publish","type":"post","link":"https:\/\/www.europesays.com\/fr\/370064\/","title":{"rendered":"l&rsquo;influenceuse mama.etcetera pimpe la rentr\u00e9e"},"content":{"rendered":"<p>Apr\u00e8s un \u00e9t\u00e9 \u00e0 surveiller les enfants et \u00e0 courir partout, il est temps de d\u00e9compresser pour souffler un peu en dehors de la vie de famille. Et \u00e7a tombe bien, c&rsquo;est dans une \u00ab ambiance ultra bienveillante \u00bb que <a href=\"https:\/\/www.dna.fr\/culture-loisirs\/2024\/08\/19\/sur-instagram-mama-etcetera-propose-des-sorties-pour-les-familles\" target=\"_blank\" rel=\"noopener\">Marie Muller, alias mama.etcetera<\/a> , reprend le clubbing des mamas chaque mois \u00e0 la P\u00e9niche m\u00e9canique. \u00ab Le but est de faire la f\u00eate comme avant&#8230; mais au lieu de rentrer \u00e0 4 h du mat&rsquo;, on rentre \u00e0 23 h histoire de pouvoir \u00eatre pr\u00e9sent et en forme pour le r\u00e9veil des enfants. \u00bb<\/p>\n<p>Ce contenu est bloqu\u00e9 car vous n&rsquo;avez pas accept\u00e9 les cookies et autres traceurs.<\/p>\n<p>En cliquant sur \u00ab J\u2019accepte \u00bb, les cookies et autres traceurs seront d\u00e9pos\u00e9s et vous pourrez visualiser les contenus  (<a href=\"\" class=\"consentModule_policy\" target=\"_blank\" title=\"Consulter la politique de protection des donn\u00e9es du fournisseur\">plus d&rsquo;informations<\/a>).<\/p>\n<p>En cliquant sur \u00ab J\u2019accepte tous les cookies \u00bb, vous autorisez des d\u00e9p\u00f4ts de cookies et autres traceurs pour le stockage de vos donn\u00e9es sur nos sites et applications \u00e0 des fins de personnalisation et de ciblage publicitaire.<\/p>\n<p class=\"consentModule_secondaryText\">Vous gardez la possibilit\u00e9 de retirer votre consentement \u00e0 tout moment en consultant notre <a href=\"https:\/\/www.dna.fr\/protection-des-donnees\" target=\"_blank\" title=\"Consulter notre politique de protection des donn\u00e9es\" rel=\"noopener\">politique de protection des donn\u00e9es<\/a>. <br \/>&#13;<br \/>\n            <a href=\"https:\/\/www.dna.fr\/culture-loisirs\/2025\/09\/06\/javascript:Didomi.notice.show()\" class=\"consentModule_cmp\" target=\"_blank\" rel=\"noopener\">G\u00e9rer mes choix<\/a>&#13;\n        <\/p>\n<p>&#13;<br \/>\n                        J&rsquo;accepte&#13;<br \/>\n            J&rsquo;accepte tous les cookies&#13;\n        <\/p>\n<p>Au programme ce mercredi 10 septembre : DJ set de Phil Mrp, spectacle <a href=\"https:\/\/www.dna.fr\/societe\/2022\/10\/21\/drag-queens-de-l-ombre-a-la-lumiere\" target=\"_blank\" rel=\"noopener\">de drag<\/a> de la House of Marley en d\u00e9but de soir\u00e9e, stand de maquillage et paillettes, le tout sur un fond musical des ann\u00e9es 1990-2000. \u00ab Il s&rsquo;agira de faire la f\u00eate entre femmes &#8211; mamans ou simples accompagnatrices &#8211; et de se l\u00e2cher sans jugement, que l&rsquo;on vienne apr\u00e8s le travail en jean-basket ou pimp\u00e9e comme jamais ! \u00bb insiste-t-elle.<\/p>\n<p>  Les mamans f\u00eatent, les enfants jouent <\/p>\n<p>Les enfants d\u2019un \u00e0 cinq ans auront aussi droit \u00e0 leur moment privil\u00e9gi\u00e9. Marie invite \u00e0 nouveau \u00e0 ses croisi\u00e8res anim\u00e9es avec Batorama comme partenaire. Cette balade nautique comprend un petit spectacle de 30 minutes avec des artistes diff\u00e9rents \u00e0 chaque fois : magicien, conteur\u2026 Pour celle du dimanche 26 octobre \u2013 attention elle est d\u00e9j\u00e0 quasi compl\u00e8te, r\u00e9servez vite \u2013 c&rsquo;est Agn\u00e8s Duret, intervenante musicale, qui proposera un \u00e9veil musical po\u00e9tique. Habituellement organis\u00e9e une fois par mois, la croisi\u00e8re prendra une pause jusqu\u2019en avril 2026 apr\u00e8s le rendez-vous du mercredi 26 novembre, pour cause de r\u00e9vision de bateau\u2026. L&rsquo;occasion id\u00e9ale, donc, d\u2019offrir un cadeau de No\u00ebl avant l&rsquo;heure et de voguer avec la musicienne Galou pour une balade rythm\u00e9e en musique. \u00c0 l&rsquo;issue des animations, les enfants pourront manipuler les objets et instruments utilis\u00e9s avant de d\u00e9guster un d\u00e9licieux go\u00fbter. <\/p>\n<p class=\"note\">Le prochain clubbing des mamas se d\u00e9roulera le mercredi 10 septembre de 18 h 30 \u00e0 23 h \u00e0 la P\u00e9niche m\u00e9canique, entr\u00e9e \u00e0 13,42 \u20ac (dont un euro revers\u00e9 \u00e0 une association).<\/p>\n<p class=\"note\">Les prochaines croisi\u00e8res se d\u00e9rouleront le 26 octobre \u00e0 9 h 30 ou \u00e0 11 h depuis l&#8217;embarcad\u00e8re \u00c9toile. Celles du mercredi 26 novembre auront lieu \u00e0 14 h, 15 h 30 ou 17 h. 15 \u20ac par enfant, 25 \u20ac par parent. Plus d&rsquo;informations sur le site internet ou sur Instagram.<\/p>\n","protected":false},"excerpt":{"rendered":"Apr\u00e8s un \u00e9t\u00e9 \u00e0 surveiller les enfants et \u00e0 courir partout, il est temps de d\u00e9compresser pour souffler&hellip;\n","protected":false},"author":2,"featured_media":370065,"comment_status":"","ping_status":"","sticky":false,"template":"","format":"standard","meta":{"footnotes":""},"categories":[2820],"tags":[1111,11,2389,2649,1687,2880,1777,674,107,1011,27,775,3035,12,4043,25,953,3140,640,2879],"class_list":{"0":"post-370064","1":"post","2":"type-post","3":"status-publish","4":"format-standard","5":"has-post-thumbnail","7":"category-strasbourg","8":"tag-actu","9":"tag-actualites","10":"tag-alsace","11":"tag-bas-rhin","12":"tag-culture-loisirs","13":"tag-edition-strasbourg","14":"tag-eu","15":"tag-europe","16":"tag-fil-info","17":"tag-fr","18":"tag-france","19":"tag-grand-est","20":"tag-la-matinale-strasbourg","21":"tag-news","22":"tag-repas-et-the-dansant","23":"tag-republique-francaise","24":"tag-soiree","25":"tag-spectacle","26":"tag-strasbourg","27":"tag-strasbourg-ville"},"share_on_mastodon":{"url":"https:\/\/pubeurope.com\/@fr\/115156109610679440","error":""},"_links":{"self":[{"href":"https:\/\/www.europesays.com\/fr\/wp-json\/wp\/v2\/posts\/370064","targetHints":{"allow":["GET"]}}],"collection":[{"href":"https:\/\/www.europesays.com\/fr\/wp-json\/wp\/v2\/posts"}],"about":[{"href":"https:\/\/www.europesays.com\/fr\/wp-json\/wp\/v2\/types\/post"}],"author":[{"embeddable":true,"href":"https:\/\/www.europesays.com\/fr\/wp-json\/wp\/v2\/users\/2"}],"replies":[{"embeddable":true,"href":"https:\/\/www.europesays.com\/fr\/wp-json\/wp\/v2\/comments?post=370064"}],"version-history":[{"count":0,"href":"https:\/\/www.europesays.com\/fr\/wp-json\/wp\/v2\/posts\/370064\/revisions"}],"wp:featuredmedia":[{"embeddable":true,"href":"https:\/\/www.europesays.com\/fr\/wp-json\/wp\/v2\/media\/370065"}],"wp:attachment":[{"href":"https:\/\/www.europesays.com\/fr\/wp-json\/wp\/v2\/media?parent=370064"}],"wp:term":[{"taxonomy":"category","embeddable":true,"href":"https:\/\/www.europesays.com\/fr\/wp-json\/wp\/v2\/categories?post=370064"},{"taxonomy":"post_tag","embeddable":true,"href":"https:\/\/www.europesays.com\/fr\/wp-json\/wp\/v2\/tags?post=370064"}],"curies":[{"name":"wp","href":"https:\/\/api.w.org\/{rel}","templated":true}]}}