{"id":370068,"date":"2025-09-06T07:13:11","date_gmt":"2025-09-06T07:13:11","guid":{"rendered":"https:\/\/www.europesays.com\/fr\/370068\/"},"modified":"2025-09-06T07:13:11","modified_gmt":"2025-09-06T07:13:11","slug":"lassociation-nice-plogging-en-quete-de-benevoles-pour-le-world-clean-up-day","status":"publish","type":"post","link":"https:\/\/www.europesays.com\/fr\/370068\/","title":{"rendered":"L\u2019association Nice Plogging en qu\u00eate de b\u00e9n\u00e9voles pour le \u00ab\u00a0World clean up day\u00a0\u00bb"},"content":{"rendered":"<p><strong>\u00c0 Nice et dans les Alpes-Maritimes, de multiples op\u00e9rations de nettoyage vont \u00eatre organis\u00e9es durant ce mois de septembre. Gr\u00e2ce aux associations nationales et surtout locales telles que Nice Plogging, la ville azur\u00e9enne tente de retrouver un nouveau souffle.\u00a0<\/strong><\/p>\n<p>Le <a href=\"https:\/\/www.nicepremium.fr\/actualite\/world-clean-up-day-a-nice28585\/\" data-type=\"link\" data-id=\"https:\/\/www.nicepremium.fr\/actualite\/world-clean-up-day-a-nice28585\/\" rel=\"nofollow noopener\" target=\"_blank\">World Cleanup Day<\/a>, lanc\u00e9 en 2008 en Estonie s\u2019est rapidement fait une place en France. Depuis, chaque troisi\u00e8me samedi du mois de septembre de <strong>vastes op\u00e9rations de nettoyage <\/strong>prennent place aux quatre coins de la France. Les associations ne sont pas les seules \u00e0 prendre part \u00e0 ce mouvement. En 2022, l\u2019OGC Nice avait r\u00e9colt\u00e9 pr\u00e8s de <strong><a href=\"https:\/\/www.ogcnice.com\/fr\/article\/122520\/65-kg-de-dechets-ramasses-dans-le-cadre-du-world-cleanup-day.html\" data-type=\"link\" data-id=\"https:\/\/www.ogcnice.com\/fr\/article\/122520\/65-kg-de-dechets-ramasses-dans-le-cadre-du-world-cleanup-day.html\" target=\"_blank\" rel=\"noopener nofollow\">65kg de d\u00e9chets<\/a><\/strong> avec l\u2019aide de quatre classes de 6e de la ville pour montrer \u00ab l\u2019importance d\u2019une sensibilisation d\u00e8s le plus jeune \u00e2ge. \u00bb\u00a0<\/p>\n<p>Pour autant, l\u2019association n\u2019attend pas apr\u00e8s ces journ\u00e9es mondiales du nettoyage de la plan\u00e8te pour mener ces op\u00e9rations. <strong>\u00ab Tout au long de l\u2019ann\u00e9e et au moins cinq fois par semaines \u00bb<\/strong>, Rapha\u00ebl Georges de<a href=\"https:\/\/www.nicepremium.fr\/actualite\/1-800-kg-de-dechets-recoltes-pour-le-world-cleanup-day-2023-a-nice\/\" target=\"_blank\" data-type=\"link\" data-id=\"https:\/\/www.nicepremium.fr\/actualite\/1-800-kg-de-dechets-recoltes-pour-le-world-cleanup-day-2023-a-nice\/\" rel=\"noreferrer noopener nofollow\"> l\u2019association Nice Plogging<\/a> et ses b\u00e9n\u00e9voles nettoient les ruelles et sentiers de la C\u00f4te d\u2019Azur. Arm\u00e9s de gants, bouteilles en plastique (pour les m\u00e9gots) et de sac poubelle le groupe arpente les chemins emprunt\u00e9s par les touristes et locaux. L\u2019objectif, nettoyer la nature des d\u00e9chets polluant les paysages de la C\u00f4te d\u2019Azur mais surtout <strong>sensibiliser les petits et les grands \u00e0 l\u2019importance de l\u2019\u00e9cologie<\/strong>.\u00a0<\/p>\n<p><strong>Un int\u00e9r\u00eat r\u00e9gressif pour l\u2019\u00e9cologie ?<\/strong><\/p>\n<p><a href=\"https:\/\/www.nicepremium.fr\/associations\/niceplogging-une-initiative-citoyenne-pour-le-bien-de-la-planete\/\" target=\"_blank\" data-type=\"link\" data-id=\"https:\/\/www.nicepremium.fr\/associations\/niceplogging-une-initiative-citoyenne-pour-le-bien-de-la-planete\/\" rel=\"noreferrer noopener nofollow\">L\u2019association Nice Plogging <\/a>sera pr\u00e9sente ce <strong>samedi 20 septembre<\/strong> sur deux sites. Les b\u00e9n\u00e9voles ainsi que les participants collecteront les d\u00e9chets sur le <strong>sentier du littoral<\/strong>. Un premier point de rendez-vous s\u2019effectuera au d\u00e9but du sentier et le second apr\u00e8s coco beach.<\/p>\n<p>Pourtant, malgr\u00e9 le sommet des oc\u00e9ans intervenu il y a peu, l\u2019int\u00e9r\u00eat pour la cause \u00e9cologique ne semble pas avoir touch\u00e9 le c\u0153ur des azur\u00e9ens. \u00c0 ce jour, seulement une <strong>dizaine de participants<\/strong> seront de la partie\u00a0ce <strong>samedi 20 septembre \u00e0 dix heures<\/strong>.\u00a0Un d\u00e9sint\u00e9r\u00eat pour l\u2019\u00e9cologie regrettable face \u00e0 l\u2019urgence de la situation. Pour rejoindre le mouvement, rendez-vous sur le site du World Cleanup Day :\u00a0app.<a href=\"https:\/\/app.worldcleanupday.fr\/trash-event\/3893\" data-type=\"link\" data-id=\"https:\/\/app.worldcleanupday.fr\/trash-event\/3893\" target=\"_blank\" rel=\"noopener nofollow\">worldcleanupday.fr<\/a>\u00a0ou bien sur le site de Nice Plogging :\u00a0<a href=\"https:\/\/niceplogging.com\/\" data-type=\"link\" data-id=\"https:\/\/niceplogging.com\/\" target=\"_blank\" rel=\"noopener nofollow\">niceplogging.com\u00a0<\/a><\/p>\n","protected":false},"excerpt":{"rendered":"\u00c0 Nice et dans les Alpes-Maritimes, de multiples op\u00e9rations de nettoyage vont \u00eatre organis\u00e9es durant ce mois de&hellip;\n","protected":false},"author":2,"featured_media":370069,"comment_status":"","ping_status":"","sticky":false,"template":"","format":"standard","meta":{"footnotes":""},"categories":[2819],"tags":[1111,11,1777,674,1011,27,12,2401,882,25],"class_list":{"0":"post-370068","1":"post","2":"type-post","3":"status-publish","4":"format-standard","5":"has-post-thumbnail","7":"category-nice","8":"tag-actu","9":"tag-actualites","10":"tag-eu","11":"tag-europe","12":"tag-fr","13":"tag-france","14":"tag-news","15":"tag-nice","16":"tag-provence-alpes-cote-dazur","17":"tag-republique-francaise"},"share_on_mastodon":{"url":"https:\/\/pubeurope.com\/@fr\/115156117403586315","error":""},"_links":{"self":[{"href":"https:\/\/www.europesays.com\/fr\/wp-json\/wp\/v2\/posts\/370068","targetHints":{"allow":["GET"]}}],"collection":[{"href":"https:\/\/www.europesays.com\/fr\/wp-json\/wp\/v2\/posts"}],"about":[{"href":"https:\/\/www.europesays.com\/fr\/wp-json\/wp\/v2\/types\/post"}],"author":[{"embeddable":true,"href":"https:\/\/www.europesays.com\/fr\/wp-json\/wp\/v2\/users\/2"}],"replies":[{"embeddable":true,"href":"https:\/\/www.europesays.com\/fr\/wp-json\/wp\/v2\/comments?post=370068"}],"version-history":[{"count":0,"href":"https:\/\/www.europesays.com\/fr\/wp-json\/wp\/v2\/posts\/370068\/revisions"}],"wp:featuredmedia":[{"embeddable":true,"href":"https:\/\/www.europesays.com\/fr\/wp-json\/wp\/v2\/media\/370069"}],"wp:attachment":[{"href":"https:\/\/www.europesays.com\/fr\/wp-json\/wp\/v2\/media?parent=370068"}],"wp:term":[{"taxonomy":"category","embeddable":true,"href":"https:\/\/www.europesays.com\/fr\/wp-json\/wp\/v2\/categories?post=370068"},{"taxonomy":"post_tag","embeddable":true,"href":"https:\/\/www.europesays.com\/fr\/wp-json\/wp\/v2\/tags?post=370068"}],"curies":[{"name":"wp","href":"https:\/\/api.w.org\/{rel}","templated":true}]}}