{"id":370070,"date":"2025-09-06T07:14:55","date_gmt":"2025-09-06T07:14:55","guid":{"rendered":"https:\/\/www.europesays.com\/fr\/370070\/"},"modified":"2025-09-06T07:14:55","modified_gmt":"2025-09-06T07:14:55","slug":"handicap-deux-restaurants-accessibles-salues-par-les-tables-de-nantes","status":"publish","type":"post","link":"https:\/\/www.europesays.com\/fr\/370070\/","title":{"rendered":"Handicap\u00a0: deux restaurants accessibles salu\u00e9s par Les Tables de Nantes"},"content":{"rendered":"<p>Pour les personnes en situation de handicap, aller au resto rel\u00e8ve souvent du parcours du combattant. En mati\u00e8re d\u2019accessibilit\u00e9, deux restaurants de l\u2019agglom\u00e9ration nantaise sortent du lot. Les \u00e9tablissements\u00a0Ferveur, \u00e0 Saint-S\u00e9bastien-sur-Loire, et L\u2019Esplanade, au Pellerin, viennent d\u2019\u00eatre salu\u00e9s haut et fort par <a href=\"https:\/\/www.lestablesdenantes.fr\/\" target=\"_self\" rel=\"nofollow noopener\">Les Tables de Nantes<\/a> pour <strong>\u00ab\u00a0leur engagement et leurs initiatives en faveur du confort des personnes en situation de handicap moteur\u00a0\u00bb<\/strong>. Mais \u00e9galement pour <strong>\u00ab\u00a0la qualit\u00e9\u00a0\u00bb<\/strong> des abords de leur estaminet.<\/p>\n<p>Le guide culinaire du <a href=\"https:\/\/www.levoyageanantes.fr\/?utm_source=google&amp;utm_medium=cpc&amp;utm_campaign&amp;gad_source=1&amp;gad_campaignid=21611813703&amp;gbraid=0AAAAADn_bo_eIRb4XIyNBlCurm5P0S6ZW&amp;gclid=CjwKCAjwlOrFBhBaEiwAw4bYDUpkAFbWkOamB-JoioF3fQXW_nEQEUvHPwvEf_0_gGY-OtQ3ikHa5hoC4KYQAvD_BwE\" target=\"_self\" rel=\"nofollow noopener\">Voyage \u00e0 Nantes<\/a>, qui vient de sortir sa 14e \u00e9dition, a s\u00e9lectionn\u00e9 186\u00a0bonnes adresses, dont trente nouveaut\u00e9s, dressant un panorama gourmand de Nantes et ses environs. Ferveur et L\u2019Esplanade ne sont pas seulement engag\u00e9s. Ils proposent aussi une cuisine fran\u00e7aise fine et savoureuse r\u00e9f\u00e9renc\u00e9e par le guide.<\/p>\n<p>L\u2019an dernier, Les Tables de Nantes avaient mis en valeur trois restaurants particuli\u00e8rement accessibles. Le Reflet et Le Caf\u00e9 du mus\u00e9e, install\u00e9s \u00e0 Nantes, et Du Cop \u00e0 l\u2019\u00e2ne, bas\u00e9 \u00e0 Bouguenais.<\/p>\n<p>Isabelle MOREAU.<\/p>\n<p>\u00a0<\/p>\n","protected":false},"excerpt":{"rendered":"Pour les personnes en situation de handicap, aller au resto rel\u00e8ve souvent du parcours du combattant. En mati\u00e8re&hellip;\n","protected":false},"author":2,"featured_media":370071,"comment_status":"","ping_status":"","sticky":false,"template":"","format":"standard","meta":{"footnotes":""},"categories":[2818],"tags":[50431,1111,11,1777,674,1011,27,1943,766,12,2636,25,2923,50432,32160],"class_list":{"0":"post-370070","1":"post","2":"type-post","3":"status-publish","4":"format-standard","5":"has-post-thumbnail","7":"category-nantes","8":"tag-accessibles","9":"tag-actu","10":"tag-actualites","11":"tag-eu","12":"tag-europe","13":"tag-fr","14":"tag-france","15":"tag-handicap","16":"tag-nantes","17":"tag-news","18":"tag-pays-de-la-loire","19":"tag-republique-francaise","20":"tag-restaurants","21":"tag-salues","22":"tag-tables"},"share_on_mastodon":{"url":"https:\/\/pubeurope.com\/@fr\/115156125121230014","error":""},"_links":{"self":[{"href":"https:\/\/www.europesays.com\/fr\/wp-json\/wp\/v2\/posts\/370070","targetHints":{"allow":["GET"]}}],"collection":[{"href":"https:\/\/www.europesays.com\/fr\/wp-json\/wp\/v2\/posts"}],"about":[{"href":"https:\/\/www.europesays.com\/fr\/wp-json\/wp\/v2\/types\/post"}],"author":[{"embeddable":true,"href":"https:\/\/www.europesays.com\/fr\/wp-json\/wp\/v2\/users\/2"}],"replies":[{"embeddable":true,"href":"https:\/\/www.europesays.com\/fr\/wp-json\/wp\/v2\/comments?post=370070"}],"version-history":[{"count":0,"href":"https:\/\/www.europesays.com\/fr\/wp-json\/wp\/v2\/posts\/370070\/revisions"}],"wp:featuredmedia":[{"embeddable":true,"href":"https:\/\/www.europesays.com\/fr\/wp-json\/wp\/v2\/media\/370071"}],"wp:attachment":[{"href":"https:\/\/www.europesays.com\/fr\/wp-json\/wp\/v2\/media?parent=370070"}],"wp:term":[{"taxonomy":"category","embeddable":true,"href":"https:\/\/www.europesays.com\/fr\/wp-json\/wp\/v2\/categories?post=370070"},{"taxonomy":"post_tag","embeddable":true,"href":"https:\/\/www.europesays.com\/fr\/wp-json\/wp\/v2\/tags?post=370070"}],"curies":[{"name":"wp","href":"https:\/\/api.w.org\/{rel}","templated":true}]}}