{"id":370072,"date":"2025-09-06T07:16:28","date_gmt":"2025-09-06T07:16:28","guid":{"rendered":"https:\/\/www.europesays.com\/fr\/370072\/"},"modified":"2025-09-06T07:16:28","modified_gmt":"2025-09-06T07:16:28","slug":"50-createurs-et-producteurs-locaux-a-montaigu-big-city-nantes","status":"publish","type":"post","link":"https:\/\/www.europesays.com\/fr\/370072\/","title":{"rendered":"50 cr\u00e9ateurs et producteurs locaux \u00e0 Montaigu \u2013 Big City Nantes"},"content":{"rendered":"<p><img loading=\"lazy\" width=\"527\" height=\"201\" src=\"https:\/\/www.europesays.com\/fr\/wp-content\/uploads\/2025\/09\/Joli-Marche-a-montaigu-527x201.jpg\" class=\"attachment-csco-thumbnail-uncropped size-csco-thumbnail-uncropped wp-post-image\" alt=\"Joli Marche\u0301 a\u0300 montaigu\" decoding=\"async\"   data-pagespeed-url-hash=\"744041819\" onload=\"pagespeed.CriticalImages.checkImageForCriticality(this);\"\/>\t<img loading=\"lazy\" width=\"1044\" height=\"397\" src=\"https:\/\/www.europesays.com\/fr\/wp-content\/uploads\/2025\/09\/Joli-Marche-a-montaigu-1044x397.jpg\" class=\"attachment-csco-large-uncropped size-csco-large-uncropped wp-post-image\" alt=\"Joli Marche\u0301 a\u0300 montaigu\" decoding=\"async\"   data-pagespeed-url-hash=\"2058923740\" onload=\"pagespeed.CriticalImages.checkImageForCriticality(this);\"\/>\t<\/p>\n<p>\nJoli Marche\u0301 a\u0300 montaigu\t<\/p>\n<p>Le <strong>Joli March\u00e9<\/strong> revient \u00e0 Montaigu pour sa 3\u1d49 \u00e9dition<strong> les 27 et 28 septembre 2025 !<\/strong> Pendant deux jours, <strong>une cinquantaine de cr\u00e9ateurs et producteurs locaux<\/strong> t\u2019invitent \u00e0 fl\u00e2ner entre artisanat, gourmandises, id\u00e9es cadeaux et belles trouvailles 100 % locales. Plus qu\u2019un simple march\u00e9, tu viens trinquer, savourer, \u00e9changer et repartir plein d\u2019inspirations. Au programme : bar local, restauration sucr\u00e9e et sal\u00e9e, coin kids et une ambiance festive port\u00e9e par une programmation musicale originale. Entr\u00e9e libre de 10h \u00e0 19h, place du Champ de Foire.<\/p>\n","protected":false},"excerpt":{"rendered":"Joli Marche\u0301 a\u0300 montaigu Le Joli March\u00e9 revient \u00e0 Montaigu pour sa 3\u1d49 \u00e9dition les 27 et 28&hellip;\n","protected":false},"author":2,"featured_media":370073,"comment_status":"","ping_status":"","sticky":false,"template":"","format":"standard","meta":{"footnotes":""},"categories":[2818],"tags":[1111,11,1777,674,1011,27,766,12,2636,25],"class_list":{"0":"post-370072","1":"post","2":"type-post","3":"status-publish","4":"format-standard","5":"has-post-thumbnail","7":"category-nantes","8":"tag-actu","9":"tag-actualites","10":"tag-eu","11":"tag-europe","12":"tag-fr","13":"tag-france","14":"tag-nantes","15":"tag-news","16":"tag-pays-de-la-loire","17":"tag-republique-francaise"},"share_on_mastodon":{"url":"https:\/\/pubeurope.com\/@fr\/115156129500289054","error":""},"_links":{"self":[{"href":"https:\/\/www.europesays.com\/fr\/wp-json\/wp\/v2\/posts\/370072","targetHints":{"allow":["GET"]}}],"collection":[{"href":"https:\/\/www.europesays.com\/fr\/wp-json\/wp\/v2\/posts"}],"about":[{"href":"https:\/\/www.europesays.com\/fr\/wp-json\/wp\/v2\/types\/post"}],"author":[{"embeddable":true,"href":"https:\/\/www.europesays.com\/fr\/wp-json\/wp\/v2\/users\/2"}],"replies":[{"embeddable":true,"href":"https:\/\/www.europesays.com\/fr\/wp-json\/wp\/v2\/comments?post=370072"}],"version-history":[{"count":0,"href":"https:\/\/www.europesays.com\/fr\/wp-json\/wp\/v2\/posts\/370072\/revisions"}],"wp:featuredmedia":[{"embeddable":true,"href":"https:\/\/www.europesays.com\/fr\/wp-json\/wp\/v2\/media\/370073"}],"wp:attachment":[{"href":"https:\/\/www.europesays.com\/fr\/wp-json\/wp\/v2\/media?parent=370072"}],"wp:term":[{"taxonomy":"category","embeddable":true,"href":"https:\/\/www.europesays.com\/fr\/wp-json\/wp\/v2\/categories?post=370072"},{"taxonomy":"post_tag","embeddable":true,"href":"https:\/\/www.europesays.com\/fr\/wp-json\/wp\/v2\/tags?post=370072"}],"curies":[{"name":"wp","href":"https:\/\/api.w.org\/{rel}","templated":true}]}}