{"id":370079,"date":"2025-09-06T07:20:11","date_gmt":"2025-09-06T07:20:11","guid":{"rendered":"https:\/\/www.europesays.com\/fr\/370079\/"},"modified":"2025-09-06T07:20:11","modified_gmt":"2025-09-06T07:20:11","slug":"le-toulousain-foe-nostalgia-forever","status":"publish","type":"post","link":"https:\/\/www.europesays.com\/fr\/370079\/","title":{"rendered":"Le toulousain Fo\u00e9 &#8211; Nostalgia Forever"},"content":{"rendered":"<p>C&rsquo;est un vrai surdou\u00e9\u00a0: le toulousain Nicolas, alias Fo\u00e9, revient avec un nouvel EP, et c&rsquo;est un pur \u00e9v\u00e8nement\u00a0! Men\u00e9 par le single \u00ab\u00a0Sauvage\u00a0\u00bb, cet EP est bien parti pour \u00eatre le disque de votre automne&#8230;<\/p>\n<p><a target=\"_blank\" rel=\"nofollow noopener noreferrer\" class=\"IciLink ici-link IciArticleLink g-ici-body-regular-1 underline brand svelte-lu7k6w\" href=\"https:\/\/www.facebook.com\/FoeMusique\/?locale=fr_FR\">Fo\u00e9<\/a>\u2014de son vrai nom <strong>Nicolas Poyet<\/strong>, n\u00e9 \u00e0 Toulouse en 1997\u2014est un auteur-compositeur-interpr\u00e8te et musicien, qui joue aussi bien du piano que de la guitare . Il a \u00e9tudi\u00e9 le piano au\u00a0<a target=\"_blank\" rel=\"nofollow noopener noreferrer\" class=\"IciLink ici-link IciArticleLink g-ici-body-regular-1 underline brand svelte-lu7k6w\" href=\"https:\/\/conservatoire.toulouse.fr\/\">Conservatoire de Toulouse<\/a>\u00a0d\u00e8s l\u2019enfance, puis appris la guitare \u00e0 la MJC d\u2019Empalot avant d\u2019obtenir un DUT en g\u00e9nie m\u00e9canique et productique \u00e0 l\u2019universit\u00e9 Paul-Sabatier . En 2016, il participe aux auditions de Nouvelle Star sous son pr\u00e9nom, et adopte ensuite le pseudonyme <strong>Fo\u00e9<\/strong> en hommage \u00e0 l\u2019\u00e9crivain Daniel Defoe .<\/p>\n<p><a href=\"https:\/\/www.youtube.com\/watch?v=IviEWVOTWEc\" target=\"_blank\" rel=\"noopener noreferrer nofollow\" class=\"Youtube svelte-15adm43\" style=\"background-image: url(https:\/\/i.ytimg.com\/vi\/IviEWVOTWEc\/sddefault.jpg);\"><\/p>\n<p>Fo\u00e9 &#8211; Bouquet de pleurs<\/p>\n<p> <\/a> <\/p>\n<p>Apr\u00e8s avoir \u00e9t\u00e9 rep\u00e9r\u00e9 en ligne par le producteur <strong>Chad Boccara<\/strong>, il signe chez le label\u00a0<a target=\"_blank\" rel=\"nofollow noopener noreferrer\" class=\"IciLink ici-link IciArticleLink g-ici-body-regular-1 underline brand svelte-lu7k6w\" href=\"https:\/\/www.totoutard.com\/artistes\/foe\/\">T\u00f4t ou Tard<\/a>\u00a0. En 2017, il publie un premier EP \u00e9ponyme, suivi en avril 2018 de son premier album, \u00ab\u00a0\u00cel\u00a0\u00bb, salu\u00e9 pour sa musique hybride entre chanson, \u00e9lectro, rap et chant lyrique . Cet album le propulse comme r\u00e9v\u00e9lation, avec une nomination aux <strong>Victoires de la Musique<\/strong> dans la cat\u00e9gorie \u00ab\u00a0Album r\u00e9v\u00e9lation\u00a0\u00bb .<\/p>\n<p>En 2022, il revient avec un nouvel album, \u00ab\u00a0Paradis D\u2019or\u00a0\u00bb, qualifi\u00e9 de \u00ab\u00a0prodigieux\u00a0\u00bb et marqu\u00e9 par un romantisme po\u00e9tique et des arrangements \u00e9l\u00e9gants, illustr\u00e9 notamment par le titre \u201cCommun\u201d . Plus r\u00e9cemment, en juin 2025, Fo\u00e9 propose un EP d\u2019\u00e9t\u00e9 lumineux, \u00ab\u00a0Nostalgia Forever\u00a0\u00bb, m\u00ealant synth\u00e9s r\u00e9tro et italo-disco \u2014 une bande-son estivale pens\u00e9e pour les longues routes \u00e0 la plage .<\/p>\n<p><a href=\"https:\/\/www.youtube.com\/watch?v=ke7gJhDAhHs\" target=\"_blank\" rel=\"noopener noreferrer nofollow\" class=\"Youtube svelte-15adm43\" style=\"background-image: url(https:\/\/i.ytimg.com\/vi\/ke7gJhDAhHs\/sddefault.jpg);\"><\/p>\n<p>Fo\u00e9 &#8211; Sauvage<\/p>\n<p> <\/a> <\/p>\n","protected":false},"excerpt":{"rendered":"C&rsquo;est un vrai surdou\u00e9\u00a0: le toulousain Nicolas, alias Fo\u00e9, revient avec un nouvel EP, et c&rsquo;est un pur&hellip;\n","protected":false},"author":2,"featured_media":370080,"comment_status":"","ping_status":"","sticky":false,"template":"","format":"standard","meta":{"footnotes":""},"categories":[2816],"tags":[1111,11,1777,674,1011,27,12,2680,25,2312],"class_list":{"0":"post-370079","1":"post","2":"type-post","3":"status-publish","4":"format-standard","5":"has-post-thumbnail","7":"category-toulouse","8":"tag-actu","9":"tag-actualites","10":"tag-eu","11":"tag-europe","12":"tag-fr","13":"tag-france","14":"tag-news","15":"tag-occitanie","16":"tag-republique-francaise","17":"tag-toulouse"},"share_on_mastodon":{"url":"https:\/\/pubeurope.com\/@fr\/115156144778626519","error":""},"_links":{"self":[{"href":"https:\/\/www.europesays.com\/fr\/wp-json\/wp\/v2\/posts\/370079","targetHints":{"allow":["GET"]}}],"collection":[{"href":"https:\/\/www.europesays.com\/fr\/wp-json\/wp\/v2\/posts"}],"about":[{"href":"https:\/\/www.europesays.com\/fr\/wp-json\/wp\/v2\/types\/post"}],"author":[{"embeddable":true,"href":"https:\/\/www.europesays.com\/fr\/wp-json\/wp\/v2\/users\/2"}],"replies":[{"embeddable":true,"href":"https:\/\/www.europesays.com\/fr\/wp-json\/wp\/v2\/comments?post=370079"}],"version-history":[{"count":0,"href":"https:\/\/www.europesays.com\/fr\/wp-json\/wp\/v2\/posts\/370079\/revisions"}],"wp:featuredmedia":[{"embeddable":true,"href":"https:\/\/www.europesays.com\/fr\/wp-json\/wp\/v2\/media\/370080"}],"wp:attachment":[{"href":"https:\/\/www.europesays.com\/fr\/wp-json\/wp\/v2\/media?parent=370079"}],"wp:term":[{"taxonomy":"category","embeddable":true,"href":"https:\/\/www.europesays.com\/fr\/wp-json\/wp\/v2\/categories?post=370079"},{"taxonomy":"post_tag","embeddable":true,"href":"https:\/\/www.europesays.com\/fr\/wp-json\/wp\/v2\/tags?post=370079"}],"curies":[{"name":"wp","href":"https:\/\/api.w.org\/{rel}","templated":true}]}}