{"id":370081,"date":"2025-09-06T07:22:14","date_gmt":"2025-09-06T07:22:14","guid":{"rendered":"https:\/\/www.europesays.com\/fr\/370081\/"},"modified":"2025-09-06T07:22:14","modified_gmt":"2025-09-06T07:22:14","slug":"notre-selection-des-plus-beaux-concerts-de-la-semaine","status":"publish","type":"post","link":"https:\/\/www.europesays.com\/fr\/370081\/","title":{"rendered":"Notre s\u00e9lection des plus beaux concerts de la semaine"},"content":{"rendered":"<p><strong>L\u2019Orchestre National de Lille en itin\u00e9rance, la rentr\u00e9e de l\u2019Orchestre de Paris sous la direction de Klaus M\u00e4kel\u00e4, et Nemaja Radulovic invit\u00e9 de l\u2019ouverture de saison de l\u2019Orchestre National Montpellier Occitanie : d\u00e9couvrez la s\u00e9lection Radio Classique des rendez-vous \u00e0 ne pas manquer dans les prochains jours<\/strong><\/p>\n<p><strong>\u00a0<\/strong><\/p>\n<p><strong>10 au 13 septembre\u00a0: L\u2019Orchestre National de Lille en itin\u00e9rance<\/strong><\/p>\n<p>Fid\u00e8le \u00e0 sa tradition l\u2019Orchestre National de Lille part en itin\u00e9rance en ce d\u00e9but du mois de septembre avec quatre concerts donn\u00e9s dans de petits villages du Nord-Pas-de-Calais. Des concerts d\u2019une heure, avec deux \u0153uvres particuli\u00e8rement accessibles\u00a0: la Suite Holberg de Grieg et la S\u00e9r\u00e9nade pour cordes de <a href=\"https:\/\/www.radioclassique.fr\/compositeurs\/piotr-ilitch-tchaikovski\/biographie\/\" rel=\"nofollow noopener\" target=\"_blank\">Tcha\u00efkovski<\/a>, sous la direction de Julien Szulman.<\/p>\n<ul>\n<li>Eglise Saint-L\u00e9ger d\u2019Eperlecques le mercredi 10 septembre \u00e0 20 heures<\/li>\n<li>\u00c9glise Saint-Lambert de Felleries le jeudi 11 septembre \u00e0 20 heures<\/li>\n<li>Eglise Saint-Georges d\u2019Auchy-l\u00e8s-Hesdin le vendredi 12 septembre \u00e0 20 heures<\/li>\n<li>Eglise Saint-Martin de Steene le samedi 13 septembre \u00e0 20 heures<\/li>\n<li><a href=\"http:\/\/www.onlille.com\" rel=\"nofollow noopener\" target=\"_blank\">www.onlille.com<\/a><\/li>\n<\/ul>\n<p><strong>10 et 11 septembre\u00a0: Concerts de rentr\u00e9e de l\u2019Orchestre de Paris<\/strong><\/p>\n<p>Pour l\u2019avant-derni\u00e8re fois, l\u2019Orchestre de Paris fait sa rentr\u00e9e avec son directeur musical\u00a0Klaus M\u00e4kel\u00e4. Au programme de ces deux concerts d\u2019ouverture de saison un voyage franco-am\u00e9ricain, avec Fanfare for the Common Man de Copland, Danses concertantes de Guillaume Connesson en cr\u00e9ation fran\u00e7aise, Un Am\u00e9ricain \u00e0 Paris de <a href=\"https:\/\/www.radioclassique.fr\/compositeurs\/george-gershwin\/biographie\/\" rel=\"nofollow noopener\" target=\"_blank\">Gershwin<\/a>, Fanfare for the Uncommon Woman N\u00b01 de Johan Tower et Am\u00e9riques d\u2019Edgar Var\u00e8se.<\/p>\n<p><strong>12 et 13 septembre\u00a0: Rentr\u00e9e de l\u2019Orchestre National Montpellier Occitanie avec Nemanja Radulovic<\/strong><\/p>\n<p>L\u2019Orchestre National Montpellier Occitanie fait sa rentr\u00e9e avec Nemanja Radulovic qui interpr\u00e9tera le Concerto pour violon d\u2019Aram Khatchatourian sous la direction de la cheffe russe Anna Rakitina.<\/p>\n<p>Au programme \u00e9galement de ces deux concerts, les c\u00e9l\u00e8bres <a href=\"https:\/\/www.radioclassique.fr\/histoire\/musique-classique-les-variations-enigma-dedward-elgar-des-oeuvres-portraits-qui-cachent-un-mystere\/\" rel=\"nofollow noopener\" target=\"_blank\">Variations Enigma<\/a> d\u2019Elgar et Magic Simon de la compositrice finlandaise Johanna Ruotsalainen, une \u0153uvre \u00e9crite en 2023.<\/p>\n<p>\u00a0<\/p>\n<p><strong>Jean-Michel Dhuez<\/strong><\/p>\n<p>\u00a0<\/p>\n<p style=\"color: white; text-align: left;\"><strong>Retrouvez l\u2019actualit\u00e9 du Classique<\/strong><\/p>\n","protected":false},"excerpt":{"rendered":"L\u2019Orchestre National de Lille en itin\u00e9rance, la rentr\u00e9e de l\u2019Orchestre de Paris sous la direction de Klaus M\u00e4kel\u00e4,&hellip;\n","protected":false},"author":2,"featured_media":370082,"comment_status":"","ping_status":"","sticky":false,"template":"","format":"standard","meta":{"footnotes":""},"categories":[2815],"tags":[1111,11,1777,674,1011,27,811,1307,12,25],"class_list":{"0":"post-370081","1":"post","2":"type-post","3":"status-publish","4":"format-standard","5":"has-post-thumbnail","7":"category-lille","8":"tag-actu","9":"tag-actualites","10":"tag-eu","11":"tag-europe","12":"tag-fr","13":"tag-france","14":"tag-hauts-de-france","15":"tag-lille","16":"tag-news","17":"tag-republique-francaise"},"share_on_mastodon":{"url":"https:\/\/pubeurope.com\/@fr\/115156152753878791","error":""},"_links":{"self":[{"href":"https:\/\/www.europesays.com\/fr\/wp-json\/wp\/v2\/posts\/370081","targetHints":{"allow":["GET"]}}],"collection":[{"href":"https:\/\/www.europesays.com\/fr\/wp-json\/wp\/v2\/posts"}],"about":[{"href":"https:\/\/www.europesays.com\/fr\/wp-json\/wp\/v2\/types\/post"}],"author":[{"embeddable":true,"href":"https:\/\/www.europesays.com\/fr\/wp-json\/wp\/v2\/users\/2"}],"replies":[{"embeddable":true,"href":"https:\/\/www.europesays.com\/fr\/wp-json\/wp\/v2\/comments?post=370081"}],"version-history":[{"count":0,"href":"https:\/\/www.europesays.com\/fr\/wp-json\/wp\/v2\/posts\/370081\/revisions"}],"wp:featuredmedia":[{"embeddable":true,"href":"https:\/\/www.europesays.com\/fr\/wp-json\/wp\/v2\/media\/370082"}],"wp:attachment":[{"href":"https:\/\/www.europesays.com\/fr\/wp-json\/wp\/v2\/media?parent=370081"}],"wp:term":[{"taxonomy":"category","embeddable":true,"href":"https:\/\/www.europesays.com\/fr\/wp-json\/wp\/v2\/categories?post=370081"},{"taxonomy":"post_tag","embeddable":true,"href":"https:\/\/www.europesays.com\/fr\/wp-json\/wp\/v2\/tags?post=370081"}],"curies":[{"name":"wp","href":"https:\/\/api.w.org\/{rel}","templated":true}]}}