{"id":370083,"date":"2025-09-06T07:23:11","date_gmt":"2025-09-06T07:23:11","guid":{"rendered":"https:\/\/www.europesays.com\/fr\/370083\/"},"modified":"2025-09-06T07:23:11","modified_gmt":"2025-09-06T07:23:11","slug":"allauch-plan-de-cuques-le-rassemblement-national-en-ordre-de-marche","status":"publish","type":"post","link":"https:\/\/www.europesays.com\/fr\/370083\/","title":{"rendered":"Allauch\/Plan-de-Cuques, le Rassemblement national en ordre de marche"},"content":{"rendered":"<p>Le d\u00e9put\u00e9 du Rassemblement national, Franck Allisio candidat \u00e0 la mairie de Marseille en\u00a02026, poursuit son tour du d\u00e9partement avec un objectif\u00a0: annoncer les t\u00eates de liste qui m\u00e8neront la campagne. Apr\u00e8s Aix-en-Provence ou encore Gardanne, c\u2019est \u00e0 <a href=\"https:\/\/www.laprovence.com\/article\/region\/1137475596332514\/lionel-de-cala-maire-dallauch-ma-priorite-est-de-preserver-le-cadre-et-la-qualite-de-vie-des-allaudiens\" target=\"_blank\" rel=\"nofollow noopener\">Allauch<\/a> que le patron du parti \u00e0 l\u2019\u00e9chelle des Bouches-du-Rh\u00f4ne, pose ce vendredi 5\u00a0septembre entre St\u00e9phane Simond, conseiller municipal \u00e0 <a href=\"https:\/\/www.laprovence.com\/article\/region\/1388709537404314\/tout-ca-c-est-pour-moi-158-eleves-de-plan-de-cuques-decouvrent-leur-kit-de-fournitures-scolaires\" target=\"_blank\" rel=\"nofollow noopener\">Plan-de-Cuques<\/a> et Christelle Varnier, jeune entrepreneuse allaudienne.<\/p>\n<p>\u00c0 deux pas du village, sur le belv\u00e9d\u00e8re qui s\u2019ouvre sur l\u2019horizon, <a href=\"https:\/\/www.laprovence.com\/article\/region\/89403651621493\/municipales-2026-a-marseille-franck-allisio-veut-donner-le-la-a-lextreme-droite\" target=\"_blank\" rel=\"nofollow noopener\">Franck Allisio voit loin<\/a>. \u00ab\u00a0Une quinzaine de candidats ont d\u00e9j\u00e0 \u00e9t\u00e9 pr\u00e9sent\u00e9s et quinze autres seront annonc\u00e9s apr\u00e8s la validation de la commission nationale d\u2019investiture (CNI) d\u2019ici la fin du mois d\u2019octobre\u00a0\u00bb, insiste l\u2019\u00e9lu. En pr\u00e9sence de Jos\u00e9 Gonzalez, conseiller municipal d\u2019Allauch depuis plus de trente ans et d\u00e9put\u00e9 de la 10e circonscription depuis\u00a02022, Franck Allisio adapte son discours. Ici, au pied des collines de Pagnol, \u00ab\u00a0pas de d\u00e9tresse s\u00e9curitaire\u00a0\u00bb, comme \u00e0 Marseille, mais un \u00ab\u00a0risque bien r\u00e9el\u00a0\u00bb pour ces communes voisines. \u00ab\u00a0Quand on a une ville centre qui bascule dans la violence, elle risque d\u2019entra\u00eener avec elle tout le territoire. Nous avons donc un d&#8230;<\/p>\n","protected":false},"excerpt":{"rendered":"Le d\u00e9put\u00e9 du Rassemblement national, Franck Allisio candidat \u00e0 la mairie de Marseille en\u00a02026, poursuit son tour du&hellip;\n","protected":false},"author":2,"featured_media":370084,"comment_status":"","ping_status":"","sticky":false,"template":"","format":"standard","meta":{"footnotes":""},"categories":[2814],"tags":[17,1111,11,20443,1777,674,1011,27,2089,884,3434,3238,12,18842,20444,316,882,3919,25],"class_list":{"0":"post-370083","1":"post","2":"type-post","3":"status-publish","4":"format-standard","5":"has-post-thumbnail","7":"category-marseille","8":"tag-17","9":"tag-actu","10":"tag-actualites","11":"tag-allauch","12":"tag-eu","13":"tag-europe","14":"tag-fr","15":"tag-france","16":"tag-marche","17":"tag-marseille","18":"tag-municipales-2026","19":"tag-national","20":"tag-news","21":"tag-ordre","22":"tag-plan-de-cuques","23":"tag-politique","24":"tag-provence-alpes-cote-dazur","25":"tag-rassemblement","26":"tag-republique-francaise"},"share_on_mastodon":{"url":"https:\/\/pubeurope.com\/@fr\/115156156625009854","error":""},"_links":{"self":[{"href":"https:\/\/www.europesays.com\/fr\/wp-json\/wp\/v2\/posts\/370083","targetHints":{"allow":["GET"]}}],"collection":[{"href":"https:\/\/www.europesays.com\/fr\/wp-json\/wp\/v2\/posts"}],"about":[{"href":"https:\/\/www.europesays.com\/fr\/wp-json\/wp\/v2\/types\/post"}],"author":[{"embeddable":true,"href":"https:\/\/www.europesays.com\/fr\/wp-json\/wp\/v2\/users\/2"}],"replies":[{"embeddable":true,"href":"https:\/\/www.europesays.com\/fr\/wp-json\/wp\/v2\/comments?post=370083"}],"version-history":[{"count":0,"href":"https:\/\/www.europesays.com\/fr\/wp-json\/wp\/v2\/posts\/370083\/revisions"}],"wp:featuredmedia":[{"embeddable":true,"href":"https:\/\/www.europesays.com\/fr\/wp-json\/wp\/v2\/media\/370084"}],"wp:attachment":[{"href":"https:\/\/www.europesays.com\/fr\/wp-json\/wp\/v2\/media?parent=370083"}],"wp:term":[{"taxonomy":"category","embeddable":true,"href":"https:\/\/www.europesays.com\/fr\/wp-json\/wp\/v2\/categories?post=370083"},{"taxonomy":"post_tag","embeddable":true,"href":"https:\/\/www.europesays.com\/fr\/wp-json\/wp\/v2\/tags?post=370083"}],"curies":[{"name":"wp","href":"https:\/\/api.w.org\/{rel}","templated":true}]}}