{"id":370087,"date":"2025-09-06T07:25:10","date_gmt":"2025-09-06T07:25:10","guid":{"rendered":"https:\/\/www.europesays.com\/fr\/370087\/"},"modified":"2025-09-06T07:25:10","modified_gmt":"2025-09-06T07:25:10","slug":"la-maison-leve-deja-le-voile-sur-son-calendrier-de-lavent","status":"publish","type":"post","link":"https:\/\/www.europesays.com\/fr\/370087\/","title":{"rendered":"la maison l\u00e8ve d\u00e9j\u00e0 le voile sur son calendrier de l\u2019Avent"},"content":{"rendered":"<p>Attention, il n\u2019y en aura pas pour tout le monde. La Maison S\u00e8ve d\u00e9voile son prochain calendrier de l\u2019Avent aussi raffin\u00e9 qu\u2019emprunt de m\u00e9moire.\u00a0\u00c9dition limit\u00e9e \u00e0 1\u00a0000 exemplaires. Pr\u00e9commandes ouvertes d\u00e8s le 1er\u00a0octobre.<\/p>\n<p>Install\u00e9e depuis plus de vingt ans aux Halles de Lyon, haut lieu de la gastronomie, la famille S\u00e8ve y a tiss\u00e9 une histoire indissociable de son identit\u00e9\u00a0: Richard, ma\u00eetre chocolatier, a transmis son exigence du go\u00fbt\u00a0; Ga\u00eblle, pr\u00e9sidente des commer\u00e7ants de 2005 \u00e0 2008, a contribu\u00e9 \u00e0 son rayonnement en sollicitant notamment Paul Bocuse pour en apposer le nom.<\/p>\n<p>  24 gourmandises<\/p>\n<p>Aujourd\u2019hui, leur fils Arthur, dipl\u00f4m\u00e9 de l\u2019Institut Fran\u00e7ais de la Mode et directeur artistique de la maison, signe un calendrier qui m\u00eale hommage et transmission dont il pr\u00e9sente aujourd\u2019hui le prototype.<\/p>\n<p>A LIRE AUSSI &gt;&gt; <a href=\"https:\/\/www.leprogres.fr\/culture-loisirs\/2023\/12\/09\/incursion-dans-le-laboratoire-de-fabrication-de-la-maison-seve\" target=\"_blank\" rel=\"noopener\">Incursion dans le laboratoire de fabrication de la Maison S\u00e8ve<\/a><\/p>\n<p>Inspir\u00e9 de l\u2019atmosph\u00e8re des Halles, le design imagin\u00e9 par Brigitte Bichard de l\u2019agence UP Design met en sc\u00e8ne l\u2019abondance des \u00e9tals, l\u2019effervescence des all\u00e9es et le lustre rouge iconique de la boutique, entour\u00e9 des monuments de Lyon et de d\u00e9cors de No\u00ebl familiers.<\/p>\n<p>A LIRE AUSSI &gt;&gt; <a href=\"https:\/\/www.leprogres.fr\/economie\/2025\/01\/14\/halles-paul-bocuse-voici-les-noms-des-54-commerces-choisis-pour-les-dix-prochaines-annees\" target=\"_blank\" rel=\"noopener\">Halles Paul-Bocuse\u00a0: voici les noms des 54 commerces choisis pour les dix prochaines ann\u00e9es<\/a><\/p>\n<p>Derri\u00e8re chaque fen\u00eatre se cache une cr\u00e9ation artisanale\u00a0: tarte \u00e0 la praline, chocolats d\u2019exception, confiseries lyonnaises et papillotes maison. Plus qu\u2019un \u00e9crin de 24 gourmandises, ce calendrier est une promenade au c\u0153ur du patrimoine lyonnais, et un clin d\u2019\u0153il tendre aux souvenirs d\u2019Arthur enfant, arpentant les Halles aux c\u00f4t\u00e9s de sa m\u00e8re.<\/p>\n<p class=\"note\">49,90\u00a0\u20ac TTC, 300\u00a0g.<\/p>\n","protected":false},"excerpt":{"rendered":"Attention, il n\u2019y en aura pas pour tout le monde. La Maison S\u00e8ve d\u00e9voile son prochain calendrier de&hellip;\n","protected":false},"author":2,"featured_media":370088,"comment_status":"","ping_status":"","sticky":false,"template":"","format":"standard","meta":{"footnotes":""},"categories":[1889],"tags":[1111,11,2430,4406,33,2757,1777,674,1011,27,2428,4751,4750,12,25],"class_list":{"0":"post-370087","1":"post","2":"type-post","3":"status-publish","4":"format-standard","5":"has-post-thumbnail","7":"category-lyon","8":"tag-actu","9":"tag-actualites","10":"tag-auvergne-rhone-alpes","11":"tag-commerce-et-services","12":"tag-economie","13":"tag-edition-lyon-villeurbanne","14":"tag-eu","15":"tag-europe","16":"tag-fr","17":"tag-france","18":"tag-lyon","19":"tag-lyon-3e","20":"tag-lyon-3e-arrondissement","21":"tag-news","22":"tag-republique-francaise"},"share_on_mastodon":{"url":"https:\/\/pubeurope.com\/@fr\/115156164642934972","error":""},"_links":{"self":[{"href":"https:\/\/www.europesays.com\/fr\/wp-json\/wp\/v2\/posts\/370087","targetHints":{"allow":["GET"]}}],"collection":[{"href":"https:\/\/www.europesays.com\/fr\/wp-json\/wp\/v2\/posts"}],"about":[{"href":"https:\/\/www.europesays.com\/fr\/wp-json\/wp\/v2\/types\/post"}],"author":[{"embeddable":true,"href":"https:\/\/www.europesays.com\/fr\/wp-json\/wp\/v2\/users\/2"}],"replies":[{"embeddable":true,"href":"https:\/\/www.europesays.com\/fr\/wp-json\/wp\/v2\/comments?post=370087"}],"version-history":[{"count":0,"href":"https:\/\/www.europesays.com\/fr\/wp-json\/wp\/v2\/posts\/370087\/revisions"}],"wp:featuredmedia":[{"embeddable":true,"href":"https:\/\/www.europesays.com\/fr\/wp-json\/wp\/v2\/media\/370088"}],"wp:attachment":[{"href":"https:\/\/www.europesays.com\/fr\/wp-json\/wp\/v2\/media?parent=370087"}],"wp:term":[{"taxonomy":"category","embeddable":true,"href":"https:\/\/www.europesays.com\/fr\/wp-json\/wp\/v2\/categories?post=370087"},{"taxonomy":"post_tag","embeddable":true,"href":"https:\/\/www.europesays.com\/fr\/wp-json\/wp\/v2\/tags?post=370087"}],"curies":[{"name":"wp","href":"https:\/\/api.w.org\/{rel}","templated":true}]}}