{"id":370089,"date":"2025-09-06T07:26:12","date_gmt":"2025-09-06T07:26:12","guid":{"rendered":"https:\/\/www.europesays.com\/fr\/370089\/"},"modified":"2025-09-06T07:26:12","modified_gmt":"2025-09-06T07:26:12","slug":"les-temps-forts-de-ledition-2025-vus-par-tiago-guedes","status":"publish","type":"post","link":"https:\/\/www.europesays.com\/fr\/370089\/","title":{"rendered":"les temps forts de l\u2019\u00e9dition 2025, vus par Tiago Guedes"},"content":{"rendered":"<p>      L\u2019\u00e9v\u00e9nement, qui s\u2019ouvre ce samedi avec des cr\u00e9ations attendues, met le Br\u00e9sil \u00e0 l\u2019honneur. Rencontre avec son directeur artistique, Tiago Guedes.              <a href=\"https:\/\/www.europesays.com\/fr\/wp-content\/uploads\/2025\/09\/ec86743_upload-1-zjugivxtsfse-tiagoguedes-hd-dou0042a-blandinesoulage.jpg\" data-pswp-width=\"\" data-pswp-height=\"\" class=\"media__hd\" target=\"_blank\">      <img decoding=\"async\" fetchpriority=\"high\" src=\"https:\/\/www.europesays.com\/fr\/wp-content\/uploads\/2025\/09\/ec86743_upload-1-zjugivxtsfse-tiagoguedes-hd-dou0042a-blandinesoulage.jpg\" class=\"media__picture js-media-zoom-main \" alt=\"L\u2019\u00e9dition 2025 de la Biennale de danse est la premi\u00e8re enti\u00e8rement sign\u00e9e par Tiago Guedes.\" title=\"Photo Blandine Soulage \/ Biennale de Lyon\"\/>      <\/p>\n<p class=\"media__legend\"> L\u2019\u00e9dition 2025 de la Biennale de danse est la premi\u00e8re enti\u00e8rement sign\u00e9e par Tiago Guedes.  Photo Blandine Soulage \/ Biennale de Lyon  <\/p>\n<p>     <\/a>                    <\/p>\n<p class=\"author author--simple\">Par  <a class=\"author author--link\" href=\"https:\/\/www.telerama.fr\/recherche\/articles?q=Emmanuelle+Bouchez\" rel=\"nofollow noopener\" target=\"_blank\"> Emmanuelle Bouchez <\/a>    <\/p>\n<p class=\"publication__date\">Publi\u00e9 le 06 septembre 2025 \u00e0 09h00<\/p>\n<p>   Partager   <\/p>\n<ul class=\"sharing-popin--results\">\n<li class=\"sharing-popin--item sharing-popin--item-container\"> Partage  <\/li>\n<li data-share=\"linkedin\" class=\"sharing-popin--item\">  LinkedIn <\/li>\n<li data-share=\"facebook\" class=\"sharing-popin--item\">  Facebook <\/li>\n<li data-share=\"mail\" data-social=\"mail\" class=\"sharing-popin--item\">  Envoyer par email <\/li>\n<li data-share=\"copy\" class=\"sharing-popin--item\">  Copier le lien <\/li>\n<\/ul>\n<p>        Favoris       <\/p>\n<p>                <a class=\"openapp__link\" data-event=\"click-open-app\" data-deep-link=\"tlrm:\/\/element?id=\/theatre-spectacles\/biennale-de-danse-de-lyon-les-temps-forts-de-l-edition-2025-vus-par-tiago-guedes-7027233.php&amp;source=deeplink_site\">  Lire dans l&rsquo;application<br \/>\n  <\/a>                               <\/p>\n<p class=\"paragraph\">Des cr\u00e9ations attendues, telles celles du jeune Portugais Marco da Silva Ferreira ou de l\u2019Am\u00e9ricain <a target=\"_blank\" href=\"https:\/\/www.telerama.fr\/scenes\/william-forsythe-je-dansais-deja-a-lage-de-5-ans,-devant-mes-parents,n6453301.php\" rel=\"nofollow noopener\">William Forsythe<\/a>. Des reprises, dix ans apr\u00e8s, des pi\u00e8ces embl\u00e9matiques de Jan Martens ou de Gis\u00e8le Vienne. Et l\u2019invitation faite aux amateurs \u00e0 entrer dans la ronde\u2026 La <a target=\"_blank\" href=\"https:\/\/www.telerama.fr\/theatre-spectacles\/biennale-de-la-danse-de-lyon-2025-cinq-spectacles-a-reserver-sans-hesiter-7025628.php\" rel=\"nofollow noopener\">Biennale de danse 2025<\/a>, qui commence samedi 6\u00a0septembre, p\u00e9tille de tout cela \u00e0 la fois. Cette 21e \u00e9dition est la premi\u00e8re enti\u00e8rement sign\u00e9e par le Portugais Tiago Guedes depuis son arriv\u00e9e, en\u00a02023, \u00e0 la direction artistique de la manifestation comme \u00e0 la t\u00eate de la Maison de la Danse. Cinq cents artistes invit\u00e9s s\u2019y adressent \u00e0 quelque deux cent mille festivaliers \u2014 billets payants et gratuits confondus \u2014, tout au long de l\u2019\u00e9v\u00e9nement \u00e9largi \u00e0 cinquante-sept lieux r\u00e9partis dans toute la m\u00e9tropole et la r\u00e9gion Auvergne-Rh\u00f4ne-Alpes. Mais c\u2019est bien \u00e0 Lyon que tout commence. Tiago Guedes nous explique comment, en septembre, la danse vibre dans toute la ville.<\/p>\n<p class=\"paragraph\"><strong>Dans une si vaste programmation, que repr\u00e9sente le d\u00e9fil\u00e9 avec les amateurs\u00a0?<br \/><\/strong>C\u2019est un \u00e9v\u00e9nement populaire, dans une Biennale d\u00e9di\u00e9e \u00e0 la cr\u00e9ation\u00a0: 24 nouveaux spectacles programm\u00e9s, sur une quarantaine au total. Et depuis\u00a02023, on d\u00e9file lors du week-end d\u2019ouverture. Quand Guy Darmet a invent\u00e9 le d\u00e9fil\u00e9 en\u00a01996, douze ans apr\u00e8s sa premi\u00e8re Biennale, celui-ci affichait les couleurs du Br\u00e9sil\u00a0: comme une heureuse co\u00efncidence, cette \u00e9dition 2025 est marqu\u00e9e par la saison Br\u00e9sil-France. Pour cette \u00e9dition, le D\u00e9fil\u00e9 r\u00e9unira 3\u00a0000 amatrices et amateurs, r\u00e9partis en huit groupes, auxquels s\u2019ajoutera un neuvi\u00e8me groupe accompagn\u00e9 par le chor\u00e9graphe br\u00e9silien Diego Dantas qui viendra cl\u00f4turer la parade. Inspir\u00e9e par le carnaval de Rio de Janeiro, leur performance m\u00ealera rythmes afro-br\u00e9siliens et pulsations technos, juste avant 360, le spectacle de <a target=\"_blank\" href=\"https:\/\/www.telerama.fr\/theatre-spectacles\/le-choregraphe-mehdi-kerkouche-de-retour-avec-360-le-public-sera-libre-de-se-deplacer-et-de-danser-7025625.php\" rel=\"nofollow noopener\">Mehdi Kerkouche <\/a>dont les huit interpr\u00e8tes seront eux aussi \u00e9paul\u00e9s par les amateurs. Une belle f\u00eate en pr\u00e9vision place Bellecour\u00a0!<\/p>\n<p class=\"paragraph\"><strong>Huit artistes sont invit\u00e9s dans ce focus sur le Br\u00e9sil\u2026<br \/><\/strong>On retrouve notamment <a target=\"_blank\" href=\"https:\/\/www.telerama.fr\/sortir\/la-choregraphe-lia-rodrigues-ambassadrice-d-une-danse-bresilienne-contemporaine-et-rebelle-7007513.php\" rel=\"nofollow noopener\">Lia Rodrigues<\/a> dont le magnifique spectacle Encantado avait referm\u00e9 l\u2019\u00e9dition 2023. Cette ann\u00e9e, elle l\u2019inaugure avec Borda, nouvelle cr\u00e9ation de sa compagnie install\u00e9e depuis vingt ans dans une favela de Rio. Comme elle, les nouvelles g\u00e9n\u00e9rations sont engag\u00e9es dans la soci\u00e9t\u00e9. Ainsi Davi Pontes et Wallace Ferreira d\u00e9fendent-ils l\u2019id\u00e9e d\u2019un corps r\u00e9sistant face aux violences sociales. Le collectif Original Bomber Crew fusionne capoeira et breakdance avec des vid\u00e9os inspir\u00e9es des paysages fluviaux et urbains du nord-est du pays, o\u00f9 il est install\u00e9. Au sein du Grupo Cena 11, Alejandro Ahmed s\u2019inspire des traditions comme des nouvelles technologies. Enfin, Clarice Lima envahit les trottoirs de ses grandes jupes de couleurs. Autant de langages originaux et puissants.<\/p>\n<p class=\"paragraph\"><strong>Quel est le principe du partenariat \u00ab\u00a0Constellation\u00a0\u00bb, nou\u00e9 avec le Centre Pompidou\u00a0?<br \/><\/strong>Le croisement des disciplines\u00a0! La chor\u00e9graphe d\u2019origine rwandaise Doroth\u00e9e Munyaneza s\u2019installe \u00e0 la Villa Gillet pour y faire rayonner la litt\u00e9rature gr\u00e2ce aux auteurs et autrices africains invit\u00e9s. Eszter Salamon, sp\u00e9cialiste de la danse expressionniste, s\u2019est lanc\u00e9e dans de grandes installations visuelles et paysag\u00e8res avec la compagnie norv\u00e9gienne Carte Blanche. Gis\u00e8le Vienne, elle, explore l\u2019histoire des musiques \u00e9lectros dans un club g\u00e9ant (aux Grandes Locos) pour y produire une version XXL de <a target=\"_blank\" href=\"https:\/\/www.telerama.fr\/sortir\/gisele-vienne-crowd-7007746.php\" rel=\"nofollow noopener\">Crowd<\/a>, dix ans apr\u00e8s sa cr\u00e9ation.<\/p>\n<p class=\"paragraph\"><strong>Pas de Biennale sans pr\u00e9sence du Ballet de l\u2019Op\u00e9ra de Lyon\u2026<br \/><\/strong>Sa nouvelle soir\u00e9e, intitul\u00e9e \u00ab\u00a0Nuits transfigur\u00e9es\u00a0\u00bb, est all\u00e9chante. Construite autour de Nuit transfigur\u00e9e \u2212 la pi\u00e8ce inspir\u00e9e \u00e0 Anne Teresa De Keersmaeker en\u00a02014 par la partition d\u2019Arnold Sch\u00f6nberg \u2212, celle-ci rassemble deux autres femmes chor\u00e9graphes\u00a0: la Belge Mercedes Dassy, 35\u00a0ans, avec son solo Deepstaria Bienvenue, o\u00f9 surgit une cr\u00e9ature post-apocalyptique. Et Katerina Andreou, Grecque install\u00e9e \u00e0 Lyon, qui vient d\u2019inventer We need silence, sur un rythme de house music.<\/p>\n<p class=\"paragraph\"><strong>Comment avez-vous choisi les chor\u00e9graphes fran\u00e7ais\u00a0?<br \/><\/strong>En invitant toutes les g\u00e9n\u00e9rations\u00a0! \u00c0 l\u2019image du bouillonnant Philippe D\u00e9coufl\u00e9, d\u00e9sormais plus apais\u00e9, qui s\u2019int\u00e9resse \u00e0 la tranquille beaut\u00e9 du geste. Christian Rizzo, va nous offrir sa premi\u00e8re pi\u00e8ce depuis la fin de son mandat \u00e0 la t\u00eate du Centre Chor\u00e9graphique National de Montpellier, fin\u00a02024. Fran\u00e7ois Chaignaud d\u00e9ploiera sa splendeur habituelle en conviant, dans Ultimo helecho le chant, la musique et la danse. Chez les plus jeunes, comme l\u2019ex-danseur de l\u2019Op\u00e9ra de Paris, Simon Le Borgne, ou Andr\u00e9a Givanovitch qui a dans\u00e9 chez Ohad Naharin, l\u2019intensit\u00e9 physique est explosive. C\u2019est aussi ce qui frappe dans la danse fran\u00e7aise\u00a0: la diversit\u00e9 de ses esth\u00e9tiques.<\/p>\n","protected":false},"excerpt":{"rendered":"L\u2019\u00e9v\u00e9nement, qui s\u2019ouvre ce samedi avec des cr\u00e9ations attendues, met le Br\u00e9sil \u00e0 l\u2019honneur. Rencontre avec son directeur&hellip;\n","protected":false},"author":2,"featured_media":370090,"comment_status":"","ping_status":"","sticky":false,"template":"","format":"standard","meta":{"footnotes":""},"categories":[1889],"tags":[1111,11,2430,1777,674,1011,27,2428,12,25],"class_list":{"0":"post-370089","1":"post","2":"type-post","3":"status-publish","4":"format-standard","5":"has-post-thumbnail","7":"category-lyon","8":"tag-actu","9":"tag-actualites","10":"tag-auvergne-rhone-alpes","11":"tag-eu","12":"tag-europe","13":"tag-fr","14":"tag-france","15":"tag-lyon","16":"tag-news","17":"tag-republique-francaise"},"share_on_mastodon":{"url":"https:\/\/pubeurope.com\/@fr\/115156168423165146","error":""},"_links":{"self":[{"href":"https:\/\/www.europesays.com\/fr\/wp-json\/wp\/v2\/posts\/370089","targetHints":{"allow":["GET"]}}],"collection":[{"href":"https:\/\/www.europesays.com\/fr\/wp-json\/wp\/v2\/posts"}],"about":[{"href":"https:\/\/www.europesays.com\/fr\/wp-json\/wp\/v2\/types\/post"}],"author":[{"embeddable":true,"href":"https:\/\/www.europesays.com\/fr\/wp-json\/wp\/v2\/users\/2"}],"replies":[{"embeddable":true,"href":"https:\/\/www.europesays.com\/fr\/wp-json\/wp\/v2\/comments?post=370089"}],"version-history":[{"count":0,"href":"https:\/\/www.europesays.com\/fr\/wp-json\/wp\/v2\/posts\/370089\/revisions"}],"wp:featuredmedia":[{"embeddable":true,"href":"https:\/\/www.europesays.com\/fr\/wp-json\/wp\/v2\/media\/370090"}],"wp:attachment":[{"href":"https:\/\/www.europesays.com\/fr\/wp-json\/wp\/v2\/media?parent=370089"}],"wp:term":[{"taxonomy":"category","embeddable":true,"href":"https:\/\/www.europesays.com\/fr\/wp-json\/wp\/v2\/categories?post=370089"},{"taxonomy":"post_tag","embeddable":true,"href":"https:\/\/www.europesays.com\/fr\/wp-json\/wp\/v2\/tags?post=370089"}],"curies":[{"name":"wp","href":"https:\/\/api.w.org\/{rel}","templated":true}]}}