{"id":370093,"date":"2025-09-06T07:29:10","date_gmt":"2025-09-06T07:29:10","guid":{"rendered":"https:\/\/www.europesays.com\/fr\/370093\/"},"modified":"2025-09-06T07:29:10","modified_gmt":"2025-09-06T07:29:10","slug":"a-paris-les-invalides-ont-trouve-la-recette-du-succes-pour-attirer-une-foule-jeune-et-feminisee","status":"publish","type":"post","link":"https:\/\/www.europesays.com\/fr\/370093\/","title":{"rendered":"\u00c0 Paris, les Invalides ont trouv\u00e9 la recette du succ\u00e8s pour attirer une foule \u00ab\u00a0jeune et f\u00e9minis\u00e9e\u00a0\u00bb"},"content":{"rendered":"<p>            Par<br \/>\n        <strong><br \/>\n            <a href=\"https:\/\/actu.fr\/auteur\/ines-cussac-actu-fr\" title=\"Consulter tous les articles de In\u00e8s Cussac\" target=\"_blank\" rel=\"noopener\">In\u00e8s Cussac<\/a><br \/>\n        <\/strong><\/p>\n<p>        Publi\u00e9 le<\/p>\n<p>            6 sept. 2025 \u00e0 9h10        <\/p>\n<p>\u00ab\u2009On en a fait des projections mais c\u2019est rare que ce soit aussi plein, aussi jeune et aussi f\u00e9minin.\u2009\u00bb \u00ab\u2009Et aussi militaire\u2009!\u2009\u00bb Olivier Nakache commence une phrase et \u00c9ric Toledano la compl\u00e8te. Jeudi 4\u00a0septembre 2025, devant l\u2019\u00e9cran g\u00e9ant plant\u00e9 au pied du <a href=\"https:\/\/actu.fr\/ile-de-france\/paris_75056\/paris-le-dome-des-invalides-comme-vous-ne-l-avez-jamais-vu_60110243.html\" target=\"_blank\" rel=\"noopener\">D\u00f4me des Invalides<\/a> \u00e0 Paris (7e), les deux r\u00e9alisateurs du Sens de la f\u00eate n\u2019ont pas manqu\u00e9 le rendez-vous fix\u00e9 par le gouverneur militaire de Paris. Celui-ci organise du 4 au 6\u00a0septembre son \u00e9v\u00e9nement caritatif <strong>\u00ab\u2009Les Invalides font leur cin\u00e9ma\u2009!\u2009\u00bb<\/strong> visant \u00e0 r\u00e9colter des fonds au profit du Comit\u00e9 de l\u2019Entraide D\u00e9fense (CED), qui vient en aide <a href=\"https:\/\/actu.fr\/ile-de-france\/paris_75056\/culture-handicap-et-resilience-a-paris-bientot-une-rampe-d-acces-pour-rendre-les-invalides-aux-invalides_60986705.html\" target=\"_blank\" rel=\"noopener\">aux soldats bless\u00e9s<\/a> et familles endeuill\u00e9es.<\/p>\n<p>Toucher un nouveau public<\/p>\n<p class=\" wall-content\">Devant le duo de cin\u00e9astes indissociables et sous un ciel couvert, pr\u00e8s de 1\u2009000 personnes sont venues assister \u00e0 la premi\u00e8re projection de <strong>cette cinqui\u00e8me \u00e9dition<\/strong>. Soit, la capacit\u00e9 d\u2019accueil maximal du site. \u00ab\u2009On l\u2019a vu sur Insta\u2009!\u2009\u00bb annoncent en ch\u0153ur les six amis venus en bande des quatre coins de Paris. Ils n\u2019ont aucun lien particulier avec l\u2019arm\u00e9e, n\u2019\u00e9taient jamais venus aux Invalides et pourtant n\u2019ont pas h\u00e9sit\u00e9 \u00e0 r\u00e9server leur soir\u00e9e pour assister \u00e0 la s\u00e9ance en plein air. \u00ab\u2009Les Invalides, c\u2019est un cadre g\u00e9nial\u2009\u00bb, t\u00e9moigne l\u2019une du groupe. Une autre abonde\u2009: \u00ab\u2009Le cin\u00e9ma en ext\u00e9rieur, c\u2019est vraiment cool.\u2009\u00bb<\/p>\n<p class=\" wall-content\">\u00ab\u2009Avec cet \u00e9v\u00e9nement caritatif, qui lance d\u2019ailleurs tous les autres de l\u2019ann\u00e9e qui arrive, nous touchons un public pas tr\u00e8s familier du milieu de la D\u00e9fense, des Invalides. C\u2019est un public nouveau\u2009\u00bb, souligne le g\u00e9n\u00e9ral de corps d\u2019arm\u00e9e Lo\u00efc Mizon, gouverneur militaire de Paris. Lui aussi s\u2019est r\u00e9joui de constater qu\u2019il \u00e9tait \u00ab\u2009tr\u00e8s jeune et tr\u00e8s f\u00e9minis\u00e9\u2009\u00bb. Surtout, <strong>il ne cesse de grossir.<\/strong> Une seule projection \u00e9tait propos\u00e9e les premi\u00e8res ann\u00e9es jusqu\u2019en 2023 o\u00f9 deux soir\u00e9es \u00e0 750 personnes et une \u00e0 1\u2009000 ont \u00e9t\u00e9 organis\u00e9es. Depuis 2024, la jauge maximale des 1\u2009000 spectateurs est mise en place et atteinte \u00e0 chaque fois les trois soirs.<\/p>\n<p class=\" wall-content\">L\u2019\u00e9v\u00e9nement, en partenariat avec la mairie du 7e arrondissement, a \u00e9t\u00e9 annonc\u00e9 en plein mois d\u2019ao\u00fbt mais deux semaines ont suffi pour \u00e9couler toutes les places. Cette ann\u00e9e, le total de la recette est estim\u00e9 \u00e0<strong> 28\u2009600\u00a0euros<\/strong>, a minima. Viendront ensuite les dons sur place et en ligne qui s\u2019\u00e9l\u00e8vent en moyenne \u00e0 1\u2009500\u00a0euros. Pr\u00e8s de 100\u2009000\u00a0euros ont \u00e9t\u00e9 ainsi r\u00e9colt\u00e9s pour le CED depuis la premi\u00e8re projection.<\/p>\n<p>Une s\u00e9lection de films par th\u00e9matique<\/p>\n<p class=\" wall-content\">Entre le cadre, la publicit\u00e9 sur les r\u00e9seaux sociaux et le bouche \u00e0 oreille, l\u2019\u00e9v\u00e9nement caritatif est vite devenu le ph\u00e9nom\u00e8ne de la rentr\u00e9e ne se bornant pas aux limites du 7e arrondissement. Le choix des films \u00e0 l\u2019affiche y est aussi pour quelque chose. <strong>L\u2019association Cin\u00e9 d\u2019hier<\/strong> se charge de la logistique et de la s\u00e9lection de ces derniers. Jeudi soir, les spectateurs ont assist\u00e9 \u00e0 la projection du Sens de la f\u00eate, vendredi a \u00e9t\u00e9 pr\u00e9sent\u00e9 Agents tr\u00e8s sp\u00e9ciaux avant le film \u00e0 succ\u00e8s de l\u2019an pass\u00e9 Le Comte de Monte Cristo, samedi soir.<\/p>\n<p class=\" wall-content\">Une th\u00e9matique est toujours d\u00e9sign\u00e9e pour les s\u00e9lectionner. En 2024 par exemple, apr\u00e8s un \u00e9t\u00e9 olympique, le sport avait \u00e9t\u00e9 mis \u00e0 l\u2019honneur avec la projection d\u2019Invictus. Les trois Mousquetaires avait \u00e9galement \u00e9t\u00e9 pr\u00e9sent\u00e9. <a href=\"https:\/\/actu.fr\/cinema\/ile-de-france-ou-ont-ete-tournees-les-scenes-du-film-les-trois-mousquetaires-d-artagnan_58669860.html\" target=\"_blank\" rel=\"noopener\">L\u2019une des s\u00e9quence du film avait \u00e9t\u00e9 tourn\u00e9e dans l\u2019h\u00f4tel des Invalides<\/a>. \u00ab\u2009Cette ann\u00e9e, on est rest\u00e9 sur la th\u00e9matique Dumas\u2009\u00bb, indiquent les organisateurs. \u00ab\u2009C\u2019est une exp\u00e9rience unique de voir un film dans un tel cadre, si prestigieux. Voir Top Gun ici, <strong>\u00e7a a de la gueule quand m\u00eame<\/strong>\u2009\u00bb, rappelle Christophe Poisson, adjoint \u00e0 la maire du 7e charg\u00e9 de la culture.<\/p>\n<p>Votre r\u00e9gion, votre actu !<\/p>\n<p>Recevez chaque jour les infos qui comptent pour vous.<\/p>\n<p>\t<a href=\"https:\/\/actu.fr\/newsletter\" class=\"ac-btn ac-btn--corner ac-btn--medium ac-btn--blue800\" target=\"_blank\" rel=\"noopener\">S&rsquo;incrire<\/a><\/p>\n<p class=\" wall-content\">Jeudi soir, certaines chaises sont rest\u00e9es vides en raison de <a href=\"https:\/\/actu.fr\/ile-de-france\/paris_75056\/des-orages-et-phenomenes-violents-approchent-meteo-france-place-paris-et-l-ile-de-france-en-vigilance_63109935.html\" target=\"_blank\" rel=\"noopener\">la m\u00e9t\u00e9o mitig\u00e9e<\/a> annonc\u00e9e par M\u00e9t\u00e9o France. La pluie s\u2019est d\u2019ailleurs invit\u00e9e quelques minutes au beau milieu du long m\u00e9trage, poussant une partie de l\u2019assistance \u00e0 se r\u00e9fugier sous le D\u00f4me et \u00e0 en chasser une autre. \u00ab\u2009Il ne pleuvait pas normalement\u2009\u00bb, s\u2019\u00e9trangle Alexi sous son gilet bleu marine pour seul rempart aux gouttes. \u00ab\u2009On attend que \u00e7a se calme et on va voir ce qu\u2019on fait\u2009\u00bb, pr\u00e9vient-elle sur le pas des grilles de la place Vauban. D\u2019autres, plus pr\u00e9voyants, avaient le parapluie dans la manche. Sans doute les m\u00eames qui avaient d\u00e9gain\u00e9 les sandwichs avant le lancement des premi\u00e8res images \u00e0 21\u2009h.<\/p>\n<p>\u00ab\u2009Revenez\u2009!\u2009\u00bb<\/p>\n<p class=\" wall-content\">Pour les d\u00e9serteurs de la cour ou les absents, ils \u00e9taient pr\u00e9venus\u2009: il n\u2019y aura pas de remboursement. Les places r\u00e9serv\u00e9es ne sont effectivement pas des achats \u00e0 proprement parler mais bien des dons. <strong>La pluie n\u2019\u00e9tant \u00ab\u2009pas un facteur limitant<\/strong>, les gens doivent accepter de se faire mouiller\u2009\u00bb. Le vent en revanche, aurait pu contraindre les organisateurs \u00e0 annuler l\u2019\u00e9v\u00e9nement du fait de l\u2019utilisation d\u2019un \u00e9cran gonfl\u00e9. Mais cela n\u2019est arriv\u00e9 qu\u2019une fois en cinq ans.<\/p>\n<p class=\" wall-content\">Tant pis pour les cheveux et la veste mouill\u00e9s, Ignace adore le concept. Lui aussi foule le gravier de la cour du D\u00f4me pour la premi\u00e8re fois. Cela n\u2019aurait pas d\u00fb se produire pourtant. L\u2019\u00e9v\u00e9nement se d\u00e9roule d\u2019ordinaire dans <strong>la cour d\u2019honneur des Invalides<\/strong>. La c\u00e9r\u00e9monie d\u2019adieu aux armes du colonel Brukhard, en pr\u00e9sence d\u2019Emmanuel Macron, devait se produire vendredi 5\u00a0septembre d\u2019une part. D\u2019autre part, le lancement des travaux de r\u00e9fection des lieux a forc\u00e9 la d\u00e9localisation \u00ab\u2009en zone sud\u2009\u00bb.<\/p>\n<p class=\" wall-content\">Le chantier qui se poursuivra indubitablement l\u2019\u00e9t\u00e9 prochain devrait occasionner <strong>une nouvelle \u00e9dition place Vauban<\/strong>. Le placement des chaises en largeur plut\u00f4t qu\u2019en longueur, le gravier au lieu du pav\u00e9 et la verdure des arbres en opposition \u00e0 l\u2019aust\u00e9rit\u00e9 des colonnes\u2026 Cet emplacement est peut-\u00eatre plus appropri\u00e9 pour un public de non-inti\u00e9s. Cour du D\u00f4me ou cour d\u2019honneur, une chose est s\u00fbre pour Ignace\u2009: il reviendra. \u00ab\u2009Revenez aux Invalides, revenez dans cette institution, revenez en famille, entre amis. Revenez\u2009!\u2009\u00bb avait d\u2019ailleurs appuy\u00e9 Christophe Poisson en pr\u00e9ambule de la projection.<\/p>\n<p class=\" wall-content\">Personnalisez votre actualit\u00e9 en ajoutant vos villes et m\u00e9dias en favori avec <a href=\"https:\/\/moncompte.actu.fr\" title=\"D\u00e9couvez Mon Actu\" rel=\"nofollow noopener\" data-trk=\"{&quot;cta&quot;:{&quot;action&quot;:&quot;https:\\\/\\\/moncompte.actu.fr&quot;,&quot;category&quot;:&quot;mon compte&quot;,&quot;from&quot;:&quot;article footer&quot;,&quot;name&quot;:&quot;Mon actu&quot;,&quot;type&quot;:&quot;cta&quot;}}\" target=\"_blank\">Mon Actu<\/a>.<\/p>\n","protected":false},"excerpt":{"rendered":"Par In\u00e8s Cussac Publi\u00e9 le 6 sept. 2025 \u00e0 9h10 \u00ab\u2009On en a fait des projections mais c\u2019est&hellip;\n","protected":false},"author":2,"featured_media":370094,"comment_status":"","ping_status":"","sticky":false,"template":"","format":"standard","meta":{"footnotes":""},"categories":[1888],"tags":[1111,1928,11,1927,1777,674,1011,27,41409,50433,1652,12,1926,626,1925,2551,25],"class_list":{"0":"post-370093","1":"post","2":"type-post","3":"status-publish","4":"format-standard","5":"has-post-thumbnail","7":"category-paris","8":"tag-actu","9":"tag-actu-paris","10":"tag-actualites","11":"tag-actualites-paris","12":"tag-eu","13":"tag-europe","14":"tag-fr","15":"tag-france","16":"tag-invalides","17":"tag-les-invalides","18":"tag-loisirs-culture","19":"tag-news","20":"tag-news-paris","21":"tag-paris","22":"tag-paris-news","23":"tag-patrimoine","24":"tag-republique-francaise"},"share_on_mastodon":{"url":"https:\/\/pubeurope.com\/@fr\/115156180227955744","error":""},"_links":{"self":[{"href":"https:\/\/www.europesays.com\/fr\/wp-json\/wp\/v2\/posts\/370093","targetHints":{"allow":["GET"]}}],"collection":[{"href":"https:\/\/www.europesays.com\/fr\/wp-json\/wp\/v2\/posts"}],"about":[{"href":"https:\/\/www.europesays.com\/fr\/wp-json\/wp\/v2\/types\/post"}],"author":[{"embeddable":true,"href":"https:\/\/www.europesays.com\/fr\/wp-json\/wp\/v2\/users\/2"}],"replies":[{"embeddable":true,"href":"https:\/\/www.europesays.com\/fr\/wp-json\/wp\/v2\/comments?post=370093"}],"version-history":[{"count":0,"href":"https:\/\/www.europesays.com\/fr\/wp-json\/wp\/v2\/posts\/370093\/revisions"}],"wp:featuredmedia":[{"embeddable":true,"href":"https:\/\/www.europesays.com\/fr\/wp-json\/wp\/v2\/media\/370094"}],"wp:attachment":[{"href":"https:\/\/www.europesays.com\/fr\/wp-json\/wp\/v2\/media?parent=370093"}],"wp:term":[{"taxonomy":"category","embeddable":true,"href":"https:\/\/www.europesays.com\/fr\/wp-json\/wp\/v2\/categories?post=370093"},{"taxonomy":"post_tag","embeddable":true,"href":"https:\/\/www.europesays.com\/fr\/wp-json\/wp\/v2\/tags?post=370093"}],"curies":[{"name":"wp","href":"https:\/\/api.w.org\/{rel}","templated":true}]}}