{"id":370097,"date":"2025-09-06T07:31:15","date_gmt":"2025-09-06T07:31:15","guid":{"rendered":"https:\/\/www.europesays.com\/fr\/370097\/"},"modified":"2025-09-06T07:31:15","modified_gmt":"2025-09-06T07:31:15","slug":"rachida-dati-reagit-apres-les-propos-graves-tenus-par-un-journaliste-de-france-inter","status":"publish","type":"post","link":"https:\/\/www.europesays.com\/fr\/370097\/","title":{"rendered":"Rachida Dati r\u00e9agit apr\u00e8s les \u00ab\u00a0propos graves\u00a0\u00bb tenus par un journaliste de France Inter"},"content":{"rendered":"<p>            Par<br \/>\n        <strong><br \/>\n            <a href=\"https:\/\/actu.fr\/auteur\/thomas-martin\" title=\"Consulter tous les articles de Thomas Martin\" target=\"_blank\" rel=\"noopener\">Thomas Martin<\/a><br \/>\n        <\/strong><\/p>\n<p>        Publi\u00e9 le<\/p>\n<p>            6 sept. 2025 \u00e0 8h34        <\/p>\n<p>Voil\u00e0 qui ne va pas r\u00e9concilier <a href=\"https:\/\/actu.fr\/tag\/rachida-dati\" target=\"_blank\" rel=\"noopener\">Rachida Dati<\/a> avec certains journalistes du service public. France Inter a annonc\u00e9 vendredi 6 septembre avoir suspendu d\u2019antenne son chroniqueur Thomas Legrand, apr\u00e8s la diffusion d\u2019une vid\u00e9o le montrant tenir des propos litigieux visant la ministre de la Culture devant des responsables du Parti socialiste.<\/p>\n<p>\u00ab\u00a0Nous, on fait ce qu\u2019il faut pour Dati\u00a0\u00bb<\/p>\n<p class=\" wall-content\">Au cours de cet \u00e9change r\u00e9v\u00e9l\u00e9 par le mensuel L\u2019Incorrect, M. Legrand, par ailleurs journaliste \u00e0 Lib\u00e9ration, d\u00e9clare notamment : \u00ab\u00a0Nous, on fait ce qu\u2019il faut pour Dati, Patrick (Cohen) et moi\u00a0\u00bb, c\u2019est-\u00e0-dire contre elle dans sa course \u00e0 la <a href=\"https:\/\/actu.fr\/tag\/mairie-de-paris\" target=\"_blank\" rel=\"noopener\">mairie de Paris<\/a> \u00e0 laquelle elle est <a href=\"https:\/\/actu.fr\/ile-de-france\/paris_75056\/intronisee-par-lr-pour-les-municipales-a-paris-rachida-dati-renonce-finalement-a-la-legislative-partielle_63091880.html\" target=\"_blank\" rel=\"noopener\">candidate<\/a>. Selon le journal, la vid\u00e9o a \u00e9t\u00e9 film\u00e9e en juillet, \u00e0 l\u2019insu des participants dans un restaurant parisien.<\/p>\n<p class=\" wall-content\">\u00ab\u00a0Nous avons d\u00e9cid\u00e9 de suspendre Thomas Legrand de l\u2019antenne \u00e0 titre conservatoire. Il ne sera pas \u00e0 l\u2019antenne ce dimanche\u00a0\u00bb, a r\u00e9agi France Inter.<\/p>\n<p class=\" wall-content\">Egalement chroniqueur sur France Inter, ainsi que pour France T\u00e9l\u00e9visions, Patrick Cohen est \u00e0 la table de M. Legrand aux c\u00f4t\u00e9s du secr\u00e9taire g\u00e9n\u00e9ral du PS, Pierre Jouvet, et du pr\u00e9sident du conseil national du PS, Luc Broussy. Il fait aupr\u00e8s d\u2019eux l\u2019analyse de la situation politique lors de cette rencontre informelle, en principe hors micro et cam\u00e9ra.<\/p>\n<p class=\" wall-content\">Rachida Dati, investie comme candidate des R\u00e9publicains \u00e0 la mairie de Paris, a demand\u00e9 que des mesures soient prises envers les deux chroniqueurs.<\/p>\n<p class=\" wall-content\">\u00ab\u00a0Des journalistes du service public et Lib\u00e9ration affirment \u2018faire ce qu\u2019il faut\u2019 pour m\u2019\u00e9liminer de l\u2019\u00e9lection \u00e0 Paris. Des propos graves et contraires \u00e0 la d\u00e9ontologie qui peuvent exposer \u00e0 des sanctions. Chacun doit d\u00e9sormais prendre ses responsabilit\u00e9s\u00a0\u00bb, a-t-elle r\u00e9agi sur X.<\/p>\n<p class=\" wall-content\">\n<p class=\" wall-content\">Vendredi soir, Thomas Legrand a cependant r\u00e9cus\u00e9 aupr\u00e8s de l\u2019AFP l\u2019intention qui lui est pr\u00eat\u00e9e. \u00ab\u00a0Mon travail est de combattre les mensonges de Mme Dati et son attitude face \u00e0 la presse. Je ne la combats pas politiquement\u00a0\u00bb, a-t-il affirm\u00e9.<\/p>\n<p>Votre r\u00e9gion, votre actu !<\/p>\n<p>Recevez chaque jour les infos qui comptent pour vous.<\/p>\n<p>\t<a href=\"https:\/\/actu.fr\/newsletter\" class=\"ac-btn ac-btn--corner ac-btn--medium ac-btn--blue800\" target=\"_blank\" rel=\"noopener\">S&rsquo;incrire<\/a><\/p>\n<p class=\" wall-content\">Le journaliste n\u2019a pas souhait\u00e9 faire de commentaire sur sa suspension par France Inter.\u00a0<br \/>L\u2019Incorrect, fond\u00e9 en 2017 par des proches de Marion Mar\u00e9chal, s\u2019affirme comme \u00ab\u00a0conservateur\u00a0\u00bb et pr\u00f4ne une union des droites.<\/p>\n<p class=\" wall-content\">Les relations sont d\u00e9j\u00e0 tr\u00e8s tendues entre Rachida Dati et Patrick Cohen. Interrog\u00e9e mercredi 18 juin sur France 5 sur ses d\u00e9m\u00eal\u00e9s avec la justice et des accusations port\u00e9es contre elle, la ministre de la culture avait r\u00e9pliqu\u00e9 en mena\u00e7ant son intervieweur de d\u00e9clencher une enqu\u00eate contre lui pour des accusations de harc\u00e8lement rapport\u00e9es dans Mediapart.<\/p>\n<p class=\" wall-content\"><strong>Avec AFP<\/strong><\/p>\n<p class=\" wall-content\">Personnalisez votre actualit\u00e9 en ajoutant vos villes et m\u00e9dias en favori avec <a href=\"https:\/\/moncompte.actu.fr\" title=\"D\u00e9couvez Mon Actu\" rel=\"nofollow noopener\" data-trk=\"{&quot;cta&quot;:{&quot;action&quot;:&quot;https:\\\/\\\/moncompte.actu.fr&quot;,&quot;category&quot;:&quot;mon compte&quot;,&quot;from&quot;:&quot;article footer&quot;,&quot;name&quot;:&quot;Mon actu&quot;,&quot;type&quot;:&quot;cta&quot;}}\" target=\"_blank\">Mon Actu<\/a>.<\/p>\n","protected":false},"excerpt":{"rendered":"Par Thomas Martin Publi\u00e9 le 6 sept. 2025 \u00e0 8h34 Voil\u00e0 qui ne va pas r\u00e9concilier Rachida Dati&hellip;\n","protected":false},"author":2,"featured_media":286541,"comment_status":"","ping_status":"","sticky":false,"template":"","format":"standard","meta":{"footnotes":""},"categories":[1888],"tags":[11,4188,1777,674,1011,27,3434,12,626,316,417,1825,25],"class_list":{"0":"post-370097","1":"post","2":"type-post","3":"status-publish","4":"format-standard","5":"has-post-thumbnail","7":"category-paris","8":"tag-actualites","9":"tag-elections-municipales","10":"tag-eu","11":"tag-europe","12":"tag-fr","13":"tag-france","14":"tag-municipales-2026","15":"tag-news","16":"tag-paris","17":"tag-politique","18":"tag-rachida-dati","19":"tag-radio","20":"tag-republique-francaise"},"share_on_mastodon":{"url":"https:\/\/pubeurope.com\/@fr\/115156188111073983","error":""},"_links":{"self":[{"href":"https:\/\/www.europesays.com\/fr\/wp-json\/wp\/v2\/posts\/370097","targetHints":{"allow":["GET"]}}],"collection":[{"href":"https:\/\/www.europesays.com\/fr\/wp-json\/wp\/v2\/posts"}],"about":[{"href":"https:\/\/www.europesays.com\/fr\/wp-json\/wp\/v2\/types\/post"}],"author":[{"embeddable":true,"href":"https:\/\/www.europesays.com\/fr\/wp-json\/wp\/v2\/users\/2"}],"replies":[{"embeddable":true,"href":"https:\/\/www.europesays.com\/fr\/wp-json\/wp\/v2\/comments?post=370097"}],"version-history":[{"count":0,"href":"https:\/\/www.europesays.com\/fr\/wp-json\/wp\/v2\/posts\/370097\/revisions"}],"wp:featuredmedia":[{"embeddable":true,"href":"https:\/\/www.europesays.com\/fr\/wp-json\/wp\/v2\/media\/286541"}],"wp:attachment":[{"href":"https:\/\/www.europesays.com\/fr\/wp-json\/wp\/v2\/media?parent=370097"}],"wp:term":[{"taxonomy":"category","embeddable":true,"href":"https:\/\/www.europesays.com\/fr\/wp-json\/wp\/v2\/categories?post=370097"},{"taxonomy":"post_tag","embeddable":true,"href":"https:\/\/www.europesays.com\/fr\/wp-json\/wp\/v2\/tags?post=370097"}],"curies":[{"name":"wp","href":"https:\/\/api.w.org\/{rel}","templated":true}]}}