{"id":370098,"date":"2025-09-06T07:32:25","date_gmt":"2025-09-06T07:32:25","guid":{"rendered":"https:\/\/www.europesays.com\/fr\/370098\/"},"modified":"2025-09-06T07:32:25","modified_gmt":"2025-09-06T07:32:25","slug":"ufc-paris-2025-suivez-tous-les-combats-de-levenement-grace-a-ce-bon-plan-rmc-sport","status":"publish","type":"post","link":"https:\/\/www.europesays.com\/fr\/370098\/","title":{"rendered":"UFC Paris 2025 : suivez tous les combats de l\u2019\u00e9v\u00e9nement gr\u00e2ce \u00e0 ce bon plan RMC Sport"},"content":{"rendered":"<p class=\"paragraph text_align_left lp-f-body-02\">En t\u00eate d\u2019affiche de l\u2019UFC Paris, on retrouve le duel entre Nassourdine Imavov, num\u00e9ro deux des poids moyens, et Caio Borralho. Le Fran\u00e7ais va tout faire pour briller devant son public et conforter sa place de pr\u00e9tendant \u00e0 la ceinture. En co-main event, on retrouve le duel entre Beno\u00eet Saint-Denis et Mauricio Ruffy. L\u2019enjeu est fort pour God of War, qui risque de perdre sa place dans le top 15 des poids l\u00e9gers. Dans le reste de la carte, on retrouve les combats Bukauskas \u2013 Craig, Oki \u2013 Jones, Axel Sola \u2013 Rhys McKee et Pitbull \u2013 Keita. <b>Les combats de l\u2019UFC Paris sont diffus\u00e9s ce samedi \u00e0 partir de 20 heures 30, <\/b><a href=\"https:\/\/tidd.ly\/46m9myp\" target=\"_blank\" rel=\"sponsored noopener\"><b>en direct sur la cha\u00eene RMC SPORT 1<\/b><\/a>.<\/p>\n<p><b>Suivez l\u2019UFC Paris 2025 avec ce bon plan RMC SPORT<\/b><\/p>\n<p class=\"paragraph text_align_left lp-f-body-02\">Vous pouvez regarder l\u2019<a href=\"https:\/\/tidd.ly\/46m9myp\" target=\"_blank\" rel=\"sponsored noopener\">UFC Paris<\/a> en souscrivant l\u2019offre RMC Sport 100 % digital au prix de 9 euros par mois pendant douze mois, puis 19 euros par mois, avec un abonnement d\u2019un an. L\u2019offre RMC Sport est \u00e9galement disponible au prix de 15 euros par mois pendant douze mois, puis 25 euros par mois, sans engagement et r\u00e9siliable \u00e0 tout moment. Vous b\u00e9n\u00e9ficiez ainsi de la plus spectaculaire offre de combat en France au meilleur prix. Vous suivez tous les UFC num\u00e9rot\u00e9s et les UFC Fight Night, les plus prestigieuses organisations de MMA et le meilleur du judo. Si vous souhaitez profiter de tous les programmes RMC Sport et de 100 % des matchs de la Ligue 1 McDonald\u2019s, optez pour l\u2019offre RMC Sport + Ligue 1+ au prix de 19 euros par mois, avec un engagement d\u2019un an, ou 24 euros par mois, avec un abonnement mensuel.<\/p>\n<p class=\"paragraph text_align_left lp-f-body-02\"><b>Cliquez ici pour <\/b><a href=\"https:\/\/tidd.ly\/46m9myp\" target=\"_blank\" rel=\"sponsored noopener\"><b>regarder les combats de l\u2019UFC Paris 2025<\/b><\/a><\/p>\n","protected":false},"excerpt":{"rendered":"En t\u00eate d\u2019affiche de l\u2019UFC Paris, on retrouve le duel entre Nassourdine Imavov, num\u00e9ro deux des poids moyens,&hellip;\n","protected":false},"author":2,"featured_media":370099,"comment_status":"","ping_status":"","sticky":false,"template":"","format":"standard","meta":{"footnotes":""},"categories":[1888],"tags":[11,1777,674,1011,27,749,12,626,25,22935,6718,50434],"class_list":{"0":"post-370098","1":"post","2":"type-post","3":"status-publish","4":"format-standard","5":"has-post-thumbnail","7":"category-paris","8":"tag-actualites","9":"tag-eu","10":"tag-europe","11":"tag-fr","12":"tag-france","13":"tag-guide-shopping","14":"tag-news","15":"tag-paris","16":"tag-republique-francaise","17":"tag-rmc-sport","18":"tag-tv-streaming","19":"tag-ufc-paris-2025"},"share_on_mastodon":{"url":"https:\/\/pubeurope.com\/@fr\/115156192308622464","error":""},"_links":{"self":[{"href":"https:\/\/www.europesays.com\/fr\/wp-json\/wp\/v2\/posts\/370098","targetHints":{"allow":["GET"]}}],"collection":[{"href":"https:\/\/www.europesays.com\/fr\/wp-json\/wp\/v2\/posts"}],"about":[{"href":"https:\/\/www.europesays.com\/fr\/wp-json\/wp\/v2\/types\/post"}],"author":[{"embeddable":true,"href":"https:\/\/www.europesays.com\/fr\/wp-json\/wp\/v2\/users\/2"}],"replies":[{"embeddable":true,"href":"https:\/\/www.europesays.com\/fr\/wp-json\/wp\/v2\/comments?post=370098"}],"version-history":[{"count":0,"href":"https:\/\/www.europesays.com\/fr\/wp-json\/wp\/v2\/posts\/370098\/revisions"}],"wp:featuredmedia":[{"embeddable":true,"href":"https:\/\/www.europesays.com\/fr\/wp-json\/wp\/v2\/media\/370099"}],"wp:attachment":[{"href":"https:\/\/www.europesays.com\/fr\/wp-json\/wp\/v2\/media?parent=370098"}],"wp:term":[{"taxonomy":"category","embeddable":true,"href":"https:\/\/www.europesays.com\/fr\/wp-json\/wp\/v2\/categories?post=370098"},{"taxonomy":"post_tag","embeddable":true,"href":"https:\/\/www.europesays.com\/fr\/wp-json\/wp\/v2\/tags?post=370098"}],"curies":[{"name":"wp","href":"https:\/\/api.w.org\/{rel}","templated":true}]}}